{"id":420905,"date":"2026-02-28T04:43:27","date_gmt":"2026-02-28T04:43:27","guid":{"rendered":"https:\/\/www.europesays.com\/es\/420905\/"},"modified":"2026-02-28T04:43:27","modified_gmt":"2026-02-28T04:43:27","slug":"un-grupo-de-activistas-cuelga-en-el-louvre-la-foto-del-exprincipe-andres-tras-su-detencion-la-voz-de-galicia","status":"publish","type":"post","link":"https:\/\/www.europesays.com\/es\/420905\/","title":{"rendered":"Un grupo de activistas cuelga en el Louvre la foto del expr\u00edncipe Andr\u00e9s tras su detenci\u00f3n &#8211; La Voz de Galicia"},"content":{"rendered":"<ol>\n<li><a href=\"https:\/\/news.google.com\/rss\/articles\/CBMi6gFBVV95cUxNMDlQSm5YTElvMHRuVkpEVjZ3RENxbGVXTmJ4VzFGSG5GRHl5SGFqMjhRRkI5ZHNUN1Uwa2E0cFg5SlJlZk8zS0lKZEs0YmNYdTc5ZVh0bEFjVlE4eV9VYzMxSkVmOEtxc2JoQ3lyaGhnbVdjMzlsWGgtTGFaenp5N0ltZHlwcmFhYzFnaU0tbHVONVF1cHFxaTlrRVdyUG00Mm90TDQwVXRvOENQaGVSSEUwU1B6cU02MjhBMTFPZVV1SWZRUHBEaTR3aFpDdEpNTGdKWTNKLXRDcHdIUzVkcDFleU50UmdjWWc?oc=5\" target=\"_blank\" rel=\"nofollow noopener\">Un grupo de activistas cuelga en el Louvre la foto del expr\u00edncipe Andr\u00e9s tras su detenci\u00f3n<\/a>&nbsp;&nbsp;La Voz de Galicia<\/li>\n<li><a href=\"https:\/\/news.google.com\/rss\/articles\/CBMihgFBVV95cUxOSGczM2p2WEJFaEN2VEtwNE1aSEhuWHkwWF9WNWJsY19MRngzSllFdDNMMlZvX2NkYnE3Uk9iSy1hbDNMeWJyUE9ySzljbmZWaWN3dDNNX3hILXlVY3otZ3V0SWN4WHk3LVhRcUJkS0tOOGI2bkJwQ0hlaDRsc0lHT2EzT3puUdIBhgFBVV95cUxQNHRlWF83cXZjZExwaThKVThEVW8wdlBId2FfaUxya0JXMTNwcHh3aFA4OXNLNzR5N3BRaVVrSHlQMU9mYUJKcGg5UDVPRHprM3ZhdzRHUUVudGdUaF84dHY1TXhudW5lamdpU3VERjNSYkpBWkl5UmprQTNwRkpoczhTd1ZJQQ?oc=5\" target=\"_blank\" rel=\"nofollow noopener\">La semana de lujo del ex pr\u00edncipe Andr\u00e9s con Epstein en Nueva York: cenas con Woody Allen, encuentros con chicas j\u00f3venes, masajes exclusivos&#8230;<\/a>&nbsp;&nbsp;El Mundo<\/li>\n<li><a href=\"https:\/\/news.google.com\/rss\/articles\/CBMijAJBVV95cUxOUWg4b2w5ZkQ1TWd5YUpRWUs5SHVUcnFjV3QxdGMtUW90bzFLaVlpck5GSlVDb1U3engzNXc1SGZJTk9nR1BMOVlWVGlqVndRYklNWFFTOENONjlCVy13cVd1Q1JtYU5iQUREaE9FdFBDZUhsNlNxU3hLLXFDeXNUOGpsSlVDZXNCSnFDajNkaVNqbXd3ajl3c0h1bGxYc2dXVm5rN2d4aVVSS2JPS1FKMUlfVk5scWVJN0F6Sl9KaFROQTM3aHJ5RzVnRnhCQlphdHRWbzFRNW40TjRVWVFTMFhBa1BwbmZ2M1AzYnhHX2xOOU1PODdkUUVaUEpLVFAxOGh0ekRaT0tCVGRm?oc=5\" target=\"_blank\" rel=\"nofollow noopener\">Tertulia de Herrero: Mar\u00eda Jes\u00fas Montero no renuncia a presentar los Presupuestos<\/a>&nbsp;&nbsp;esRadio<\/li>\n<li><a href=\"https:\/\/news.google.com\/rss\/articles\/CBMi5AFBVV95cUxOX1dqT3piRDBXWmJLS2JsTFJiaERaSWU2VmxSeTh3U0c0Q2JhcGIxLTUxM0FQWkxMbUtvdjhVZUU3ajJpOXdGTWdZc01Pclh3cm5GeDVJVjdySnhKVVhucjZJbzFpUUtsVWl4VmRfUEpwZjZjN2pTcFRPY3YyS3Z2SzluTlNYTmZPa2F1VlRnd0E4cnhBNC1lT3I4ZHZXbDdhQlNRUEdaNFNqN0dTb09fUEg5V3h1Uk43ckw1QUxVVkxIZ0NxdVlGSzgwMEFUMjNvWS1ocDRSVlVod1pMRTlUR0puVnDSAfgBQVVfeXFMTmpQNlJhSFBGMjB3cXhRRWNFWmNUZTM5VDBKMnBqYXUwN3NTdTBnRTNlQjAxdmxxcThTR2Z0Ykx3OFBBQUtCZlNaZjdCSzhoN0xVdEJXckNzbkJlNy1tVC1PS0JZdkhQYnVLSHhjX3kxWUx1RVJsdWVDQURBcWZkMmdzb0ZMYnR4Z0szR1NWcXJlaTlUY2V5dm4tMXlsMnliVUhKVjItaUxGbGtLZ2ktcW9ZSklWYkJKd0RjTlg3UGcxWUxrOGVjSW44ck16d2wtVzZ0THd4OTZEVGNrbnZZRmhaQkpSdHpfOWxqRGRxYzlFVjRTTk1fS0s?oc=5\" target=\"_blank\" rel=\"nofollow noopener\">El purgatorio del expr\u00edncipe Andr\u00e9s: aislamiento, vigilancia y una vida en suspenso tras su arresto<\/a>&nbsp;&nbsp;La Raz\u00f3n<\/li>\n<li><a href=\"https:\/\/news.google.com\/rss\/articles\/CBMi-wFBVV95cUxNdG1vNWZQZ0NEbF96MElDLTlLcU9YYVhDNnNURlNJV3VpZmNaMXVSUnlaUVhiZl9DeHZ1MzZjMnhkaTBFM1Q4UE1ESnVaWEJfd2kybnZCSFkwSlUwUGxXaktDNUJ3d0R0c01NLWtua1VDTk54cmFZdFdwNEgxVDlFVVUwNHdCYXExMUZtTDJIREM4cDBjVzRfYk9Vb2ZlTWNMX2JEV0I4S0FrVjEzLTlFc3RlOTNyUVl3VGczajJoQWZWaVpmdkV2Rm1EMmJkT0JXcWIySFpSQVVsN0NOTTQ2eF83YTduX0sxaHZBd1NxbThiYUlTVzNCRW5lMA?oc=5\" target=\"_blank\" rel=\"nofollow noopener\">La Casa Real Brit\u00e1nica mantiene al expr\u00edncipe Andr\u00e9s en &#8216;arresto domiciliario&#8217; tras su detenci\u00f3n por el caso<\/a>&nbsp;&nbsp;Antena 3<\/li>\n<\/ol>\n","protected":false},"excerpt":{"rendered":"Un grupo de activistas cuelga en el Louvre la foto del expr\u00edncipe Andr\u00e9s tras su detenci\u00f3n&nbsp;&nbsp;La Voz de&hellip;\n","protected":false},"author":2,"featured_media":420906,"comment_status":"","ping_status":"","sticky":false,"template":"","format":"standard","meta":{"footnotes":""},"categories":[173],"tags":[229,233,231,230,13483,232,234,146,147,25,24,39513,41530,2444,23],"class_list":["post-420905","post","type-post","status-publish","format-standard","has-post-thumbnail","category-arte-y-diseno","tag-arte","tag-arte-y-diseno","tag-arts","tag-arts-and-design","tag-carlos-iii","tag-design","tag-diseno","tag-entertainment","tag-entretenimiento","tag-es","tag-espana","tag-jeffrey-epstein","tag-museo-del-louvre","tag-reino-unido","tag-spain"],"share_on_mastodon":{"url":"https:\/\/pubeurope.com\/@es\/116146431924721331","error":""},"_links":{"self":[{"href":"https:\/\/www.europesays.com\/es\/wp-json\/wp\/v2\/posts\/420905","targetHints":{"allow":["GET"]}}],"collection":[{"href":"https:\/\/www.europesays.com\/es\/wp-json\/wp\/v2\/posts"}],"about":[{"href":"https:\/\/www.europesays.com\/es\/wp-json\/wp\/v2\/types\/post"}],"author":[{"embeddable":true,"href":"https:\/\/www.europesays.com\/es\/wp-json\/wp\/v2\/users\/2"}],"replies":[{"embeddable":true,"href":"https:\/\/www.europesays.com\/es\/wp-json\/wp\/v2\/comments?post=420905"}],"version-history":[{"count":0,"href":"https:\/\/www.europesays.com\/es\/wp-json\/wp\/v2\/posts\/420905\/revisions"}],"wp:featuredmedia":[{"embeddable":true,"href":"https:\/\/www.europesays.com\/es\/wp-json\/wp\/v2\/media\/420906"}],"wp:attachment":[{"href":"https:\/\/www.europesays.com\/es\/wp-json\/wp\/v2\/media?parent=420905"}],"wp:term":[{"taxonomy":"category","embeddable":true,"href":"https:\/\/www.europesays.com\/es\/wp-json\/wp\/v2\/categories?post=420905"},{"taxonomy":"post_tag","embeddable":true,"href":"https:\/\/www.europesays.com\/es\/wp-json\/wp\/v2\/tags?post=420905"}],"curies":[{"name":"wp","href":"https:\/\/api.w.org\/{rel}","templated":true}]}}