{"id":420914,"date":"2026-02-28T04:50:14","date_gmt":"2026-02-28T04:50:14","guid":{"rendered":"https:\/\/www.europesays.com\/es\/420914\/"},"modified":"2026-02-28T04:50:14","modified_gmt":"2026-02-28T04:50:14","slug":"lista-oficial-en-esta-categoria","status":"publish","type":"post","link":"https:\/\/www.europesays.com\/es\/420914\/","title":{"rendered":"lista oficial en esta categor\u00eda"},"content":{"rendered":"<p><img decoding=\"async\" class=\"v-ath__i\" loading=\"lazy\" src=\"https:\/\/www.europesays.com\/es\/wp-content\/uploads\/2026\/02\/autor-7436-foto-1.jpeg\" alt=\"Ana Beatriz Mic\u00f3\"\/><\/p>\n<p>28\/02\/2026 a las 05:00h.<\/p>\n<p class=\"v-d-p\" style=\"\">Los Premios Goya celebran este s\u00e1bado, 28 de febrero, una nueva gala, en la que se reconocer\u00e1 el trabajo realizado este a\u00f1o por todos los profesionales que forman parte del sector del cine en Espa\u00f1a.<\/p>\n<p class=\"v-d-p\" style=\"\">En esta 40\u00aa edici\u00f3n, el actor Luis Tosar, ganador en tres ocasiones del Premio Goya, y la cantante Rigoberta Bandini (Paula Rib\u00f3), que tambi\u00e9n alz\u00f3 el galard\u00f3n en 2023, ser\u00e1n los encargados de presentar la ceremonia en el Auditori Forum CCIB de Barcelona.<\/p>\n<p class=\"v-d-p\" style=\"\">El acto comenzar\u00e1 a las 22.00 horas y podr\u00e1 verse en directo a trav\u00e9s de La 1, de TVE. Quienes no pueda seguirlo por televisi\u00f3n, tendr\u00e1n la opci\u00f3n de hacerlo desde su tel\u00e9fono, tablet u ordenador en la web de RTVE Play.<\/p>\n<p>\nLista oficial de las nominaciones a mejor direcci\u00f3n en los Premios Goya 2026\n<\/p>\n<p class=\"v-d-p\" style=\"\">En el coraz\u00f3n de cada pel\u00edcula que llega a los Premios Goya hay una figura que rara vez aparece en pantalla, pero cuya huella est\u00e1 presente en cada plano: el director. Este profesional es quien imagina una pel\u00edcula antes de que exista y pone todo su empe\u00f1o en transformar una historia en cine, guiando a todo un equipo.<\/p>\n<p class=\"v-d-p\" style=\"\">Dada su importancia, no es de extra\u00f1ar que una de la 28 categor\u00edas est\u00e9 dedicada a los directores. A continuaci\u00f3n, te mostramos la lista oficial de las nominaciones a mejor direcci\u00f3n:<\/p>\n<ol class=\"v-u v-u--t1\">\n<li class=\"v-u__l\">\n<p>1<\/p>\n<p>Alauda Ruiz de Az\u00faa &#8211; &#8216;Los Domingos&#8217;<\/p>\n<\/li>\n<\/ol>\n<p><img decoding=\"async\" loading=\"lazy\" src=\"https:\/\/www.europesays.com\/es\/wp-content\/uploads\/2026\/02\/1504494331-kZoC--609x426@diario_abc.jpg\" class=\"v-a-img\" alt=\"La directora y guionista Alauda Ruiz de Az\u00faa.\" data-voc-vtm-id=\"in-text-traffic\" width=\"609\" height=\"426\"\/><\/p>\n<p>La directora y guionista Alauda Ruiz de Az\u00faa.<\/p>\n<p>(EFE \/ Daniel Gonz\u00e1lez)<\/p>\n<p class=\"v-d-p\" style=\"\">Alauda Ruiz de Az\u00faa, directora y guionista nacida en Baracaldo, es cofundadora de Igloo Films. Llega a los Premios Goya 2026 como la creadora de la pel\u00edcula &#8216;Los Domingos&#8217;, la gran favorita del certamen con 13 nominaciones y con la que conquist\u00f3 la Concha de Oro en 2025. Adem\u00e1s, sabe lo que es levantar &#8216;el Cabez\u00f3n&#8217;, pues en la edici\u00f3n anterior gan\u00f3 el Goya a mejor direcci\u00f3n novel por &#8216;Cinco lobitos&#8217;.<\/p>\n<p><img decoding=\"async\" loading=\"lazy\" src=\"https:\/\/www.europesays.com\/es\/wp-content\/uploads\/2026\/02\/1505145030 (1)-kZoC--609x426@diario_abc.jpg\" class=\"v-a-img\" alt=\"Oliver Laxe, cineasta espa\u00f1ol.\" data-voc-vtm-id=\"in-text-traffic\" width=\"609\" height=\"426\"\/><\/p>\n<p>Oliver Laxe, cineasta espa\u00f1ol.<\/p>\n<p>(Frederic J. Brown \/ AFP)<\/p>\n<p class=\"v-d-p\" style=\"\">Oliver Laxe, cineasta espa\u00f1ol nacido en Par\u00eds y criado en Galicia, ha desarrollado gran parte de su obra en Marruecos y suma cuatro premios en Cannes. Tras formarse en la Pompeu Fabra y rodar en Londres y T\u00e1nger, debut\u00f3 con Todos vosotros sois capitanes. En 2026, llega a los Goya con Sirat, tras el \u00e9xito internacional de &#8216;Mimosas&#8217;.<\/p>\n<ol class=\"v-u v-u--t1\">\n<li class=\"v-u__l\">\n<p>3<\/p>\n<p>Aitor Arregi y Jos\u00e9 Mari Goenaga &#8211; &#8216;Maspalomas&#8217;<\/p>\n<\/li>\n<\/ol>\n<p><img decoding=\"async\" loading=\"lazy\" src=\"https:\/\/www.europesays.com\/es\/wp-content\/uploads\/2026\/02\/aitor-kZoC--609x426@diario_abc.jpg\" class=\"v-a-img\" alt=\"Los directores Jos\u00e9 Mari Goenaga (d) y Aitor Arregi (i).\" data-voc-vtm-id=\"in-text-traffic\" width=\"609\" height=\"426\"\/><\/p>\n<p>Los directores Jos\u00e9 Mari Goenaga (d) y Aitor Arregi (i).<\/p>\n<p>(abc)<\/p>\n<p class=\"v-d-p\" style=\"\">Aitor Arregi y Jos\u00e9 Mari Goenaga, cineastas vascos de la productora Moriarti, son autores de pel\u00edculas aclamadas como &#8216;Loreak&#8217;, &#8216;Handia&#8217; y &#8216;La trinchera infinita&#8217;. En 2025 estrenaron &#8216;Maspalomas&#8217;, una historia sobre la vejez y la identidad que obtuvo el Premio Sebastiane y con la que pretenden deslumbrar en los Premios Goya, donde cuenta con 9 nominaciones.<\/p>\n<ol class=\"v-u v-u--t1\">\n<li class=\"v-u__l\">\n<p>4<\/p>\n<p>Carla Sim\u00f3n &#8211; &#8216;Romer\u00eda&#8217;<\/p>\n<\/li>\n<\/ol>\n<p><img decoding=\"async\" loading=\"lazy\" src=\"https:\/\/www.europesays.com\/es\/wp-content\/uploads\/2026\/02\/1499960672-kZoC--609x426@diario_abc.jpg\" class=\"v-a-img\" alt=\"La directora Carla Sim\u00f3n.\" data-voc-vtm-id=\"in-text-traffic\" width=\"609\" height=\"426\"\/><\/p>\n<p>La directora Carla Sim\u00f3n.<\/p>\n<p>(Ignacio Gil)<\/p>\n<p class=\"v-d-p\" style=\"\">Carla Sim\u00f3n Pip\u00f3 (Barcelona) es una de las figuras m\u00e1s singulares del cine espa\u00f1ol. Su debut, &#8216;Estiu 1993&#8217;, ya la llev\u00f3 a representar a Espa\u00f1a en los \u00d3scar, y &#8216;Alcarr\u00e0s&#8217; la consagr\u00f3 con un Oso de Oro en la Berlinale. En 2025, recibi\u00f3 la Creu de Sant Jordi, un reconocimiento a una trayectoria que no deja de crecer. Ahora est\u00e1 nominada a mejor direcci\u00f3n en los PremiosGoya 2026 por &#8216;Romer\u00eda&#8217;, que tiene un total de seis nominaciones.<\/p>\n<ol class=\"v-u v-u--t1\">\n<li class=\"v-u__l\">\n<p>5<\/p>\n<p>Albert Serra &#8211; &#8216;Tardes de soledad&#8217;<\/p>\n<\/li>\n<\/ol>\n<p><img decoding=\"async\" loading=\"lazy\" src=\"https:\/\/www.europesays.com\/es\/wp-content\/uploads\/2026\/02\/1486509923-kZoC--609x426@diario_abc.jpg\" class=\"v-a-img\" alt=\"El director Albert Serra.\" data-voc-vtm-id=\"in-text-traffic\" width=\"609\" height=\"426\"\/><\/p>\n<p>El director Albert Serra.<\/p>\n<p>(EFE\/Javier Etxezarreta)<\/p>\n<p class=\"v-d-p\" style=\"\">Albert Serra (Ba\u00f1olas, Gerona), ha construido una filmograf\u00eda marcada por Cannes, Locarno y el reconocimiento internacional con t\u00edtulos como &#8216;Honor de cavalleria&#8217;, &#8216;Historia de la meva mort&#8217; o &#8216;Pacifiction&#8217;. En 2024 gan\u00f3 la Concha de Oro con &#8216;Tardes de soledad&#8217;, pel\u00edcula sobre el torero Roca Rey que ahora llega a los Goya 2026 con dos nominaciones.<\/p>\n","protected":false},"excerpt":{"rendered":"28\/02\/2026 a las 05:00h. Los Premios Goya celebran este s\u00e1bado, 28 de febrero, una nueva gala, en la&hellip;\n","protected":false},"author":2,"featured_media":420915,"comment_status":"","ping_status":"","sticky":false,"template":"","format":"standard","meta":{"footnotes":""},"categories":[91],"tags":[3076,15695,1568,4796,146,147,25,24,3980,12182,1684,23219,289,532,23],"class_list":["post-420914","post","type-post","status-publish","format-standard","has-post-thumbnail","category-entretenimiento","tag-3076","tag-candidatos","tag-categoria","tag-direccion","tag-entertainment","tag-entretenimiento","tag-es","tag-espana","tag-goya","tag-lista","tag-mejor","tag-nominados","tag-oficial","tag-premios","tag-spain"],"share_on_mastodon":{"url":"https:\/\/pubeurope.com\/@es\/116146459514795315","error":""},"_links":{"self":[{"href":"https:\/\/www.europesays.com\/es\/wp-json\/wp\/v2\/posts\/420914","targetHints":{"allow":["GET"]}}],"collection":[{"href":"https:\/\/www.europesays.com\/es\/wp-json\/wp\/v2\/posts"}],"about":[{"href":"https:\/\/www.europesays.com\/es\/wp-json\/wp\/v2\/types\/post"}],"author":[{"embeddable":true,"href":"https:\/\/www.europesays.com\/es\/wp-json\/wp\/v2\/users\/2"}],"replies":[{"embeddable":true,"href":"https:\/\/www.europesays.com\/es\/wp-json\/wp\/v2\/comments?post=420914"}],"version-history":[{"count":0,"href":"https:\/\/www.europesays.com\/es\/wp-json\/wp\/v2\/posts\/420914\/revisions"}],"wp:featuredmedia":[{"embeddable":true,"href":"https:\/\/www.europesays.com\/es\/wp-json\/wp\/v2\/media\/420915"}],"wp:attachment":[{"href":"https:\/\/www.europesays.com\/es\/wp-json\/wp\/v2\/media?parent=420914"}],"wp:term":[{"taxonomy":"category","embeddable":true,"href":"https:\/\/www.europesays.com\/es\/wp-json\/wp\/v2\/categories?post=420914"},{"taxonomy":"post_tag","embeddable":true,"href":"https:\/\/www.europesays.com\/es\/wp-json\/wp\/v2\/tags?post=420914"}],"curies":[{"name":"wp","href":"https:\/\/api.w.org\/{rel}","templated":true}]}}