{"id":420936,"date":"2026-02-28T05:11:08","date_gmt":"2026-02-28T05:11:08","guid":{"rendered":"https:\/\/www.europesays.com\/es\/420936\/"},"modified":"2026-02-28T05:11:08","modified_gmt":"2026-02-28T05:11:08","slug":"mario-garcia-romo-regresa-para-disputar-los-campeonatos-de-espana-en-pista-cubierta-deportes","status":"publish","type":"post","link":"https:\/\/www.europesays.com\/es\/420936\/","title":{"rendered":"Mario Garc\u00eda Romo regresa para disputar los campeonatos de Espa\u00f1a en pista cubierta | Deportes"},"content":{"rendered":"<p class=\"\">\u201c\u00a1La gente de Salamanca somos muy fuertes!\u201d, <a href=\"https:\/\/elpais.com\/deportes\/2022-08-19\/mario-garcia-romo-medallista-en-1500m-en-los-proximos-anos-voy-a-luchar-por-todo.html\" target=\"_self\" rel=\"nofollow noopener\" title=\"https:\/\/elpais.com\/deportes\/2022-08-19\/mario-garcia-romo-medallista-en-1500m-en-los-proximos-anos-voy-a-luchar-por-todo.html\">exclama Mario Garc\u00eda Romo, mediofondista herido y sentimental <\/a>que regresa a la competici\u00f3n en Espa\u00f1a 20 meses despu\u00e9s de quedar tercero en los 1.500m de los Nacionales de 2024. \u201cY llego con muchas ganas de volver a competir\u201d, dice Romo, de 26 a\u00f1os, <a href=\"https:\/\/elpais.com\/deportes\/2024-01-01\/el-atleta-mario-garcia-romo-trabaja-la-resistencia-en-la-niebla.html\" target=\"_self\" rel=\"nofollow noopener\" title=\"https:\/\/elpais.com\/deportes\/2024-01-01\/el-atleta-mario-garcia-romo-trabaja-la-resistencia-en-la-niebla.html\">desde Boulder, en Colorado (Estados Unidos), donde vive <\/a>y desde donde ha viajado a Valencia para disputar este fin de semana (s\u00e1bado, 11.25, semifinales; domingo, 11.20, final, todo en Tdp) los 1.500m del Campeonato de Espa\u00f1a en pista cubierta. \u201c2026 es un a\u00f1o con muchos campeonatos. Mundial en pista cubierta, Europeo al aire libre, Ultimate en Budapest\u2026 Es una temporada muy atractiva. Muchos objetivos y muchas ganas de afrontarlos. Estoy muy lejos de mi nivel de los \u00faltimos a\u00f1os pero poco a poco me estoy encontrando mejor\u201d. <\/p>\n<p class=\"\">La herida antes que el sentimiento de olvido, la ausencia. Un dolor antes de los Juegos de Par\u00eds, en los que compiti\u00f3 lesionado. Promesas de empezar de cero, m\u00e1s fuerte que nunca, 2025, un a\u00f1o con Europeos en pista cubierta y Mundial al aire libre. Desde cero para volver a ser el atleta que fue cuarto y sexto en los Mundiales de 2022 y 2023, bronce en los Europeos de 2022; el tercer atleta espa\u00f1ol (3m 29,18s) en el ranking hist\u00f3rico de 1.500m, <a href=\"https:\/\/elpais.com\/deportes\/2021-07-13\/el-atleta-de-moda-en-el-mundo-mohamed-katir-tres-records-en-33-dias.html\" target=\"_self\" rel=\"nofollow noopener\" title=\"https:\/\/elpais.com\/deportes\/2021-07-13\/el-atleta-de-moda-en-el-mundo-mohamed-katir-tres-records-en-33-dias.html\">tras los 3m 28,76s de Mo Katir <\/a>y los 2m 28,95s de Ferm\u00edn Cacho. El \u00fanico atleta espa\u00f1ol en activo que ha bajado de 3m 30s en la distancia reina del atletismo. Una enfermedad grave del padre a miles de kil\u00f3metros de distancia, en Villar de Gallimazo, en las tierras de Pe\u00f1aranda, donde el verde ya colorea los campos de cereal. Un crujido en la rodilla y una cintilla iliotibial rebelde. Una bacteria en el est\u00f3mago que le deja sin capacidad de recuperaci\u00f3n, an\u00e9mico. Tratamiento fuerte con antibi\u00f3ticos. Y 2025 se qued\u00f3 en nada de nada. <\/p>\n<p class=\"\">\u201cLos deportistas de alto nivel caminamos sobre una l\u00ednea muy delgada entre entrenar y recuperar al m\u00e1ximo nivel posible\u201d, reflexiona en conversaci\u00f3n telef\u00f3nica. \u201cLa primavera pasada hice el mejor bloque de entrenamiento de mi vida, pero, a finales, por una combinaci\u00f3n de varias circunstancias mi cuerpo empez\u00f3 a reaccionar de una forma diferente al entrenamiento. No recuperaba como deb\u00eda y eso me llev\u00f3 a unos problemas f\u00edsicos en la cinta iliotibial y tambi\u00e9n, sobre todo, a encontrarme siempre muy bajo de energ\u00eda. No compet\u00eda nada bien. Como nada era normal, hicimos una pruebas m\u00e9dicas que nos dijeron que deb\u00eda dejar de entrenar unos d\u00edas, y volver muy poquito a poco. As\u00ed, en julio entren\u00e9 con las chicas del equipo, a su ritmo. Finalmente, ni entren\u00e9 ni compet\u00ed como deb\u00eda. Pero, bueno, son cosas de la vida. No me puedo quejar: hasta la lesi\u00f3n de antes de Par\u00eds llevaba una carrera bastante saludable\u201d.<\/p>\n<p class=\"\">Los sentimientos. \u201cEl atletismo es un deporte que se caracteriza por emociones, much\u00edsimas emociones diferentes\u201d, avisa. \u00bfAnsiedad? \u201cAnsiedad, no. Siento una emoci\u00f3n dif\u00edcil de explicar. Envidia, ser\u00eda la emoci\u00f3n correcta. No de los compa\u00f1eros, rivales que lo merecen mucho, sino de que ellos puedan competir y yo no\u201d, dice; \u201cpor encima de todo, me gusta mucho competir, y ser parte del espect\u00e1culo del atletismo. Ver las carreras, ver a la gente correr tan r\u00e1pido, son cosas que como fan del atletismo me resultan espectaculares, incre\u00edbles, as\u00ed que imag\u00ednate ser parte de ello\u201d.<\/p>\n<p class=\"\">Como espectador televisivo, la emoci\u00f3n m\u00e1s intensa, \u00edntima, la vivi\u00f3 durante los menos de dos minutos que Donavan Brazier gast\u00f3 para ganar el pasado agosto los 800m del campeonato de Estados Unidos por delante del meteoro juvenil Cooper Lutkenhaus, \u201cun chaval de 16 a\u00f1os que se meti\u00f3 en la final por los pelos. Y pensar que ahora mismo se ha convertido en uno de los mejores del mundo\u2026 es una historia incre\u00edble\u201d. \u201cFue una de las mejores carreras que he visto en mi vida. Un atleta al que apenas conozco, con tres cirug\u00edas en el pie en tres a\u00f1os. Llevaba sin correr una temporada completa desde 2019\u2026 Y gana con casi 30 a\u00f1os el campeonato a un ni\u00f1o y con marca personal\u2026 1.42.16\u201d, relata. \u201cEs una historia\u2026 Viendo la carrera con mis compa\u00f1eros casi se me saltaban las l\u00e1grimas. Representa el viaje que muchos atletas tienen. Cuando veo a alguien que ha luchado tanto en los \u00faltimos a\u00f1os conseguir algo tan grande y, sobre todo, ver que el trabajo da sus frutos\u2026 Es lo m\u00e1s bonito que hay. Y me motiva mucho y me dan m\u00e1s ganas de seguir, y fuerzas\u201d. <\/p>\n<p class=\"\">\u00bfMiedo al olvido, a que nadie piense en la ausencia? \u201cNo es cruel el olvido, no lo sufro, lo entiendo\u201d, dice. \u201cAs\u00ed funciona el mundo. Hay muchos atletas y no se puede prestar atenci\u00f3n a todos. Y los que est\u00e1n consiguiendo los mejores resultados son los que merecen los titulares y las portadas. No se los vamos a quitar otros. Los atletas no estamos en esto por ver nuestro nombre en un art\u00edculo de prensa, sino porque nos encanta. Todos empezamos con siete u ocho a\u00f1os o de adolescentes, y creo que lo hacemos por razones diferentes. Y dicho esto, tambi\u00e9n me gusta que la gente me eche de menos, porque significa que es importante lo que he conseguido. \u2018Algo habr\u00e1s hecho bien, \u00bfno, Mario?\u2019, me digo cuando me recuerdan\u201d.<\/p>\n<p class=\"\">En el tart\u00e1n del vel\u00f3dromo de Valencia en el que Pogacar hace ensayos aerodin\u00e1micos, se hablar\u00e1 m\u00e1s este fin de semana de Quique Llopis, figura mundial de las vallas, o de la velocista Ja\u00ebl Bestu\u00e9, que lleva un invierno at\u00f3mico, y de Marta Garc\u00eda, en gran forma, que dobla 1.500m y 3.000m, o de David Barroso, Moha Attaoui, Josu\u00e9 Canales, Roc\u00edo Arroyo, Marta Mitjans, Daniela Garc\u00eda, y los dem\u00e1s del 800m, las pruebas estrella, o el 1.500m de Mario Garc\u00eda Romo en el que ya se asientan dos del 800m, Adri\u00e1n Ben y Mariano Garc\u00eda. Pero tambi\u00e9n habr\u00e1 hueco para el galgo de Villar de Gallimazo que estudi\u00f3 en Estados Unidos, y all\u00ed se qued\u00f3, trabajando y entrenando. \u201cEl mayor sacrificio, el \u00fanico sacrificio, es el no poder estar con mi familia y con mis amigos, que son las personas m\u00e1s importantes para m\u00ed. Podr\u00eda estar entrenando tambi\u00e9n en Espa\u00f1a, pero mi grupo de entrenamiento, mi entrenador, mi casa, los tengo aqu\u00ed, en Boulder\u201d, dice. \u201cEstoy en un cap\u00edtulo de mi vida que se desarrolla aqu\u00ed. El deporte de resistencia exige sacrificio. Es lo que hay\u201d. <a href=\"https:\/\/elpais.com\/deportes\/2024-03-31\/atletas-espanoles-en-las-universidades-de-estados-unidos-erasmus-con-zapatillas-de-clavos.html\" target=\"_self\" rel=\"nofollow noopener\" title=\"https:\/\/elpais.com\/deportes\/2024-03-31\/atletas-espanoles-en-las-universidades-de-estados-unidos-erasmus-con-zapatillas-de-clavos.html\">Y en Valencia se abrazar\u00e1 a su vecina de Pe\u00f1aranda de Bracamonte Lorena Mart\u00edn, <\/a>que tambi\u00e9n estudi\u00f3 en Estados Unidos, tambi\u00e9n ha estado lesionada desde los Juegos de Par\u00eds, y regresa para correr 1.500m tambi\u00e9n. Y para gritar, junto a Romo, \u00a1qu\u00e9 fuertes somos los de Salamanca! Y tambi\u00e9n saben que los a\u00f1os malos les har\u00e1n a\u00fan m\u00e1s fuertes.<\/p>\n","protected":false},"excerpt":{"rendered":"\u201c\u00a1La gente de Salamanca somos muy fuertes!\u201d, exclama Mario Garc\u00eda Romo, mediofondista herido y sentimental que regresa a&hellip;\n","protected":false},"author":2,"featured_media":420937,"comment_status":"","ping_status":"","sticky":false,"template":"","format":"standard","meta":{"footnotes":""},"categories":[93],"tags":[89761,928,11485,89762,168,927,25,24,89759,89760,39056,23,167],"class_list":["post-420936","post","type-post","status-publish","format-standard","has-post-thumbnail","category-deportes","tag-1500-metros-lisos","tag-atletas","tag-atletismo","tag-campeonato-espana","tag-deportes","tag-deportistas","tag-es","tag-espana","tag-lorena-martin","tag-mario-garcia-romo","tag-pista-cubierta","tag-spain","tag-sports"],"share_on_mastodon":{"url":"https:\/\/pubeurope.com\/@es\/116146542034928357","error":""},"_links":{"self":[{"href":"https:\/\/www.europesays.com\/es\/wp-json\/wp\/v2\/posts\/420936","targetHints":{"allow":["GET"]}}],"collection":[{"href":"https:\/\/www.europesays.com\/es\/wp-json\/wp\/v2\/posts"}],"about":[{"href":"https:\/\/www.europesays.com\/es\/wp-json\/wp\/v2\/types\/post"}],"author":[{"embeddable":true,"href":"https:\/\/www.europesays.com\/es\/wp-json\/wp\/v2\/users\/2"}],"replies":[{"embeddable":true,"href":"https:\/\/www.europesays.com\/es\/wp-json\/wp\/v2\/comments?post=420936"}],"version-history":[{"count":0,"href":"https:\/\/www.europesays.com\/es\/wp-json\/wp\/v2\/posts\/420936\/revisions"}],"wp:featuredmedia":[{"embeddable":true,"href":"https:\/\/www.europesays.com\/es\/wp-json\/wp\/v2\/media\/420937"}],"wp:attachment":[{"href":"https:\/\/www.europesays.com\/es\/wp-json\/wp\/v2\/media?parent=420936"}],"wp:term":[{"taxonomy":"category","embeddable":true,"href":"https:\/\/www.europesays.com\/es\/wp-json\/wp\/v2\/categories?post=420936"},{"taxonomy":"post_tag","embeddable":true,"href":"https:\/\/www.europesays.com\/es\/wp-json\/wp\/v2\/tags?post=420936"}],"curies":[{"name":"wp","href":"https:\/\/api.w.org\/{rel}","templated":true}]}}