{"id":42094,"date":"2025-08-12T08:35:08","date_gmt":"2025-08-12T08:35:08","guid":{"rendered":"https:\/\/www.europesays.com\/es\/42094\/"},"modified":"2025-08-12T08:35:08","modified_gmt":"2025-08-12T08:35:08","slug":"jaime-martinez-bordiu-sobre-la-casa-cornide-tuvimos-que-vaciarla-por-problemas-de-humedad-la-voz-de-galicia","status":"publish","type":"post","link":"https:\/\/www.europesays.com\/es\/42094\/","title":{"rendered":"Jaime Mart\u00ednez Bordi\u00fa, sobre la Casa Cornide: \u00abTuvimos que vaciarla por problemas de humedad\u00bb &#8211; La Voz de Galicia"},"content":{"rendered":"<ol>\n<li><a href=\"https:\/\/news.google.com\/rss\/articles\/CBMi7gFBVV95cUxQNmw4MkJDS1l3UElnMjNYcmYwcS1tVVhPMWlMTmpEcnE3RVJ6aDFPVTI4NzB6SU9VQmVOQklnVWlQY2xuMl8tQ2ZIWW9GZm9VWjlLMF9sUDA1WlhDMjg5NmM3LV9SVzFzODBJMmtOcHQtc3lsWVZ3UGR6eUJKNWFTSV8wX2lOYjVNRUJUZlo4SG5RV0s5eHY1bmlRUzNDQWp5ZXRxZ05HcXgycTlkWWh3Vm0tSE1JangwVG81VXdCcTJoY29JTGhMTVJHdGxGYk5VaGRUcFJCbGpCcTQ2TGlmSXcxT0RIZkZWdWI1QTFB0gGKAkFVX3lxTFBSMUdPNnlnSXFJekUwYkt0UVNRZ0RLRjhwUEZJT0hxZjBzM0tCaWhkdHBGSEZqQUJITmM0b3d2eThQS1Q4X1FQd1FYMTJMaHNYQWVKV2lHbHlPLW5TNWRQdWZPNEx1SGRHanlOdmp4SkZXQnlsVHNMVHU5bEdScnVIUG5xTEk5UTNpa0h0NWdKUzl5TGdJNnhsNHZ5T2xuREVJS0FaNi1VUHdtUXZRVzNQMW40eWREN2JfcEJXbTYtU1RrSkEwRENuZUI3dTl1Tl80QnFLNzd1bnZIaTYtaWtkTzhsUmZ6RFVqRDFzb1U2VGhaVmRaOHMyQmFfaWhheHE0RzVHcEdDZkJn?oc=5\" target=\"_blank\" rel=\"nofollow noopener\">Jaime Mart\u00ednez Bordi\u00fa, sobre la Casa Cornide: \u00abTuvimos que vaciarla por problemas de humedad\u00bb<\/a>&nbsp;&nbsp;La Voz de Galicia<\/li>\n<li><a href=\"https:\/\/news.google.com\/rss\/articles\/CBMipAFBVV95cUxPT3NzYklnTDhZZjBEM1JONHhWWTBEc0xmVDlLRDV4dlRpTUxWOW5DWHJFczZsUnFpREUzamxjam9QZFI0ZFpMRHh6dV9QNFozamkwM0lnRWJ6Rlk2STJnWDZudXJvc1ZNWmxCa3I3Qkh5TzRTQkc3eGY1ZXo1dllkWDJ5UFR4UWpQcHVNVzdRNXR2ejk3aENsdFB5VlVudFJiakJ4cg?oc=5\" target=\"_blank\" rel=\"nofollow noopener\">\u00bfC\u00f3mo es la Casa Cornide por dentro? Los Franco muestran un inmueble vac\u00edo con olor a\u00f1ejo<\/a>&nbsp;&nbsp;elDiario.es<\/li>\n<li><a href=\"https:\/\/news.google.com\/rss\/articles\/CBMi3wFBVV95cUxNU2JHbTdJVXBrLXR4ZTNTd3E0ZWNMVjZ5akZISlQ4ckRtRVJOc2xfeTJUc21vTm44VzJSalNtckJseHVxcnFWX19HMng5Sm1vdlE2QkpDLWJiUXV4anJyQmdIWm5zdzBmTktLTjlmcjB1LVNZTG1vU1Bhc0NDMXdteVJZaHdLNEhxWndzcGJ6UWdKSVNNZDdkck5UWlR6alpCaFMxblo3bnhXUFhGM0V5S1JORDlaQXBQakc4OFZ1M2p5T3JIVDMxaEwwU0E3MmVQcVJBQXNTZzRTQzRyVEtz?oc=5\" target=\"_blank\" rel=\"nofollow noopener\">El BNG acusa a la Xunta de \u201camparar\u201d el \u201cnuevo expolio\u201d de los Franco en la Casa Cornide de A Coru\u00f1a<\/a>&nbsp;&nbsp;La Vanguardia<\/li>\n<li><a href=\"https:\/\/news.google.com\/rss\/articles\/CBMi0AFBVV95cUxQdG5PUDFMQXdNck5GZ2JvekxZbWJrWkRSSGlLbVI4Z1lGWC1NWjlHMmhId2txcXVxTTZTUEJjSmdvZklOSXQyODFpT0VtZFQ1Yy1GUVI2Sm53ekhfVTlWS293Qm84RUJzZGc4SjM2dGxzOGZ5dFo5akpKT0NSWkhad1FIRnpPbVQzYWdGOE91QjhHOVpHcEthMUM0RDdTOTZYUlZlWEdGMjAySHAwc3dPM0V1RFlJNnR4Yy1rUDlCQlZVVmlwZmZGenpsaWhKOHpi0gHWAUFVX3lxTE0zZEQ0U1JJNllTS2JNVy1mTHJvaDBwWGRpUW9RZzBpMDMzTXcyeTNabzdWOTJvblZyaTQtNFRMcmRXV3J0aGxseEZVc0tMRzhlZVk1emg1RElMY1ppc0pVOXRkMzF5SERFMXlYVmVtRE9fX2t1NmVmOXRvVm0zVVBEaUpfM3FLaVhGOXlTY3BOb1paZmtscHNySkNLZE1RdWduRmhTTEFiOHNuWVh4MVAzS014UHBwa29BaGdmcjBIakdEUUJfN2k5RVk4S3UzRXVCaUlLOFE?oc=5\" target=\"_blank\" rel=\"nofollow noopener\">Ni muebles ni fotos: primeras visitas a la fuerza a la Casa Cornide de los Franco<\/a>&nbsp;&nbsp;El Independiente<\/li>\n<li><a href=\"https:\/\/news.google.com\/rss\/articles\/CBMipwFBVV95cUxPUkF2czhnS2Q3d3Byd2kzcnE3M0pHemdlRTdmQ0pxdUtWelJsVkJCRkN1dVNMSDE1anBKVUNHNmJBMWNaaVBxeVBxMk1qQzRBS0tSOC11TXVNOGtrdjBGa0RfT2l3WTdvcEVyd0FMNGo4UEFpVGdNVDhuWm8zdzdqR2Rla0tnNmJIUWx3VWsxWWM4YnFmMFVmWFlYY2FkYy1LX0lwdHY0QdIBrAFBVV95cUxNOHJPUk9lVE5kd01zdGlpWmJVOXQwaVlNdEtaXzRHazVkcG5uU3FnY0o2bGhPYjZuY3ZrZERKR096MHk3UlZ0ekFreTUydF9VRXRfOXZWRVQ2OG1US1BWWUNGekdfWHBTQWVrbGFtYmd6WVVWblhvRFdkd1pMVmJhX1VfMnN0Qjd4OG9EVjRzMnU1NUtScFFyVXFjSEFmaGhCN2UzbXBtUGNUSXNm?oc=5\" target=\"_blank\" rel=\"nofollow noopener\">Los Franco justifican el vaciado de la Casa Cornide \u00abpor problemas de humedad\u00bb<\/a>&nbsp;&nbsp;Faro de Vigo<\/li>\n<\/ol>\n","protected":false},"excerpt":{"rendered":"Jaime Mart\u00ednez Bordi\u00fa, sobre la Casa Cornide: \u00abTuvimos que vaciarla por problemas de humedad\u00bb&nbsp;&nbsp;La Voz de Galicia \u00bfC\u00f3mo&hellip;\n","protected":false},"author":2,"featured_media":42095,"comment_status":"","ping_status":"","sticky":false,"template":"","format":"standard","meta":{"footnotes":""},"categories":[174],"tags":[20069,255,146,147,25,24,256,23],"class_list":{"0":"post-42094","1":"post","2":"type-post","3":"status-publish","4":"format-standard","5":"has-post-thumbnail","7":"category-famosos","8":"tag-bic","9":"tag-celebrities","10":"tag-entertainment","11":"tag-entretenimiento","12":"tag-es","13":"tag-espana","14":"tag-famosos","15":"tag-spain"},"share_on_mastodon":{"url":"","error":""},"_links":{"self":[{"href":"https:\/\/www.europesays.com\/es\/wp-json\/wp\/v2\/posts\/42094","targetHints":{"allow":["GET"]}}],"collection":[{"href":"https:\/\/www.europesays.com\/es\/wp-json\/wp\/v2\/posts"}],"about":[{"href":"https:\/\/www.europesays.com\/es\/wp-json\/wp\/v2\/types\/post"}],"author":[{"embeddable":true,"href":"https:\/\/www.europesays.com\/es\/wp-json\/wp\/v2\/users\/2"}],"replies":[{"embeddable":true,"href":"https:\/\/www.europesays.com\/es\/wp-json\/wp\/v2\/comments?post=42094"}],"version-history":[{"count":0,"href":"https:\/\/www.europesays.com\/es\/wp-json\/wp\/v2\/posts\/42094\/revisions"}],"wp:featuredmedia":[{"embeddable":true,"href":"https:\/\/www.europesays.com\/es\/wp-json\/wp\/v2\/media\/42095"}],"wp:attachment":[{"href":"https:\/\/www.europesays.com\/es\/wp-json\/wp\/v2\/media?parent=42094"}],"wp:term":[{"taxonomy":"category","embeddable":true,"href":"https:\/\/www.europesays.com\/es\/wp-json\/wp\/v2\/categories?post=42094"},{"taxonomy":"post_tag","embeddable":true,"href":"https:\/\/www.europesays.com\/es\/wp-json\/wp\/v2\/tags?post=42094"}],"curies":[{"name":"wp","href":"https:\/\/api.w.org\/{rel}","templated":true}]}}