{"id":42123,"date":"2025-08-12T08:53:17","date_gmt":"2025-08-12T08:53:17","guid":{"rendered":"https:\/\/www.europesays.com\/es\/42123\/"},"modified":"2025-08-12T08:53:17","modified_gmt":"2025-08-12T08:53:17","slug":"dos-nietos-de-agapito-vinas-los-principes-de-la-cantera-del-tenis-gallego","status":"publish","type":"post","link":"https:\/\/www.europesays.com\/es\/42123\/","title":{"rendered":"Dos nietos de Agapito Vi\u00f1as, los pr\u00edncipes de la cantera del tenis gallego"},"content":{"rendered":"<p class=\"ft-text ft-helper-closenews\"><strong>Carla y Marcos Vi\u00f1as<\/strong> son los <strong>pr\u00edncipes del <\/strong><a href=\"https:\/\/www.farodevigo.es\/tags\/tenis\/\" class=\"ft-link ft-link--decoration\" rel=\"nofollow noopener\" target=\"_blank\"><strong>tenis <\/strong><\/a><strong>gallego<\/strong>. Ella, de <strong>12 a\u00f1os<\/strong>, ha sido <strong>campeona auton\u00f3mica alev\u00edn en individual y dobles e infantil en dobles mixtos<\/strong>; \u00e9l, <strong>de 9<\/strong>, ha ganado <strong>el t\u00edtulo benjam\u00edn<\/strong>. Los dos est\u00e1n cosechando grandes resultados tanto en el Head Tour que se disputa en Galicia como en el Warriors Tour, que los enfrenta a rivales internacionales por Espa\u00f1a. <strong>\u00d3scar<\/strong>, su padre, los anima a recolectar aventuras y memoria. Sabe que quiz\u00e1 ma\u00f1ana, si contin\u00faan su progresi\u00f3n, habr\u00e1 que tomar decisiones complicadas. Nadie les podr\u00e1 arrebatar lo ya adquirido.<\/p>\n<p class=\"ft-text\">\u00ab<a href=\"https:\/\/www.tennisworldes.com\/tenis\/news\/Entrevistas\/86353\/frances-tiafoe-el-tenis-es-el-deporte-mas-duro-que-existe-por-muchas-razones\/#:~:text=por%20muchas%20razones-,Frances%20Tiafoe%3A%20el%20tenis%20es%20el%20deporte%20m%C3%A1s,que%20existe%2C%20por%20muchas%20razones&amp;text=El%20tenis%20es%20un%20deporte,carrera%20de%20un%20jugador%20profesional.\" class=\"ft-link ft-link--decoration\" rel=\"nofollow noopener\" target=\"_blank\">El tenis es el deporte m\u00e1s duro<\/a>\u00bb, ha asegurado <strong>Frances Tiafoe<\/strong> y otros repiten. Se refieren sobre todo a su complejidad t\u00e9cnica y a los vaivenes emocionales que el jugador afronta en soledad. Pero es tambi\u00e9n un mundo \u00e1spero en sus procesos formativos y en sus canales de acceso. Alcanzada la adolescencia, el tenista emigrar\u00e1 \u2013inevitablemente en Galicia\u2013 y se someter\u00e1 a una r\u00edgida disciplina. El envite, sin garant\u00eda alguna de \u00e9xito, implicar\u00e1 un oneroso desembolso. Lo sabe \u00d3scar, obligado a gestionar lo que comenz\u00f3 como un entretenimiento.<\/p>\n<p><img decoding=\"async\" src=\"https:\/\/www.europesays.com\/es\/wp-content\/uploads\/2025\/08\/eb9ac613-6274-492f-a0b0-d5a291e4819f_alta-libre-aspect-ratio_default_0.jpg\" width=\"1200\" height=\"930\" alt=\"Carla Vi\u00f1as, entren\u00e1ndose en el Mercantil.\" class=\"ft-helper-img-rd\" loading=\"lazy\" hasdataaida=\"true\"\/><\/p>\n<p class=\"ft-helper-fontColor-quaternary ft-helper-fontSize-body-S ft-helper-spacer-t-xxs\">Carla Vi\u00f1as, entren\u00e1ndose en el Mercantil.  \/ Alba Villar<\/p>\n<p class=\"ft-text\">Sus dos hijos se iniciaron con la raqueta en el <strong>Mercantil<\/strong>, del que la familia es socia desde hace d\u00e9cadas. En ambos casos, apenas cumplidos los tres a\u00f1os y combin\u00e1ndolo con el f\u00fatbol sala \u2013Marcos persevera hoy en f\u00fatbol ocho\u2013. Aunque comparten genes e historia, difieren en sus caracter\u00edsticas: \u00abMarcos es un ni\u00f1o muy coordinado. En general se le dan bien todos los deportes que practica. Carla es m\u00e1s hormiguita, de ir consiguiendo cosas pasito a pasito, a base de trabajo y constancia\u00bb.<\/p>\n<p class=\"ft-text\">El f\u00fatbol es, en realidad, hacia donde los hubiera inclinado la tradici\u00f3n. Su abuelo, <strong>Agapito Vi\u00f1as<\/strong>, canterano del Real Madrid por mudanza aunque vigu\u00e9s de nacimiento, <a href=\"https:\/\/www.tennisworldes.com\/tenis\/news\/Entrevistas\/86353\/frances-tiafoe-el-tenis-es-el-deporte-mas-duro-que-existe-por-muchas-razones\/#:~:text=por%20muchas%20razones-,Frances%20Tiafoe%3A%20el%20tenis%20es%20el%20deporte%20m%C3%A1s,que%20existe%2C%20por%20muchas%20razones&amp;text=El%20tenis%20es%20un%20deporte,carrera%20de%20un%20jugador%20profesional.\" class=\"ft-link ft-link--decoration\" rel=\"nofollow noopener\" target=\"_blank\">hizo carrera en el Ourense y en el Celta en Segunda durante los sesenta<\/a> \u2013particip\u00f3 en el ascenso a Primera en 1969\u2013, y fue despu\u00e9s un querido entrenador. El propio \u00d3scar visti\u00f3 de celeste hasta juveniles y jug\u00f3 en Preferente.<\/p>\n<p>Un deporte muy completo<\/p>\n<p class=\"ft-text\">As\u00ed que el progenitor conoce bien el equilibrio entre ilusi\u00f3n y sensatez que conviene. Y compara: \u00abEn el f\u00fatbol, el de al lado puede correr por ti. En el tenis s\u00f3lo est\u00e1s t\u00fa. Eres el que debe salir del bache, el que debe cambiar de ritmo si vas perdiendo&#8230; <strong>Es un deporte muy completo y a los ni\u00f1os les hace madurar mucho psicol\u00f3gicamente.<\/strong> Ganas experiencia para afrontar los problemas, para valerte por ti mismo. La concentraci\u00f3n, las ganas de competir, todo les valdr\u00e1 para el d\u00eda de ma\u00f1ana\u00bb.<\/p>\n<p class=\"ft-text\">Ese componente pedag\u00f3gico es el prioritario, a la vez que el gozo. \u00abLos ni\u00f1os son felices\u00bb, destaca \u00d3scar. \u00c9l y su mujer los acompa\u00f1an a los torneos del Warriors Tour, para cuyo Master \u2013ocho mejores\u2013 se ha clasificado Carla. \u00abCuando estuve en las categor\u00edas inferiores del Celta viaj\u00e9 mucho. <strong>Siempre les digo que vivan esto como una experiencia y que se queden con el recuerdo. <\/strong>Est\u00e1n con nosotros, conocen gente y disfrutan de lo que m\u00e1s les apasiona en estos momentos. A profesionales llega el 0,00000&#8230;\u00bb.<\/p>\n<p><img decoding=\"async\" src=\"https:\/\/www.europesays.com\/es\/wp-content\/uploads\/2025\/08\/6ab74d52-abf5-400c-aaf0-151bfe4ac65e_alta-libre-aspect-ratio_default_0.jpg\" width=\"1200\" height=\"895\" alt=\"Marcos Vi\u00f1as.\" class=\"ft-helper-img-rd\" loading=\"lazy\" hasdataaida=\"true\"\/><\/p>\n<p class=\"ft-helper-fontColor-quaternary ft-helper-fontSize-body-S ft-helper-spacer-t-xxs\">Marcos Vi\u00f1as.  \/ Alba Villar<\/p>\n<p class=\"ft-text\">Pero ya esta etapa supone sacrificios. Ellos practican seis horas a la semana \u2013cuatro y media en pista, una y media de f\u00edsico\u2013 divididas entre lunes, mi\u00e9rcoles y viernes. \u00abLa gente que est\u00e1 en circuitos a nivel nacional entrena como m\u00ednimo el doble. Tiene m\u00e9rito que los dos est\u00e9n ah\u00ed, compitiendo, en un deporte que se est\u00e1 convirtiendo en muy elitista\u00bb. Porque la familia<strong> invierte alrededor de 15.000 euros al a\u00f1o <\/strong>en entrenamientos, desplazamientos, material deportivo&#8230; \u00abDe momento no tienen sponsors ni ninguna ayuda. Es triste que las federaciones no apuesten por el deporte base y que todo lo tengan que sufragar los padres, que se gastan un dineral\u00bb.<\/p>\n<p class=\"ft-text\">\u00abLas instalaciones del Mercantil son muy buenas. Pero llegados a cierto nivel, te tienes que ir fuera de Galicia, como le sucedi\u00f3 a<a href=\"https:\/\/www.farodevigo.es\/tags\/jessica-bouzas\/\" class=\"ft-link ft-link--decoration\" rel=\"nofollow noopener\" target=\"_blank\"><strong> J\u00e9ssica Bouzas<\/strong><\/a>\u00bb, asume \u00d3scar, que lamenta que \u00abel tenis de alto rendimiento desapareciese de Pontevedra. Es una pena. Muchos demandamos que vuelva a existir para dar una oportunidad a los ni\u00f1os y que no se tengan que marchar a determinadas edades\u00bb.<\/p>\n<p>Pique entre hermanos<\/p>\n<p class=\"ft-text\">Esa frontera, si se tercia, a\u00fan queda lejos en el horizonte, aunque Carla anticipe: \u00abMe gustar\u00eda llegar a algo m\u00e1s que un hobby\u00bb. La primog\u00e9nita destaca del hermano \u00ablo bien que se mueve , sus dejadas y c\u00f3mo se agarra a la pista\u00bb. El peque\u00f1o admira de ella \u00abla fuerza para meter esos misiles y tambi\u00e9n su car\u00e1cter\u00bb. Siguen peloteando juntos. \u00abEl pique entre hermanos siempre est\u00e1 ah\u00ed\u00bb, bromea \u00d3scar. Ninguno cambiar\u00eda imponerse en el duelo fraterno por la gloria de Wimbledon o Roland Garros. Ese para\u00edso infantil siempre los refugiar\u00e1 cuando cierren los ojos<\/p>\n<p data-close=\"closedContent\" class=\"subscribeHideForDisplay\">Suscr\u00edbete para seguir leyendo<\/p>\n","protected":false},"excerpt":{"rendered":"Carla y Marcos Vi\u00f1as son los pr\u00edncipes del tenis gallego. Ella, de 12 a\u00f1os, ha sido campeona auton\u00f3mica&hellip;\n","protected":false},"author":2,"featured_media":42124,"comment_status":"","ping_status":"","sticky":false,"template":"","format":"standard","meta":{"footnotes":""},"categories":[274],"tags":[4846,20076,20077,634,168,25,24,14144,2932,20074,23,167,327,20075,326,17194],"class_list":{"0":"post-42123","1":"post","2":"type-post","3":"status-publish","4":"format-standard","5":"has-post-thumbnail","7":"category-tenis","8":"tag-carla","9":"tag-categorias-inferiores","10":"tag-circulo-mercantil","11":"tag-deporte","12":"tag-deportes","13":"tag-es","14":"tag-espana","15":"tag-marcos","16":"tag-ninos","17":"tag-principes","18":"tag-spain","19":"tag-sports","20":"tag-tenis","21":"tag-tenis-gallego","22":"tag-tennis","23":"tag-vinas"},"share_on_mastodon":{"url":"","error":""},"_links":{"self":[{"href":"https:\/\/www.europesays.com\/es\/wp-json\/wp\/v2\/posts\/42123","targetHints":{"allow":["GET"]}}],"collection":[{"href":"https:\/\/www.europesays.com\/es\/wp-json\/wp\/v2\/posts"}],"about":[{"href":"https:\/\/www.europesays.com\/es\/wp-json\/wp\/v2\/types\/post"}],"author":[{"embeddable":true,"href":"https:\/\/www.europesays.com\/es\/wp-json\/wp\/v2\/users\/2"}],"replies":[{"embeddable":true,"href":"https:\/\/www.europesays.com\/es\/wp-json\/wp\/v2\/comments?post=42123"}],"version-history":[{"count":0,"href":"https:\/\/www.europesays.com\/es\/wp-json\/wp\/v2\/posts\/42123\/revisions"}],"wp:featuredmedia":[{"embeddable":true,"href":"https:\/\/www.europesays.com\/es\/wp-json\/wp\/v2\/media\/42124"}],"wp:attachment":[{"href":"https:\/\/www.europesays.com\/es\/wp-json\/wp\/v2\/media?parent=42123"}],"wp:term":[{"taxonomy":"category","embeddable":true,"href":"https:\/\/www.europesays.com\/es\/wp-json\/wp\/v2\/categories?post=42123"},{"taxonomy":"post_tag","embeddable":true,"href":"https:\/\/www.europesays.com\/es\/wp-json\/wp\/v2\/tags?post=42123"}],"curies":[{"name":"wp","href":"https:\/\/api.w.org\/{rel}","templated":true}]}}