{"id":42128,"date":"2025-08-12T08:56:07","date_gmt":"2025-08-12T08:56:07","guid":{"rendered":"https:\/\/www.europesays.com\/es\/42128\/"},"modified":"2025-08-12T08:56:07","modified_gmt":"2025-08-12T08:56:07","slug":"aina-real-se-pone-a-punto-con-la-seleccion-espanola-u17-de-baloncesto-3x3","status":"publish","type":"post","link":"https:\/\/www.europesays.com\/es\/42128\/","title":{"rendered":"Aina Real se pone a punto con la selecci\u00f3n espa\u00f1ola U17 de baloncesto 3&#215;3"},"content":{"rendered":"<p>Uno de los mayores exponentes del baloncesto femenino menorqu\u00edn y del Centre de Tecnificaci\u00f3 balear (CTEIB), como es <a href=\"https:\/\/www.menorca.info\/etiqueta\/Aina+Real.html?utm_source=Inline-tag&amp;utm_medium=internal\" rel=\"nofollow noopener\" target=\"_blank\">Aina Real<\/a> Cerd\u00e0 (Ma\u00f3, 2008), c<strong>ontin\u00faa creciendo con paso firme en su incipiente carrera.<\/strong><\/p>\n<p>En medio de un verano en el cual se sigue machacando al participar en diferentes campus, la formada en la cantera del CD Alc\u00e1zar<strong> estuvo concentrada la semana pasada con sus compa\u00f1eras de la selecci\u00f3n femenina U17 de baloncesto 3&#215;3<\/strong>, dirigida por Nuria Mart\u00ednez. Por tanto, esta llamada supone la segunda que recibe por parte de las categor\u00edas inferiores de la selecci\u00f3n nacional.<\/p>\n<p>Enmarcada en un programa de tecnificaci\u00f3n, la concentraci\u00f3n incluy\u00f3 entrenamientos t\u00e9cnicos y t\u00e1cticos en L\u2019Alqueria del Basket (Valencia). Al mismo tiempo<strong> se jugaron varios partidos los d\u00edas 5 y 6 de agosto frente a la selecci\u00f3n de Alemania.<\/strong> De este modo, la Federaci\u00f3n Espa\u00f1ola de Baloncesto (FEB) contin\u00faa apostando por formar y potenciar a las j\u00f3venes talentos en la modalidad de baloncesto 3&#215;3.<\/p>\n<p>Un a\u00f1o m\u00e1s en el CTEIB<\/p>\n<p>En este sentido, el combo menorqu\u00edn disfruta del 3&#215;3 enfoc\u00e1ndolo como una manera m\u00e1s de complementar y <strong>seguir desarrollando su carrera como jugadora en el baloncesto 5&#215;5 tradicional.<\/strong><\/p>\n<p>Sin ir m\u00e1s lejos, la del CTEIB<strong> podr\u00e1 aprender de la mano de toda una experta como Gracia Alonso de Armi\u00f1o<\/strong>, plata en los Juegos Ol\u00edmpicos de Par\u00eds 2024, con quien compartir\u00e1 equipo en el torneo 3&#215;3 Festes de Gr\u00e0cia que organiza el CD Alc\u00e1zar el pr\u00f3ximo s\u00e1bado 23.<\/p>\n<p>Al mismo tiempo, la natural de Ma\u00f3 <strong>ya sabe cu\u00e1l es su hoja de ruta de cara a la pr\u00f3xima temporada<\/strong>: ficha con el equipo j\u00fanior del Centre de Tecnificaci\u00f3 y vinculada al Andratx de Liga Femenina 2, una categor\u00eda que le acerca un poquito m\u00e1s al profesionalismo.<\/p>\n","protected":false},"excerpt":{"rendered":"Uno de los mayores exponentes del baloncesto femenino menorqu\u00edn y del Centre de Tecnificaci\u00f3 balear (CTEIB), como es&hellip;\n","protected":false},"author":2,"featured_media":42129,"comment_status":"","ping_status":"","sticky":false,"template":"","format":"standard","meta":{"footnotes":""},"categories":[269],"tags":[20078,299,13146,298,168,25,24,23,167],"class_list":{"0":"post-42128","1":"post","2":"type-post","3":"status-publish","4":"format-standard","5":"has-post-thumbnail","7":"category-baloncesto","8":"tag-aina-real","9":"tag-baloncesto","10":"tag-baloncesto-en-menorca","11":"tag-basketball","12":"tag-deportes","13":"tag-es","14":"tag-espana","15":"tag-spain","16":"tag-sports"},"share_on_mastodon":{"url":"","error":""},"_links":{"self":[{"href":"https:\/\/www.europesays.com\/es\/wp-json\/wp\/v2\/posts\/42128","targetHints":{"allow":["GET"]}}],"collection":[{"href":"https:\/\/www.europesays.com\/es\/wp-json\/wp\/v2\/posts"}],"about":[{"href":"https:\/\/www.europesays.com\/es\/wp-json\/wp\/v2\/types\/post"}],"author":[{"embeddable":true,"href":"https:\/\/www.europesays.com\/es\/wp-json\/wp\/v2\/users\/2"}],"replies":[{"embeddable":true,"href":"https:\/\/www.europesays.com\/es\/wp-json\/wp\/v2\/comments?post=42128"}],"version-history":[{"count":0,"href":"https:\/\/www.europesays.com\/es\/wp-json\/wp\/v2\/posts\/42128\/revisions"}],"wp:featuredmedia":[{"embeddable":true,"href":"https:\/\/www.europesays.com\/es\/wp-json\/wp\/v2\/media\/42129"}],"wp:attachment":[{"href":"https:\/\/www.europesays.com\/es\/wp-json\/wp\/v2\/media?parent=42128"}],"wp:term":[{"taxonomy":"category","embeddable":true,"href":"https:\/\/www.europesays.com\/es\/wp-json\/wp\/v2\/categories?post=42128"},{"taxonomy":"post_tag","embeddable":true,"href":"https:\/\/www.europesays.com\/es\/wp-json\/wp\/v2\/tags?post=42128"}],"curies":[{"name":"wp","href":"https:\/\/api.w.org\/{rel}","templated":true}]}}