{"id":421389,"date":"2026-02-28T11:40:09","date_gmt":"2026-02-28T11:40:09","guid":{"rendered":"https:\/\/www.europesays.com\/es\/421389\/"},"modified":"2026-02-28T11:40:09","modified_gmt":"2026-02-28T11:40:09","slug":"javier-teniente-retrata-el-rostro-gastado-del-rural-en-tras-os-montes","status":"publish","type":"post","link":"https:\/\/www.europesays.com\/es\/421389\/","title":{"rendered":"Javier Teniente retrata el rostro gastado del rural en &#8216;Tras Os Montes&#8217;"},"content":{"rendered":"<p class=\"article-text\">\n        Hay rostros cansados y objetos gastados. Cierto tono azul, fr\u00edo. Hay distancia y, de alguna manera, tambi\u00e9n empat\u00eda. Paisaje humano, los trabajos y los d\u00edas, casas y caminos. Mineros. Labriegos jubilados pero en realidad no. Tras Os Montes, el nuevo libro del fotodocumentalista Javier Teniente (Vigo, 1968), ensaya una aproximaci\u00f3n personal a un lugar que, en los \u00faltimos a\u00f1os, se ha convertido casi en un t\u00f3pico: el rural asomado a su extinci\u00f3n. Pero su mirada encuentra camino propio. \u00c9l mismo lo explica a elDiario.es: \u201cEs un retrato del rural, no de su despoblaci\u00f3n. Sobre ese tema ya hay otros buenos trabajos. El m\u00edo trata sobre los pobladores, la \u00faltima gente que vive en esos pueblos\u201d.\n    <\/p>\n<p class=\"article-text\">\n        Tras Os Montes, que publica la editorial viguesa Solar, naci\u00f3 en las proximidades de esa regi\u00f3n del noreste portugu\u00e9s en 2005. \u201cAsist\u00eda a la matanza del cerdo, celebrada como un ritual antiguo. Las fincas alrededor de la aldea estaban cultivadas y el horno comunal funcionaba cada dos d\u00edas\u201d, relata en el peque\u00f1o texto que introduce el volumen. Regres\u00f3 12 a\u00f1os despu\u00e9s y la situaci\u00f3n hab\u00eda cambiado. \u201cLa mayor\u00eda de los vecinos eran ancianos, casi no hab\u00eda relevo generacional. Los hijos se hab\u00edan marchado a las ciudades y solo volv\u00edan por las fiestas\u201d, escribe. Fue en ese momento cuando el libro de fotos comenz\u00f3 a tomar forma en su cabeza. El Teniente que hab\u00eda recorrido con su c\u00e1mara medio mundo -Kosovo, Irak, Timor o Centroam\u00e9rica- giraba su objetivo hacia lo -relativamente- cercano.\n    <\/p>\n","protected":false},"excerpt":{"rendered":"Hay rostros cansados y objetos gastados. Cierto tono azul, fr\u00edo. Hay distancia y, de alguna manera, tambi\u00e9n empat\u00eda.&hellip;\n","protected":false},"author":2,"featured_media":421390,"comment_status":"","ping_status":"","sticky":false,"template":"","format":"standard","meta":{"footnotes":""},"categories":[173],"tags":[517,1705,229,233,231,230,232,234,146,147,25,24,816,7386,7318,10,1925,7387,1146,23],"class_list":["post-421389","post","type-post","status-publish","format-standard","has-post-thumbnail","category-arte-y-diseno","tag-actualidad","tag-analisis","tag-arte","tag-arte-y-diseno","tag-arts","tag-arts-and-design","tag-design","tag-diseno","tag-entertainment","tag-entretenimiento","tag-es","tag-espana","tag-galicia","tag-la-coruna","tag-lugo","tag-noticias","tag-opinion","tag-orense","tag-pontevedra","tag-spain"],"share_on_mastodon":{"url":"https:\/\/pubeurope.com\/@es\/116148071554846162","error":""},"_links":{"self":[{"href":"https:\/\/www.europesays.com\/es\/wp-json\/wp\/v2\/posts\/421389","targetHints":{"allow":["GET"]}}],"collection":[{"href":"https:\/\/www.europesays.com\/es\/wp-json\/wp\/v2\/posts"}],"about":[{"href":"https:\/\/www.europesays.com\/es\/wp-json\/wp\/v2\/types\/post"}],"author":[{"embeddable":true,"href":"https:\/\/www.europesays.com\/es\/wp-json\/wp\/v2\/users\/2"}],"replies":[{"embeddable":true,"href":"https:\/\/www.europesays.com\/es\/wp-json\/wp\/v2\/comments?post=421389"}],"version-history":[{"count":0,"href":"https:\/\/www.europesays.com\/es\/wp-json\/wp\/v2\/posts\/421389\/revisions"}],"wp:featuredmedia":[{"embeddable":true,"href":"https:\/\/www.europesays.com\/es\/wp-json\/wp\/v2\/media\/421390"}],"wp:attachment":[{"href":"https:\/\/www.europesays.com\/es\/wp-json\/wp\/v2\/media?parent=421389"}],"wp:term":[{"taxonomy":"category","embeddable":true,"href":"https:\/\/www.europesays.com\/es\/wp-json\/wp\/v2\/categories?post=421389"},{"taxonomy":"post_tag","embeddable":true,"href":"https:\/\/www.europesays.com\/es\/wp-json\/wp\/v2\/tags?post=421389"}],"curies":[{"name":"wp","href":"https:\/\/api.w.org\/{rel}","templated":true}]}}