{"id":42157,"date":"2025-08-12T09:16:09","date_gmt":"2025-08-12T09:16:09","guid":{"rendered":"https:\/\/www.europesays.com\/es\/42157\/"},"modified":"2025-08-12T09:16:09","modified_gmt":"2025-08-12T09:16:09","slug":"alcaraz-medjedovic-horario-y-donde-ver-hoy-por-television-el-partido-del-masters-de-cincinnati","status":"publish","type":"post","link":"https:\/\/www.europesays.com\/es\/42157\/","title":{"rendered":"Alcaraz &#8211; Medjedovic: horario y d\u00f3nde ver hoy por televisi\u00f3n el partido del Masters de Cincinnati"},"content":{"rendered":"<p class=\"v-mdl-ath__p v-mdl-ath__p--6\">\nMartes, 12 de agosto 2025, 08:29<\/p>\n<p class=\"v-p\">Despu\u00e9s de perder en la final de Wimbledon frente a Jannik Sinner, Carlos Alcaraz regres\u00f3 a las pistas de tenis este domingo para enfrentarse a Dzumhur en su debut en el Masters 1.000 de Cincinnati. El murciano <a href=\"https:\/\/www.lasprovincias.es\/deportes\/tenis\/masters\/alcaraz-supera-montana-rusa-cincinnati-20250810231302-ntrc.html\" title=\"www.lasprovincias.es\" data-voc-vtm-id=\"in-text-traffic\" data-mrf-link=\"www.lasprovincias.es\" rel=\"nofollow noopener\" target=\"_blank\">sufri\u00f3 y perdi\u00f3 el segundo set,<\/a> pero finalmente se repuso y logr\u00f3 el pase a la siguiente ronda.<\/p>\n<p class=\"v-p\">El murciano, que decidi\u00f3 tomarse unas vacaciones tras Wimbledon, se perdi\u00f3 el ATP 500 de Washington y el Masters 1.000 de Toronto, por lo que llega con m\u00e1s descanso a la \u00faltima cita antes del US Open. En tercera ronda se enfrentar\u00e1 al serbio Hamad Medjedovic, que super\u00f3 en su debut a Griekspoor en dos sets.<\/p>\n<p class=\"v-p\">El choque entre Carlos Alcaraz y Medjedovic ser\u00e1 este martes 12 de agosto en el segundo turno de la pista central, despu\u00e9s del choque entre Opelka y Comesa\u00f1a que arranca a las 17:00 horas. Por lo tanto, el tenista de El Palmar jugar\u00e1 alrededor de las 19:00 horas y se podr\u00e1 ver en televisi\u00f3n a trav\u00e9s de Movistar Plus.<\/p>\n<p><a href=\"http:\/\/www.lasprovincias.es\/deportes\/tenis\/zverev-sorprendido-actitud-nadal-visitar-academia-levantaba-20250803191112-nt.html#vtm_modulosEngag=mod-rel:deportes:noticia:1:cmp:1-not\" class=\"v-a-link\" aria-label=\"Imagen\" rel=\"nofollow noopener\" target=\"_blank\"><\/p>\n<p><img decoding=\"async\" loading=\"lazy\" src=\"https:\/\/www.europesays.com\/es\/wp-content\/uploads\/2025\/08\/1754990169_775_nadal-kExG--366x256@Las Provincias.jpg\" class=\"v-a-img\" width=\"258\" height=\"180\" alt=\"\" data-voc-vtm-id=\"in-text-traffic\"\/><\/p>\n<p><\/a><\/p>\n<p class=\"v-p\">En el caso de que avance a los octavos de final tendr\u00eda un complicado rival, ya que jugar\u00eda ante el vencedor del Mensik-Nardi. En cuartos de final el potencial contrincante ser\u00eda Rublev y en semifinales Alexander Zverev. Ante el n\u00famero 1 Jannik Sinner solo podr\u00eda jugar en una nueva final.<\/p>\n<p class=\"v-p\">Alcaraz es junto a Roberto Bautista (se enfrenta ante Shelton) el \u00fanico representante espa\u00f1ol que queda en el cuadro masculino. Sin embargo, en el femenino permanece Jessica Bouzas, que lleg\u00f3 a cuartos de final en Montreal.<\/p>\n<p>Comenta<\/p>\n<p>Reporta un error<\/p>\n","protected":false},"excerpt":{"rendered":"Martes, 12 de agosto 2025, 08:29 Despu\u00e9s de perder en la final de Wimbledon frente a Jannik Sinner,&hellip;\n","protected":false},"author":2,"featured_media":42158,"comment_status":"","ping_status":"","sticky":false,"template":"","format":"standard","meta":{"footnotes":""},"categories":[274],"tags":[4736,2134,168,25,24,319,315,5126,20083,1045,23,167,807,327,326,809],"class_list":{"0":"post-42157","1":"post","2":"type-post","3":"status-publish","4":"format-standard","5":"has-post-thumbnail","7":"category-tenis","8":"tag-alcaraz","9":"tag-cincinnati","10":"tag-deportes","11":"tag-es","12":"tag-espana","13":"tag-horario","14":"tag-hoy","15":"tag-masters","16":"tag-medjedovic","17":"tag-partido","18":"tag-spain","19":"tag-sports","20":"tag-television","21":"tag-tenis","22":"tag-tennis","23":"tag-ver"},"share_on_mastodon":{"url":"","error":""},"_links":{"self":[{"href":"https:\/\/www.europesays.com\/es\/wp-json\/wp\/v2\/posts\/42157","targetHints":{"allow":["GET"]}}],"collection":[{"href":"https:\/\/www.europesays.com\/es\/wp-json\/wp\/v2\/posts"}],"about":[{"href":"https:\/\/www.europesays.com\/es\/wp-json\/wp\/v2\/types\/post"}],"author":[{"embeddable":true,"href":"https:\/\/www.europesays.com\/es\/wp-json\/wp\/v2\/users\/2"}],"replies":[{"embeddable":true,"href":"https:\/\/www.europesays.com\/es\/wp-json\/wp\/v2\/comments?post=42157"}],"version-history":[{"count":0,"href":"https:\/\/www.europesays.com\/es\/wp-json\/wp\/v2\/posts\/42157\/revisions"}],"wp:featuredmedia":[{"embeddable":true,"href":"https:\/\/www.europesays.com\/es\/wp-json\/wp\/v2\/media\/42158"}],"wp:attachment":[{"href":"https:\/\/www.europesays.com\/es\/wp-json\/wp\/v2\/media?parent=42157"}],"wp:term":[{"taxonomy":"category","embeddable":true,"href":"https:\/\/www.europesays.com\/es\/wp-json\/wp\/v2\/categories?post=42157"},{"taxonomy":"post_tag","embeddable":true,"href":"https:\/\/www.europesays.com\/es\/wp-json\/wp\/v2\/tags?post=42157"}],"curies":[{"name":"wp","href":"https:\/\/api.w.org\/{rel}","templated":true}]}}