{"id":421687,"date":"2026-02-28T15:31:21","date_gmt":"2026-02-28T15:31:21","guid":{"rendered":"https:\/\/www.europesays.com\/es\/421687\/"},"modified":"2026-02-28T15:31:21","modified_gmt":"2026-02-28T15:31:21","slug":"la-vuelta-al-bidasoa-finalmente-tambien-se-disputara-este-ano","status":"publish","type":"post","link":"https:\/\/www.europesays.com\/es\/421687\/","title":{"rendered":"La Vuelta al Bidasoa finalmente tambi\u00e9n se disputar\u00e1 este a\u00f1o"},"content":{"rendered":"<p>                            <img loading=\"lazy\" decoding=\"async\" src=\"https:\/\/www.europesays.com\/es\/wp-content\/uploads\/2026\/02\/24999cfa-34ea-4532-8e9e-7c4a50e6b1fe_16-9-discover-aspect-ratio_default_1020601.jpg\" alt=\"Llegada de la \u00faltima etapa de la edici\u00f3n de 2025 de la Vuelta al Bidasoa.\" width=\"1125\" height=\"633\" title=\"Llegada de la \u00faltima etapa de la edici\u00f3n de 2025 de la Vuelta al Bidasoa.\" style=\"height:auto;\"\/><\/p>\n<p class=\"article-photo__footer\">\n        Llegada de la \u00faltima etapa de la edici\u00f3n de 2025 de la Vuelta al Bidasoa.<br \/>\n                    Iker Azurmendi\n            <\/p>\n<p class=\"article-body__text article-body__text--entry article-body__text-middle\">\n        <strong>Finalmente, la <\/strong><a href=\"https:\/\/www.noticiasdegipuzkoa.eus\/tags\/vuelta-al-bidasoa\/\" title=\"Vuelta al Bidasoa\" class=\"link copy\" rel=\"nofollow noopener\" target=\"_blank\"><strong>Vuelta al Bidasoa <\/strong><\/a><strong>tambi\u00e9n se celebrar\u00e1 en 2026.<\/strong> La organizaci\u00f3n de la prueba, en manos de Bidasoa Itzulia Kirol Elkartea, hab\u00eda comunicado el pasado mes de enero que <strong>este a\u00f1o no iba a disputarse la carrera por problemas econ\u00f3micos<\/strong>, y que se iba a centrar en la preparaci\u00f3n de la edici\u00f3n de 2027, pero, tras este anuncio, la Federaci\u00f3n Guipuzcoana de Ciclismo contact\u00f3 con los responsables de la prueba y les propuso trabajar conjuntamente para llevar a cabo la edici\u00f3n de 2026. As\u00ed, la Vuelta al Bidasoa se disputar\u00e1 en las fechas previstas, <strong>del 8 al 10 de mayo.<\/strong>\n<\/p>\n<p class=\"article-body__text \">\n        La prueba tambi\u00e9n cuenta con el respaldo de la Diputaci\u00f3n de Gipuzkoa, del Consorcio Transfronterizo Bidasoa-Txingudi, los municipios de Hendaia, Hondarribia e Irun y de Irungo Txirrindulari Elkartea, as\u00ed como de varios patrocinadores privados.\n<\/p>\n<p class=\"article-body__text \">\n        La Vuelta al Bidasoa es una de las citas m\u00e1s importantes del <strong>calendario amateur<\/strong> en Euskadi. \u00a0<\/p>\n","protected":false},"excerpt":{"rendered":"Llegada de la \u00faltima etapa de la edici\u00f3n de 2025 de la Vuelta al Bidasoa. Iker Azurmendi Finalmente,&hellip;\n","protected":false},"author":2,"featured_media":371680,"comment_status":"","ping_status":"","sticky":false,"template":"","format":"standard","meta":{"footnotes":""},"categories":[273],"tags":[1611,2645,313,312,168,7222,25,24,14896,23,167,1357],"class_list":["post-421687","post","type-post","status-publish","format-standard","has-post-thumbnail","category-ciclismo","tag-ano","tag-bidasoa","tag-ciclismo","tag-cycling","tag-deportes","tag-disputara","tag-es","tag-espana","tag-finalmente","tag-spain","tag-sports","tag-vuelta"],"share_on_mastodon":{"url":"https:\/\/pubeurope.com\/@es\/116148979892494471","error":""},"_links":{"self":[{"href":"https:\/\/www.europesays.com\/es\/wp-json\/wp\/v2\/posts\/421687","targetHints":{"allow":["GET"]}}],"collection":[{"href":"https:\/\/www.europesays.com\/es\/wp-json\/wp\/v2\/posts"}],"about":[{"href":"https:\/\/www.europesays.com\/es\/wp-json\/wp\/v2\/types\/post"}],"author":[{"embeddable":true,"href":"https:\/\/www.europesays.com\/es\/wp-json\/wp\/v2\/users\/2"}],"replies":[{"embeddable":true,"href":"https:\/\/www.europesays.com\/es\/wp-json\/wp\/v2\/comments?post=421687"}],"version-history":[{"count":0,"href":"https:\/\/www.europesays.com\/es\/wp-json\/wp\/v2\/posts\/421687\/revisions"}],"wp:featuredmedia":[{"embeddable":true,"href":"https:\/\/www.europesays.com\/es\/wp-json\/wp\/v2\/media\/371680"}],"wp:attachment":[{"href":"https:\/\/www.europesays.com\/es\/wp-json\/wp\/v2\/media?parent=421687"}],"wp:term":[{"taxonomy":"category","embeddable":true,"href":"https:\/\/www.europesays.com\/es\/wp-json\/wp\/v2\/categories?post=421687"},{"taxonomy":"post_tag","embeddable":true,"href":"https:\/\/www.europesays.com\/es\/wp-json\/wp\/v2\/tags?post=421687"}],"curies":[{"name":"wp","href":"https:\/\/api.w.org\/{rel}","templated":true}]}}