{"id":421825,"date":"2026-02-28T17:30:10","date_gmt":"2026-02-28T17:30:10","guid":{"rendered":"https:\/\/www.europesays.com\/es\/421825\/"},"modified":"2026-02-28T17:30:10","modified_gmt":"2026-02-28T17:30:10","slug":"asi-han-sido-los-mejores-looks-de-las-invitadas","status":"publish","type":"post","link":"https:\/\/www.europesays.com\/es\/421825\/","title":{"rendered":"as\u00ed han sido los mejores looks de las invitadas"},"content":{"rendered":"<p id=\"eFNZai6cve\" data-wc=\"114\">El Teatro de la Maestranza se ha convertido hoy en el gran escaparate de estilo del <strong>D\u00eda de Andaluc\u00eda<\/strong>. El acto institucional, que ha reunido a destacadas figuras del \u00e1mbito cultural, art\u00edstico y social de la comunidad, no solo ha estado marcado por la emoci\u00f3n de los reconocimientos <a class=\"hm-link ho-link\" href=\"https:\/\/www.hola.com\/moda\/20260228886663\/paz-vega-hija-predilecta-dia-andalucia-look-hija-ava\/\" rel=\"noopener nofollow\" target=\"_blank\" data-mrf-recirculation=\"article-body-link\">\u2014con Paz Vega recibiendo el t\u00edtulo de Hija Predilecta de Andaluc\u00eda\u2014<\/a> sino tambi\u00e9n por un desfile de invitadas que han elevado el list\u00f3n de elegancia. Junto a ella han brillado nombres como <strong>Eva Gonz\u00e1lez, Isabel Jim\u00e9nez y Ana Mena<\/strong>, que ha aportado el toque m\u00e1s urbano y juvenil a una jornada donde tradici\u00f3n y modernidad se han dado la mano tambi\u00e9n a trav\u00e9s de la moda.<\/p>\n<p>  <img src=\"https:\/\/www.europesays.com\/es\/wp-content\/uploads\/2026\/02\/5a07a7b287ca-u601115006.jpg\"   width=\"682\" height=\"1024\" loading=\"lazy\" decoding=\"async\" alt=\"Eva Gonz\u00e1lez en la gala de las medallas de Andaluc\u00eda, en Sevilla.\" fetchpriority=\"auto\" class=\"image ho-image\"\/>\u00a9 GTRES<\/p>\n<p> Eva Gonz\u00e1lez<\/p>\n<p id=\"ecWV5gopNC2\">La modelo y presentadora ha lucido un vestido cl\u00e1sico en color blanco de corte lady. Un dise\u00f1o elegante de manga larga con cintur\u00f3n que favorece la figura. Ha optado por complementos en nude\u00a0y un recogido pulido.<\/p>\n<p>  <img src=\"https:\/\/www.europesays.com\/es\/wp-content\/uploads\/2026\/02\/29a54a3d4976-u601115022.jpg\"   width=\"682\" height=\"1024\" loading=\"lazy\" decoding=\"async\" alt=\"Ana Mena en la gala de las medallas de Andaluc\u00eda, en Sevilla.\" fetchpriority=\"auto\" class=\"image ho-image\"\/>\u00a9 GTRES<\/p>\n<p> Ana Mena<\/p>\n<p id=\"e4BaCelMaEH\">La cantante y actriz ha apostado por un look mucho m\u00e1s actual, urbano y juvenil. Con un vestido blazer corto, estructurado y ligeramente oversize\u00a0que se ajusta a la cintura. Lo ha completado con un bolso negro y zapatos de tac\u00f3n del mismo color.\u00a0<\/p>\n<p>  <img src=\"https:\/\/www.europesays.com\/es\/wp-content\/uploads\/2026\/02\/d4636231a296-u601115033.jpg\"   width=\"682\" height=\"1024\" loading=\"lazy\" decoding=\"async\" alt=\"Isabel Jim\u00e9nez en la gala de las medallas de Andaluc\u00eda, en Sevilla.\" fetchpriority=\"auto\" class=\"image ho-image\"\/>\u00a9 GTRES<\/p>\n<p> Isabel Jim\u00e9nez<\/p>\n<p id=\"eVDqawF9IGs\">La presentadora de televisi\u00f3n y escritora, fiel a su estilo, ha elegido un traje elegante de color gris, con hombreras y un corte muy elegante.\u00a0<\/p>\n<p>  <img src=\"https:\/\/www.europesays.com\/es\/wp-content\/uploads\/2026\/02\/19a1927ab24b-u601115017.jpg\"   width=\"682\" height=\"1024\" loading=\"lazy\" decoding=\"async\" alt=\"Paz Vega en la gala de las medallas de Andaluc\u00eda, en Sevilla.\" fetchpriority=\"auto\" class=\"image ho-image\"\/>\u00a9 GTRES<\/p>\n<p> Paz Vega y su hija Ava<\/p>\n<p id=\"esNuQ5zuQfC\">La actriz, nombrada Hija Predilecta de Andaluc\u00eda, ha asistido junto a su hija con un vestido de firma espa\u00f1ola. Se trata de un dise\u00f1o de The IQ Collection, minimalista y atemporal. Su hija ha apostado por por un look m\u00e1s informal, con blazer negra, camiseta blanca, vaqueros y zapatos negros de tac\u00f3n.\u00a0<\/p>\n<p>  <img src=\"https:\/\/www.europesays.com\/es\/wp-content\/uploads\/2026\/02\/5c8547e7fb55-u601115010.jpg\"   width=\"682\" height=\"1024\" loading=\"lazy\" decoding=\"async\" alt=\"Sandra Golpe en la gala de las medallas de Andaluc\u00eda, en Sevilla.\" fetchpriority=\"auto\" class=\"image ho-image\"\/>\u00a9 GTRES<\/p>\n<p> Sandra Golpe<\/p>\n<p id=\"eiwmZq3JcsV\">La presentadora ha lucido un conjunto bicolor, en blanco y negro, de dos piezas. Un dise\u00f1o asim\u00e9trico muy elegante.\u00a0<\/p>\n<p>  <img src=\"https:\/\/www.europesays.com\/es\/wp-content\/uploads\/2026\/02\/a5776b9fd6db-u601115028.jpg\"   width=\"682\" height=\"1024\" loading=\"lazy\" decoding=\"async\" alt=\"Isabel R\u00e1bago en la gala de las medallas de Andaluc\u00eda, en Sevilla.\" fetchpriority=\"auto\" class=\"image ho-image\"\/>\u00a9 GTRES<\/p>\n<p> Isabel R\u00e1bago<\/p>\n<p id=\"eump_b6ekoe\">La colaboradora de televisi\u00f3n ha apostado por el rojo para este evento tan especial. Ha lucido un look compuesto por una blusa rom\u00e1ntica y unos pantalones largos de traje.\u00a0<\/p>\n<p>  <img src=\"https:\/\/www.europesays.com\/es\/wp-content\/uploads\/2026\/02\/9b1edbc2482a-u601115039.jpg\"   width=\"682\" height=\"1024\" loading=\"lazy\" decoding=\"async\" alt=\"To\u00f1i Moreno en la gala de las medallas de Andaluc\u00eda, en Sevilla.\" fetchpriority=\"auto\" class=\"image ho-image\"\/>\u00a9 GTRES<\/p>\n<p> To\u00f1i Moreno<\/p>\n<p id=\"eLNBrypBroR\">La presentadora ha seguido fiel a su estilo con un traje negro y ha puesto el punto informal y urbanos con unas zapatillas de deporte.\u00a0<\/p>\n","protected":false},"excerpt":{"rendered":"El Teatro de la Maestranza se ha convertido hoy en el gran escaparate de estilo del D\u00eda de&hellip;\n","protected":false},"author":2,"featured_media":421826,"comment_status":"","ping_status":"","sticky":false,"template":"","format":"standard","meta":{"footnotes":""},"categories":[174],"tags":[1024,22249,89885,255,146,147,25,24,2764,256,12312,28566,54123,22403,1023,25654,338,50232,23],"class_list":["post-421825","post","type-post","status-publish","format-standard","has-post-thumbnail","category-famosos","tag-actualidad-moda","tag-ana-mena","tag-ava-salazar","tag-celebrities","tag-entertainment","tag-entretenimiento","tag-es","tag-espana","tag-eva-gonzalez","tag-famosos","tag-isabel-jimenez","tag-isabel-rabago","tag-looks","tag-mejores-looks","tag-moda","tag-paz-vega","tag-portada","tag-sandra-golpe","tag-spain"],"share_on_mastodon":{"url":"https:\/\/pubeurope.com\/@es\/116149448060865834","error":""},"_links":{"self":[{"href":"https:\/\/www.europesays.com\/es\/wp-json\/wp\/v2\/posts\/421825","targetHints":{"allow":["GET"]}}],"collection":[{"href":"https:\/\/www.europesays.com\/es\/wp-json\/wp\/v2\/posts"}],"about":[{"href":"https:\/\/www.europesays.com\/es\/wp-json\/wp\/v2\/types\/post"}],"author":[{"embeddable":true,"href":"https:\/\/www.europesays.com\/es\/wp-json\/wp\/v2\/users\/2"}],"replies":[{"embeddable":true,"href":"https:\/\/www.europesays.com\/es\/wp-json\/wp\/v2\/comments?post=421825"}],"version-history":[{"count":0,"href":"https:\/\/www.europesays.com\/es\/wp-json\/wp\/v2\/posts\/421825\/revisions"}],"wp:featuredmedia":[{"embeddable":true,"href":"https:\/\/www.europesays.com\/es\/wp-json\/wp\/v2\/media\/421826"}],"wp:attachment":[{"href":"https:\/\/www.europesays.com\/es\/wp-json\/wp\/v2\/media?parent=421825"}],"wp:term":[{"taxonomy":"category","embeddable":true,"href":"https:\/\/www.europesays.com\/es\/wp-json\/wp\/v2\/categories?post=421825"},{"taxonomy":"post_tag","embeddable":true,"href":"https:\/\/www.europesays.com\/es\/wp-json\/wp\/v2\/tags?post=421825"}],"curies":[{"name":"wp","href":"https:\/\/api.w.org\/{rel}","templated":true}]}}