{"id":421885,"date":"2026-02-28T18:24:10","date_gmt":"2026-02-28T18:24:10","guid":{"rendered":"https:\/\/www.europesays.com\/es\/421885\/"},"modified":"2026-02-28T18:24:10","modified_gmt":"2026-02-28T18:24:10","slug":"asi-han-cantado-su-inolvidable-asereje-con-elettra-lamborghini","status":"publish","type":"post","link":"https:\/\/www.europesays.com\/es\/421885\/","title":{"rendered":"as\u00ed han cantado su inolvidable &#8216;Aserej\u00e9&#8217; con Elettra Lamborghini"},"content":{"rendered":"<p class=\"article-text\">\n        <strong>Las Ketchup<\/strong> actuaron este viernes 27 de febrero en <strong>Sanremo<\/strong>, el festival con el que Italia elige a sus representantes en <strong>Eurovisi\u00f3n<\/strong>. Lo hicieron en calidad de invitadas, como acompa\u00f1antes de <strong>Elettra Lamborghini<\/strong>, firme candidata a ganar esta edici\u00f3n del certamen.\n    <\/p>\n<p>    <a href=\"https:\/\/www.eldiario.es\/vertele\/series\/muere-actor-bobby-j-brown-the-wire-victima-incendio-casa_1_13028721.html\" data-mrf-recirculation=\"saber-mas\" data-dl-event=\"saber-mas\" rel=\"nofollow noopener\" target=\"_blank\"><\/p>\n<p class=\"know-more__title\">Muere el actor Bobby J. Brown, conocido por su papel en &#8216;The Wire&#8217;, v\u00edctima de un incendio en su casa<\/p>\n<p>            <img decoding=\"async\" class=\"lazy\" loading=\"lazy\" data-src=\"https:\/\/static.eldiario.es\/clip\/39d98389-c756-4bf4-ad0f-3f06bb832fb5_16-9-aspect-ratio_default_0.jpg\" src=\"data:image\/svg+xml,%3Csvg xmlns=\" http:=\"\" viewbox=\"0 0 880 495\" alt=\"Muere el actor Bobby J. Brown, conocido por su papel en 'The Wire', v\u00edctima de un incendio en su casa\"\/><\/p>\n<p>                        <\/a><\/p>\n<p class=\"article-text\">\n        La de ayer era una gala en la que los aspirantes dejaban de lado sus propias canciones para hacer otro tipo de actuaciones, as\u00ed que Lamborghini sali\u00f3 al escenario con las hermanas Luc\u00eda, Lola y Pilar Mu\u00f1oz, las integrantes de este ic\u00f3nico grupo cordob\u00e9s.\n    <\/p>\n<blockquote class=\"twitter-tweet\" data-lang=\"es\"><p><a href=\"https:\/\/twitter.com\/X\/status\/2027475107241734405?ref_src=twsrc%5Etfw\" rel=\"nofollow noopener\" target=\"_blank\"><\/p><\/blockquote>\n<p class=\"article-text\">\n        Con ellas interpret\u00f3 <strong>Aserej\u00e9<\/strong>, el innolvidable tema que las catapult\u00f3 al estrellato en 2002. Cuatro a\u00f1os despu\u00e9s de aquel exitazo, Las Ketchup represenaron a Espa\u00f1a en Eurovisi\u00f3n con la canci\u00f3n <strong>Un blodymary<\/strong>.\n    <\/p>\n<p>    <a href=\"https:\/\/www.eldiario.es\/vertele\/noticias\/de-viernes-beatriz-archidona-frena-carlo-costanzia-pelea-antonio-rossi_1_13028943.html\" data-mrf-recirculation=\"saber-mas-abajo\" data-dl-event=\"saber-mas-abajo\" rel=\"nofollow noopener\" target=\"_blank\"><\/p>\n<p class=\"know-more__title\">Beatriz Archidona frena a Carlo Costanzia en &#8216;De Viernes&#8217;: \u201cVamos a moderar los t\u00e9rminos hacia Antonio Rossi\u201d<\/p>\n<p>            <img decoding=\"async\" class=\"lazy\" loading=\"lazy\" data-src=\"https:\/\/static.eldiario.es\/clip\/9dab3605-6429-40b5-95b5-ea36497d24ad_16-9-aspect-ratio_default_0.jpg\" src=\"data:image\/svg+xml,%3Csvg xmlns=\" http:=\"\" viewbox=\"0 0 880 495\" alt=\"Beatriz Archidona frena a Carlo Costanzia en 'De Viernes': &quot;Vamos a moderar los t\u00e9rminos hacia Antonio Rossi&quot;\"\/><\/p>\n<p>                        <\/a><\/p>\n<p class=\"article-text\">\n        Las Ketchup refuerzan de este modo su v\u00ednculo eurovisivo y Espa\u00f1a, que este a\u00f1o no participar\u00e1 en Eurovisi\u00f3n, vuelve a colarse en Sanremo despu\u00e9s de que Miguel \u00c1ngel Mu\u00f1oz (2007), Ana Mena (2021 y 2022) y Aitana (2024) llevaran el acento espa\u00f1ol a la preselecci\u00f3n italiana.\n    <\/p>\n<p>                                    <script async src=\"https:\/\/platform.twitter.com\/widgets.js\" charset=\"utf-8\"><\/script><\/p>\n","protected":false},"excerpt":{"rendered":"Las Ketchup actuaron este viernes 27 de febrero en Sanremo, el festival con el que Italia elige a&hellip;\n","protected":false},"author":2,"featured_media":421886,"comment_status":"","ping_status":"","sticky":false,"template":"","format":"standard","meta":{"footnotes":""},"categories":[91],"tags":[23903,51036,89895,146,147,25,24,3575,21874,23901,23143,89894,5785,23],"class_list":["post-421885","post","type-post","status-publish","format-standard","has-post-thumbnail","category-entretenimiento","tag-asereje","tag-cantado","tag-elettra","tag-entertainment","tag-entretenimiento","tag-es","tag-espana","tag-han","tag-inolvidable","tag-ketchup","tag-lamborghini","tag-sanremo","tag-sorpresa","tag-spain"],"share_on_mastodon":{"url":"https:\/\/pubeurope.com\/@es\/116149660276050887","error":""},"_links":{"self":[{"href":"https:\/\/www.europesays.com\/es\/wp-json\/wp\/v2\/posts\/421885","targetHints":{"allow":["GET"]}}],"collection":[{"href":"https:\/\/www.europesays.com\/es\/wp-json\/wp\/v2\/posts"}],"about":[{"href":"https:\/\/www.europesays.com\/es\/wp-json\/wp\/v2\/types\/post"}],"author":[{"embeddable":true,"href":"https:\/\/www.europesays.com\/es\/wp-json\/wp\/v2\/users\/2"}],"replies":[{"embeddable":true,"href":"https:\/\/www.europesays.com\/es\/wp-json\/wp\/v2\/comments?post=421885"}],"version-history":[{"count":0,"href":"https:\/\/www.europesays.com\/es\/wp-json\/wp\/v2\/posts\/421885\/revisions"}],"wp:featuredmedia":[{"embeddable":true,"href":"https:\/\/www.europesays.com\/es\/wp-json\/wp\/v2\/media\/421886"}],"wp:attachment":[{"href":"https:\/\/www.europesays.com\/es\/wp-json\/wp\/v2\/media?parent=421885"}],"wp:term":[{"taxonomy":"category","embeddable":true,"href":"https:\/\/www.europesays.com\/es\/wp-json\/wp\/v2\/categories?post=421885"},{"taxonomy":"post_tag","embeddable":true,"href":"https:\/\/www.europesays.com\/es\/wp-json\/wp\/v2\/tags?post=421885"}],"curies":[{"name":"wp","href":"https:\/\/api.w.org\/{rel}","templated":true}]}}