{"id":42195,"date":"2025-08-12T09:35:08","date_gmt":"2025-08-12T09:35:08","guid":{"rendered":"https:\/\/www.europesays.com\/es\/42195\/"},"modified":"2025-08-12T09:35:08","modified_gmt":"2025-08-12T09:35:08","slug":"el-balonmano-soria-estrena-la-pretemporada-en-casa-con-el-derbi-del-moncayo","status":"publish","type":"post","link":"https:\/\/www.europesays.com\/es\/42195\/","title":{"rendered":"El Balonmano Soria estrena la pretemporada en casa con el Derbi del Moncayo"},"content":{"rendered":"<p class=\"prip\">El Polideportivo San Andr\u00e9s se prepara para acoger el primer amistoso de los amarillos ante su p\u00fablico esta temporada. El equipo dirigido por Oriol Castellarnau se mide a un rival directo, el BM Contazara Zaragoza, en un duelo que servir\u00e1 como una importante piedra de toque para la preparaci\u00f3n del conjunto soriano.<\/p>\n<p class=\"prip\">El balonmano de competici\u00f3n regresa al parqu\u00e9 de San Andr\u00e9s este jueves. El <strong>Balonmano Soria<\/strong> disputar\u00e1 su segundo encuentro de preparaci\u00f3n, pero ser\u00e1 el primero ante su afici\u00f3n, una cita esperada para que el equipo y la grada comiencen a forjar la conexi\u00f3n necesaria de cara a una temporada exigente en la Divisi\u00f3n de Honor Plata.<\/p>\n<p>El rival ser\u00e1 el <strong>BM Contazara Zaragoza<\/strong>, un equipo que comparte con los sorianos el estatus de reci\u00e9n ascendido a la segunda categor\u00eda del balonmano nacional. El encuentro, que ha sido bautizado como el <strong>Derbi del Moncayo<\/strong>, enfrentar\u00e1 a dos proyectos con ambiciones paralelas y que estar\u00e1n dirigidos desde los banquillos por dos t\u00e9cnicos de prestigio: Oriol Castellarnau en el lado local y el hist\u00f3rico <strong>Mariano Ortega<\/strong> en el visitante.<\/p>\n<p>Un test para seguir creciendo<\/p>\n<p>Tras una primera prueba de gran exigencia en \u00d3lvega ante Anaitasuna, este segundo partido de pretemporada tiene como objetivo principal seguir ensamblando las piezas del equipo. El cuerpo t\u00e9cnico buscar\u00e1 <strong>afinar los sistemas defensivos<\/strong> y continuar <strong>trabajando el ataque posicional<\/strong>, aspectos clave a poco menos de un mes para el inicio oficial de la liga. El choque funcionar\u00e1 como un term\u00f3metro para medir la evoluci\u00f3n y el estado de forma del bloque.<\/p>\n<p>El reencuentro con la afici\u00f3n amarilla<\/p>\n<p>M\u00e1s all\u00e1 del resultado, el partido del jueves representa una oportunidad fundamental para que la plantilla sienta de nuevo el calor de su p\u00fablico. Ser\u00e1 el momento para que la afici\u00f3n soriana pueda ver en acci\u00f3n a las <strong>nuevas incorporaciones<\/strong> del equipo para esta ilusionante campa\u00f1a. Se espera que el <strong>Polideportivo San Andr\u00e9s<\/strong> recupere la atm\u00f3sfera y la <strong>energ\u00eda competitiva<\/strong> que lo han convertido en un fort\u00edn en temporadas anteriores.<\/p>\n<p>El entrenador del Balonmano Soria, Oriol Castellarnau, ha subrayado la importancia de este primer contacto con la grada. \u201cQueremos que el equipo sienta el calor de la grada desde el primer d\u00eda en casa. Este partido nos ayudar\u00e1 a seguir <strong>creciendo como bloque<\/strong>\u201d, ha destacado el t\u00e9cnico catal\u00e1n.<\/p>\n<p>Informaci\u00f3n clave del partido<\/p>\n<ul>\n<li><strong>Partido:<\/strong> Balonmano Soria vs. BM Contazara Zaragoza.<\/li>\n<p>&#13;<\/p>\n<li><strong>Competici\u00f3n:<\/strong> Partido amistoso de pretemporada.<\/li>\n<p>&#13;<\/p>\n<li><strong>Fecha:<\/strong> Jueves, 14 de agosto de 2025.<\/li>\n<p>&#13;<\/p>\n<li><strong>Hora:<\/strong> 18:00 horas.<\/li>\n<p>&#13;<\/p>\n<li><strong>Lugar:<\/strong> Polideportivo San Andr\u00e9s (Soria).<\/li>\n<p>&#13;\n<\/ul>\n","protected":false},"excerpt":{"rendered":"El Polideportivo San Andr\u00e9s se prepara para acoger el primer amistoso de los amarillos ante su p\u00fablico esta&hellip;\n","protected":false},"author":2,"featured_media":42196,"comment_status":"","ping_status":"","sticky":false,"template":"","format":"standard","meta":{"footnotes":""},"categories":[278],"tags":[45,376,168,8656,25,24,375,11275,18734,20087,246,23,167,491],"class_list":{"0":"post-42195","1":"post","2":"type-post","3":"status-publish","4":"format-standard","5":"has-post-thumbnail","7":"category-balonmano","8":"tag-45","9":"tag-balonmano","10":"tag-deportes","11":"tag-division-de-honor-plata","12":"tag-es","13":"tag-espana","14":"tag-handball","15":"tag-moncayo","16":"tag-olvega","17":"tag-oriol-castellarnau","18":"tag-soria","19":"tag-spain","20":"tag-sports","21":"tag-zaragoza"},"share_on_mastodon":{"url":"","error":""},"_links":{"self":[{"href":"https:\/\/www.europesays.com\/es\/wp-json\/wp\/v2\/posts\/42195","targetHints":{"allow":["GET"]}}],"collection":[{"href":"https:\/\/www.europesays.com\/es\/wp-json\/wp\/v2\/posts"}],"about":[{"href":"https:\/\/www.europesays.com\/es\/wp-json\/wp\/v2\/types\/post"}],"author":[{"embeddable":true,"href":"https:\/\/www.europesays.com\/es\/wp-json\/wp\/v2\/users\/2"}],"replies":[{"embeddable":true,"href":"https:\/\/www.europesays.com\/es\/wp-json\/wp\/v2\/comments?post=42195"}],"version-history":[{"count":0,"href":"https:\/\/www.europesays.com\/es\/wp-json\/wp\/v2\/posts\/42195\/revisions"}],"wp:featuredmedia":[{"embeddable":true,"href":"https:\/\/www.europesays.com\/es\/wp-json\/wp\/v2\/media\/42196"}],"wp:attachment":[{"href":"https:\/\/www.europesays.com\/es\/wp-json\/wp\/v2\/media?parent=42195"}],"wp:term":[{"taxonomy":"category","embeddable":true,"href":"https:\/\/www.europesays.com\/es\/wp-json\/wp\/v2\/categories?post=42195"},{"taxonomy":"post_tag","embeddable":true,"href":"https:\/\/www.europesays.com\/es\/wp-json\/wp\/v2\/tags?post=42195"}],"curies":[{"name":"wp","href":"https:\/\/api.w.org\/{rel}","templated":true}]}}