{"id":42211,"date":"2025-08-12T09:46:11","date_gmt":"2025-08-12T09:46:11","guid":{"rendered":"https:\/\/www.europesays.com\/es\/42211\/"},"modified":"2025-08-12T09:46:11","modified_gmt":"2025-08-12T09:46:11","slug":"libro-de-nelson-alvarez-el-canela-sera-lanzado-en-biblioteca-publica-de-san-pedro-de-la-paz","status":"publish","type":"post","link":"https:\/\/www.europesays.com\/es\/42211\/","title":{"rendered":"Libro de Nelson \u00c1lvarez \u201cEl Canela\u201d ser\u00e1 lanzado en Biblioteca P\u00fablica de San Pedro de la Paz"},"content":{"rendered":"<p><strong>Para este jueves 14 de agosto, a las 18.30 horas en la Biblioteca P\u00fablica de San Pedro de la Paz,<\/strong> tendr\u00e1 lugar el lanzamiento de la antolog\u00eda <strong>\u201cD\u00e9cimas para una Naci\u00f3n\u201d<\/strong>, del reconocido <strong>autor local Nelson \u00c1lvarez \u201cEl Canela\u201d, proyecto financiado por el Fondo Nacional de Fomento del Libro y la Lectura<\/strong>, convocatoria 2025 del Ministerio de las Culturas, el cual explora la riqueza de la d\u00e9cima como forma po\u00e9tica para narrar la identidad nacional desde un punto de vista social y cultural.<\/p>\n<p>\u201c\u201dD\u00e9cimas para una Naci\u00f3n\u201d es un libro que promete ser un aporte valioso al panorama literario chileno, ofreciendo a los lectores una profunda y emotiva exploraci\u00f3n de la cultura a trav\u00e9s de la poes\u00eda popular. <strong>Obra que invita a la reflexi\u00f3n y al encuentro con la historia reciente a trav\u00e9s de la pluma de Nelson \u00c1lvarez \u201cEl Canela\u201d en el arte de la d\u00e9cima<\/strong>\u201d, se\u00f1alaron desde la producci\u00f3n de esta iniciativa.<\/p>\n<p>Fuera de esta presentaci\u00f3n, <strong>el 30 de septiembre a las 17.00 horas<\/strong>, en el Auditorio de DUOC UC sede Concepci\u00f3n, el libro realizar\u00e1 un nuevo lanzamiento <strong>abierto a toda la comunidad.<\/strong><\/p>\n<p><img loading=\"lazy\" decoding=\"async\" class=\"aligncenter wp-image-466059 size-full\" src=\"https:\/\/www.europesays.com\/es\/wp-content\/uploads\/2025\/08\/afiche-libro-e1754950750890.png\" alt=\"\" width=\"900\" height=\"1273\"\/><\/p>\n","protected":false},"excerpt":{"rendered":"Para este jueves 14 de agosto, a las 18.30 horas en la Biblioteca P\u00fablica de San Pedro de&hellip;\n","protected":false},"author":2,"featured_media":42212,"comment_status":"","ping_status":"","sticky":false,"template":"","format":"standard","meta":{"footnotes":""},"categories":[172],"tags":[224,20091,20092,146,147,25,24,20093,225,20094,23],"class_list":{"0":"post-42211","1":"post","2":"type-post","3":"status-publish","4":"format-standard","5":"has-post-thumbnail","7":"category-libros","8":"tag-books","9":"tag-decimas-para-na-nacion","10":"tag-el-canela","11":"tag-entertainment","12":"tag-entretenimiento","13":"tag-es","14":"tag-espana","15":"tag-lanzamiento-libro","16":"tag-libros","17":"tag-nelson-alvarez","18":"tag-spain"},"share_on_mastodon":{"url":"","error":""},"_links":{"self":[{"href":"https:\/\/www.europesays.com\/es\/wp-json\/wp\/v2\/posts\/42211","targetHints":{"allow":["GET"]}}],"collection":[{"href":"https:\/\/www.europesays.com\/es\/wp-json\/wp\/v2\/posts"}],"about":[{"href":"https:\/\/www.europesays.com\/es\/wp-json\/wp\/v2\/types\/post"}],"author":[{"embeddable":true,"href":"https:\/\/www.europesays.com\/es\/wp-json\/wp\/v2\/users\/2"}],"replies":[{"embeddable":true,"href":"https:\/\/www.europesays.com\/es\/wp-json\/wp\/v2\/comments?post=42211"}],"version-history":[{"count":0,"href":"https:\/\/www.europesays.com\/es\/wp-json\/wp\/v2\/posts\/42211\/revisions"}],"wp:featuredmedia":[{"embeddable":true,"href":"https:\/\/www.europesays.com\/es\/wp-json\/wp\/v2\/media\/42212"}],"wp:attachment":[{"href":"https:\/\/www.europesays.com\/es\/wp-json\/wp\/v2\/media?parent=42211"}],"wp:term":[{"taxonomy":"category","embeddable":true,"href":"https:\/\/www.europesays.com\/es\/wp-json\/wp\/v2\/categories?post=42211"},{"taxonomy":"post_tag","embeddable":true,"href":"https:\/\/www.europesays.com\/es\/wp-json\/wp\/v2\/tags?post=42211"}],"curies":[{"name":"wp","href":"https:\/\/api.w.org\/{rel}","templated":true}]}}