{"id":422241,"date":"2026-02-28T23:27:08","date_gmt":"2026-02-28T23:27:08","guid":{"rendered":"https:\/\/www.europesays.com\/es\/422241\/"},"modified":"2026-02-28T23:27:08","modified_gmt":"2026-02-28T23:27:08","slug":"en-libertad-el-detenido-por-la-muerte-de-una-mujer-en-el-puerto-tras-revelarse-que-murio-por-una-parada-cardiaca","status":"publish","type":"post","link":"https:\/\/www.europesays.com\/es\/422241\/","title":{"rendered":"En libertad el detenido por la muerte de una mujer en El Puerto tras revelarse que muri\u00f3 por una parada cardiaca"},"content":{"rendered":"<p style=\"\">El hombre detenido como presunto autor de la muerte de su mujer en El Puerto de Santa Mar\u00eda, un suceso ocurrido la tarde del viernes 27 de febrero, ha sido puesto en libertad tras revelar los resultados de la autopsia que la mujer falleci\u00f3 por &#8230; <strong>\u00a0una parada cardiaca,<\/strong> seg\u00fan han informado fuentes de la investigaci\u00f3n.<\/p>\n<p class=\"v-d-p\" style=\"\">Los hechos tuvieron lugar en la calle Sucre, en la zona de Los Romanos. El servicio unificado de Emergencias 112 recibi\u00f3 un aviso sobre las 13.30 horas informando del fallecimiento de una mujer, a quien los servicios sanitarios desplazados no pudieron salvar.<\/p>\n<p>\nUna parada cardiaca\n<\/p>\n<p class=\"v-d-p\" style=\"\">Tras el incidente, la Polic\u00eda detuvo al hombre y lo puso a disposici\u00f3n judicial. Por su parte, la Delegaci\u00f3n contra la Violencia de G\u00e9nero comenz\u00f3 a recabar informaci\u00f3n sobre el caso, inicialmente considerado como posible violencia de g\u00e9nero en la provincia de C\u00e1diz.<\/p>\n<p class=\"v-d-p\" style=\"\">Finalmente, la Autoridad Judicial ha decidido liberar al detenido, ya que los informes de la autopsia han confirmado que la causa de la muerte de la fallecida fue <strong>una parada cardiaca.<\/strong><\/p>\n","protected":false},"excerpt":{"rendered":"El hombre detenido como presunto autor de la muerte de su mujer en El Puerto de Santa Mar\u00eda,&hellip;\n","protected":false},"author":2,"featured_media":422242,"comment_status":"","ping_status":"","sticky":false,"template":"","format":"standard","meta":{"footnotes":""},"categories":[8],"tags":[17,18,8838,25,24,13,14,11,19,20,5085,4920,2461,11611,9,10,15,16,4032,89944,6999,23,12,575,21,22],"class_list":["post-422241","post","type-post","status-publish","format-standard","has-post-thumbnail","category-espana","tag-breaking-news","tag-breakingnews","tag-detenido","tag-es","tag-espana","tag-featured-news","tag-featurednews","tag-headlines","tag-latest-news","tag-latestnews","tag-libertad","tag-muerte","tag-mujer","tag-murio","tag-news","tag-noticias","tag-noticias-destacadas","tag-noticiasdestacadas","tag-puerto","tag-revelarse","tag-sobredosis","tag-spain","tag-titulares","tag-tras","tag-ultimas-noticias","tag-ultimasnoticias"],"share_on_mastodon":{"url":"https:\/\/pubeurope.com\/@es\/116150851769199856","error":""},"_links":{"self":[{"href":"https:\/\/www.europesays.com\/es\/wp-json\/wp\/v2\/posts\/422241","targetHints":{"allow":["GET"]}}],"collection":[{"href":"https:\/\/www.europesays.com\/es\/wp-json\/wp\/v2\/posts"}],"about":[{"href":"https:\/\/www.europesays.com\/es\/wp-json\/wp\/v2\/types\/post"}],"author":[{"embeddable":true,"href":"https:\/\/www.europesays.com\/es\/wp-json\/wp\/v2\/users\/2"}],"replies":[{"embeddable":true,"href":"https:\/\/www.europesays.com\/es\/wp-json\/wp\/v2\/comments?post=422241"}],"version-history":[{"count":0,"href":"https:\/\/www.europesays.com\/es\/wp-json\/wp\/v2\/posts\/422241\/revisions"}],"wp:featuredmedia":[{"embeddable":true,"href":"https:\/\/www.europesays.com\/es\/wp-json\/wp\/v2\/media\/422242"}],"wp:attachment":[{"href":"https:\/\/www.europesays.com\/es\/wp-json\/wp\/v2\/media?parent=422241"}],"wp:term":[{"taxonomy":"category","embeddable":true,"href":"https:\/\/www.europesays.com\/es\/wp-json\/wp\/v2\/categories?post=422241"},{"taxonomy":"post_tag","embeddable":true,"href":"https:\/\/www.europesays.com\/es\/wp-json\/wp\/v2\/tags?post=422241"}],"curies":[{"name":"wp","href":"https:\/\/api.w.org\/{rel}","templated":true}]}}