{"id":42257,"date":"2025-08-12T10:13:16","date_gmt":"2025-08-12T10:13:16","guid":{"rendered":"https:\/\/www.europesays.com\/es\/42257\/"},"modified":"2025-08-12T10:13:16","modified_gmt":"2025-08-12T10:13:16","slug":"las-dudas-de-xabi-alonso-de-cara-al-arranque-liguero-del-real-madrid-ancelotti-habria-puesto-a-los-de-siempre-futbol","status":"publish","type":"post","link":"https:\/\/www.europesays.com\/es\/42257\/","title":{"rendered":"Las dudas de Xabi Alonso de cara al arranque liguero del Real Madrid: \u00abAncelotti habr\u00eda puesto a los de siempre\u00bb | F\u00fatbol"},"content":{"rendered":"<p class=\"loc\">Madrid<\/p>\n<p>El Real Madrid viaja este martes a Innsbruck (Austria) <a href=\"https:\/\/www.realmadrid.com\/es-ES\/noticias\/futbol\/primer-equipo\/actualidad\/viaje-real-madrid-austria-11-08-2025\" target=\"_blank\" rel=\"noreferrer nofollow noopener\" title=\"https:\/\/www.realmadrid.com\/es-ES\/noticias\/futbol\/primer-equipo\/actualidad\/viaje-real-madrid-austria-11-08-2025\">para enfrentarse al WSG Tirol en el Tivoli Stadion Tirol<\/a>. Un partido que, a pesar de que ha sido bastante criticado por el nivel del rival y por el hecho de tener que desplazarse hasta Suiza para jugar el encuentro, ser\u00e1 importante para un Xabi Alonso que podr\u00e1 poner sobre el terreno de juego a los once futbolistas que jugar\u00e1n la pr\u00f3xima semana contra Osasuna en el primer partido liguero del conjunto blanco o incluso meter alguna que otra variaci\u00f3n y prepararse as\u00ed alguna que otra alternativa para el primer partido de LaLiga EA Sports. <\/p>\n<p>M\u00e1s informaci\u00f3n<\/p>\n<p>M\u00e1s a\u00fan si tenemos en cuenta que el t\u00e9cnico tolosarra no puede contar con todos sus efectivos, por lo que tendr\u00e1 que incluir ciertas novedades en su once inicial de cara al primer partido liguero. A la lesi\u00f3n de larga duraci\u00f3n de Jude Bellingham, quien se tuvo que operar del hombro y estar\u00e1 de baja hasta finales de octubre o comienzos de noviembre hay que sumarle las bajas de otros jugadores como Camavinga, Mendy o Endrick. Por otro lado, Fede Valverde se ha quedado en la capital por una sobrecarga en la pierna derecha, aunque se espera que est\u00e9 listo de cara a la primera jornada de liga. <\/p>\n<p>Las dudas de Xabi Alonso<\/p>\n<p>As\u00ed lo ha dado a conocer Javier Herr\u00e1ez en El Larguero de la Cadena SER, donde ha asegurado que las distintas lesiones llevar\u00e1n a Xabi Alonso a buscar nuevas alternativas desde el primer minuto: \u00abAncelotti habr\u00eda puesto a los de siempre, pero con Xabi Alonso quiz\u00e1 veamos alguna cosita m\u00e1s\u00bb. Lo que tiene bastante claro es que Dean Huijsen y Eder Militao partir\u00e1n desde el centro de la defensa. A partir de entonces, comienzan las dudas: <a href=\"https:\/\/cadenaser.com\/nacional\/2025\/07\/14\/alvaro-carreras-nuevo-fichaje-del-real-madrid-cadena-ser\/#\" target=\"_blank\" rel=\"noreferrer nofollow noopener\" title=\"https:\/\/cadenaser.com\/nacional\/2025\/07\/14\/alvaro-carreras-nuevo-fichaje-del-real-madrid-cadena-ser\/#\">\u00abVeremos si repite por la izquierda con Carreras<\/a> o mete a Fran Garc\u00eda para darle bola, que hizo un buen Mundial de Clubes. Yo apuesto por Fran\u00bb. <\/p>\n<p>Por lo tanto, todo apunta que Xabi Alonso no quiere correr con Carreras y que jugar\u00e1 con un Fran Garc\u00eda que se convirti\u00f3 en uno de los jugadores m\u00e1s destacados del Real Madrid en Estados Unidos. Hay dudas por la izquierda, pero tambi\u00e9n por la derecha, donde todo apunta a que jugar\u00e1 Trent Alexander-Arnold: \u00abPor la derecha jugar\u00e1 Trent y no Carvajal, que fue titular frente al Legan\u00e9s y bueno, el resto, lo habitual\u00bb. <\/p>\n<p>La inc\u00f3gnita Mastantuono<\/p>\n<p>Principalmente porque tienen bastantes bajas en el centro del campo y porque Franco Mastantuono no podr\u00e1 incorporarse a la din\u00e1mica del primer equipo hasta el pr\u00f3ximo 14 de agosto, cuando cumplir\u00e1 la mayor\u00eda de edad. A partir de ese preciso instante, el argentino tendr\u00e1 que ir adapt\u00e1ndose poco a poco al f\u00fatbol europeo, con todo lo que ello conlleva. Por lo tanto, Herr\u00e1ez tiene bastante claro el centro del campo del Real Madrid para su encuentro de este martes: \u00abEn el centro del campo no tiene mucho que poner. Jugar\u00e1 con G\u00fcler, Tchouam\u00e9ni y puede meter a Brahim\u00bb.<\/p>\n<p>Por \u00faltimo, en el ataque veremos a Kylian Mbapp\u00e9 y un <a href=\"https:\/\/cadenaser.com\/nacional\/2025\/08\/11\/no-va-a-ocurrir-como-el-ano-pasado-el-gran-cambio-en-el-real-madrid-que-puede-acabar-siendo-definitivo-para-el-futuro-de-vinicius-cadena-ser\/\" target=\"_blank\" rel=\"noreferrer nofollow noopener\" title=\"https:\/\/cadenaser.com\/nacional\/2025\/08\/11\/no-va-a-ocurrir-como-el-ano-pasado-el-gran-cambio-en-el-real-madrid-que-puede-acabar-siendo-definitivo-para-el-futuro-de-vinicius-cadena-ser\/\">Vinicius Junior que tratar\u00e1 de recuperar el nivel de temporadas pasadas<\/a>. Mientras tanto, la tercera y \u00faltima plaza del ataque podr\u00eda ser para un Gonzalo que,<a href=\"https:\/\/cadenaser.com\/nacional\/2025\/08\/08\/endrick-le-gana-la-partida-a-gonzalo-garcia-y-lucira-el-9-en-el-real-madrid-cadena-ser\/\" target=\"_blank\" rel=\"noreferrer nofollow noopener\" title=\"https:\/\/cadenaser.com\/nacional\/2025\/08\/08\/endrick-le-gana-la-partida-a-gonzalo-garcia-y-lucira-el-9-en-el-real-madrid-cadena-ser\/\"> a pesar de que no ha heredado finalmente el &#8216;9&#8217; de Mbapp\u00e9<\/a>, ser\u00e1 el suplente del astro franc\u00e9s a lo largo de la temporada. <\/p>\n<p>Escucha &#8216;El Larguero&#8217; completo<\/p>\n<p><a href=\"https:\/\/cadenaser.com\/podcast\/cadena-ser\/el-larguero\/225\/\" target=\"_blank\" rel=\"nofollow noopener\">Esto es un fragmento de &#8216;El Larguero&#8217;, <\/a>con \u00c1lvaro Benito. Puedes escuchar el programa completo aqu\u00ed:<\/p>\n<p><img decoding=\"async\" src=\"https:\/\/www.europesays.com\/es\/wp-content\/uploads\/2025\/08\/https:\/\/sdmedia.playser.cadenaser.com\/playser\/image\/20258\/11\/1754946890753_1754947277_asset_still.pn.jpeg\" alt=\"Voces cr\u00edticas en la RFEF con la nueva seleccionadora y negociaci\u00f3n abierta para el partido en Miami\" width=\"655\"   loading=\"lazy\"\/><\/p>\n<p class=\"tit\">Voces cr\u00edticas en la RFEF con la nueva seleccionadora y negociaci\u00f3n abierta para el partido en Miami<\/p>\n<p>00:00:0001:22:17<\/p>\n<p>El c\u00f3digo iframe se ha copiado en el portapapeles<\/p>\n<p>FacebookTwitterLinkedinWhatsAppCerrar<\/p>\n","protected":false},"excerpt":{"rendered":"Madrid El Real Madrid viaja este martes a Innsbruck (Austria) para enfrentarse al WSG Tirol en el Tivoli&hellip;\n","protected":false},"author":2,"featured_media":42258,"comment_status":"","ping_status":"","sticky":false,"template":"","format":"standard","meta":{"footnotes":""},"categories":[93],"tags":[20108,20109,20110,20111,168,25,24,280,525,62,20112,20113,1212,1215,20114,20115,20116,18521,4409,3048,20117,23,167,18523,18524,20118,5664],"class_list":{"0":"post-42257","1":"post","2":"type-post","3":"status-publish","4":"format-standard","5":"has-post-thumbnail","7":"category-deportes","8":"tag-arda-guler","9":"tag-attacking-midfield","10":"tag-club-world-cup","11":"tag-coaching","12":"tag-deportes","13":"tag-es","14":"tag-espana","15":"tag-football","16":"tag-game","17":"tag-international","18":"tag-jose-breton","19":"tag-july-9","20":"tag-match","21":"tag-nurphoto","22":"tag-paris-saint-germain","23":"tag-pics-action","24":"tag-player","25":"tag-players","26":"tag-psg","27":"tag-real-madrid","28":"tag-semi-final","29":"tag-spain","30":"tag-sports","31":"tag-teams","32":"tag-tournament","33":"tag-turkey","34":"tag-united-states"},"share_on_mastodon":{"url":"","error":""},"_links":{"self":[{"href":"https:\/\/www.europesays.com\/es\/wp-json\/wp\/v2\/posts\/42257","targetHints":{"allow":["GET"]}}],"collection":[{"href":"https:\/\/www.europesays.com\/es\/wp-json\/wp\/v2\/posts"}],"about":[{"href":"https:\/\/www.europesays.com\/es\/wp-json\/wp\/v2\/types\/post"}],"author":[{"embeddable":true,"href":"https:\/\/www.europesays.com\/es\/wp-json\/wp\/v2\/users\/2"}],"replies":[{"embeddable":true,"href":"https:\/\/www.europesays.com\/es\/wp-json\/wp\/v2\/comments?post=42257"}],"version-history":[{"count":0,"href":"https:\/\/www.europesays.com\/es\/wp-json\/wp\/v2\/posts\/42257\/revisions"}],"wp:featuredmedia":[{"embeddable":true,"href":"https:\/\/www.europesays.com\/es\/wp-json\/wp\/v2\/media\/42258"}],"wp:attachment":[{"href":"https:\/\/www.europesays.com\/es\/wp-json\/wp\/v2\/media?parent=42257"}],"wp:term":[{"taxonomy":"category","embeddable":true,"href":"https:\/\/www.europesays.com\/es\/wp-json\/wp\/v2\/categories?post=42257"},{"taxonomy":"post_tag","embeddable":true,"href":"https:\/\/www.europesays.com\/es\/wp-json\/wp\/v2\/tags?post=42257"}],"curies":[{"name":"wp","href":"https:\/\/api.w.org\/{rel}","templated":true}]}}