{"id":423301,"date":"2026-03-01T15:51:13","date_gmt":"2026-03-01T15:51:13","guid":{"rendered":"https:\/\/www.europesays.com\/es\/423301\/"},"modified":"2026-03-01T15:51:13","modified_gmt":"2026-03-01T15:51:13","slug":"un-nuevo-estudio-vincula-el-alzheimer-con-tu-actividad-fisica","status":"publish","type":"post","link":"https:\/\/www.europesays.com\/es\/423301\/","title":{"rendered":"un nuevo estudio vincula el Alzheimer con tu actividad f\u00edsica"},"content":{"rendered":"<p>                                    <img decoding=\"async\" loading=\"lazy\" src=\"https:\/\/www.europesays.com\/es\/wp-content\/uploads\/2025\/11\/66a74959c912c.jpeg\" alt=\"Roberto P\u00e9rez\" width=\"40\" height=\"40\" data-full-src=\"https:\/\/www.europesays.com\/es\/wp-content\/uploads\/2025\/11\/66a74959c912c.jpeg\"\/><\/p>\n<p class=\"paragraph\"><b>El estudio que pone el foco en la mediana edad<\/b><\/p>\n<p class=\"paragraph\">Investigadores del<a href=\"https:\/\/www.isglobal.org\/-\/isglobal-the-barcelona-institute-for-global-health?gad_source=1&amp;gad_campaignid=21858419943&amp;gbraid=0AAAAADhq7n8xYKcBWJ62F8dXHpO4vFOXz&amp;gclid=Cj0KCQiA5I_NBhDVARIsAOrqIsYxnfAinxJLw2P-OEVBCfuMsfmdpFOv5Fi3y-XDRvuAMErWp0z5U2kaAsILEALw_wcB\" target=\"_blank\" rel=\"nofollow noopener\"> <b>Barcelona Institute for Global Health<\/b> (<b>ISGlobal<\/b><\/a>) han publicado una investigaci\u00f3n que est\u00e1 dando mucho que hablar en la comunidad cient\u00edfica. El trabajo se centra en una etapa clave de la vida: <b>entre los 45 y 65 a\u00f1os<\/b>.<\/p>\n<p>\u00bfLa pregunta que se hicieron?<\/p>\n<p class=\"paragraph\">Si aumentar la actividad f\u00edsica en esa etapa pod\u00eda influir en los cambios cerebrales asociados al <b><a href=\"https:\/\/www.esdiario.com\/comunidad-valenciana\/alicante\/251217\/174998\/hospitales-quironsalud-familiares-visibilizan-calendario-enfermedad-alzheimer.html\" target=\"_blank\" rel=\"nofollow noopener\">Alzheimer<\/a><\/b>, incluso antes de que aparezcan los s\u00edntomas.<\/p>\n<p class=\"paragraph\">La respuesta fue clara: <b>s\u00ed puede influir, y mucho<\/b>.<\/p>\n<p>\u00bfQu\u00e9 descubrieron exactamente?<\/p>\n<p class=\"paragraph\">El estudio analiz\u00f3 a personas cognitivamente sanas y evalu\u00f3:<\/p>\n<p class=\"paragraph\"><b>* <\/b>Su nivel de actividad f\u00edsica.<\/p>\n<p class=\"paragraph\"><b>*<\/b> La evoluci\u00f3n de sus<a href=\"https:\/\/www.esdiario.com\/salud\/260125\/177899\/entrenamiento-padre-metabolismo-hijos.html\" target=\"_blank\" rel=\"nofollow noopener\"> h\u00e1bitos de ejercicio<\/a> con el tiempo.<\/p>\n<p class=\"paragraph\"><b>* <\/b>La acumulaci\u00f3n de beta-amiloide en el cerebro (una prote\u00edna relacionada con el desarrollo del Alzheimer).<\/p>\n<p class=\"paragraph\">Resultado clave:<\/p>\n<p class=\"paragraph\">Las personas que <b>incrementaron su actividad f\u00edsica en la mediana edad <\/b>mostraron <b>menor acumulaci\u00f3n de beta-amiloide<\/b>.<\/p>\n<p class=\"paragraph\">Y aqu\u00ed viene lo m\u00e1s interesante:<\/p>\n<p class=\"paragraph\">Incluso quienes <b>no alcanzaban las recomendaciones oficiales de ejercicio<\/b>, pero hab\u00edan aumentado su nivel de movimiento respecto a a\u00f1os anteriores, mostraban beneficios.<\/p>\n<p class=\"paragraph\">Es decir:<\/p>\n<p class=\"paragraph\">No se trata solo de cumplir con los 150 minutos semanales recomendados.<\/p>\n<p class=\"paragraph\">Se trata de moverse m\u00e1s que antes.<\/p>\n<p>\u00bfPor qu\u00e9 es tan importante la beta-amiloide?<\/p>\n<p class=\"paragraph\">La acumulaci\u00f3n de beta-amiloide en el cerebro puede comenzar <b>a\u00f1os o incluso d\u00e9cadas antes de que aparezcan los primeros s\u00edntomas de deterioro cognitivo<\/b>.<\/p>\n<p class=\"paragraph\">Si la actividad f\u00edsica ayuda a reducir esa acumulaci\u00f3n en fases tempranas, estamos hablando de una posible herramienta preventiva accesible, barata y sin efectos secundarios.<\/p>\n<p class=\"paragraph\">En otras palabras:<\/p>\n<p class=\"paragraph\"><b>El ejercicio podr\u00eda actuar como un \u201cescudo biol\u00f3gico\u201d silencioso<\/b>.<\/p>\n<p>\u00bfC\u00f3mo puede el ejercicio proteger el cerebro?<\/p>\n<p class=\"paragraph\">Aunque el estudio se centr\u00f3 en la asociaci\u00f3n observacional, la ciencia ya conoce varios mecanismos plausibles:<\/p>\n<p class=\"paragraph\"><b>* <\/b>Mejora del flujo sangu\u00edneo cerebral.<\/p>\n<p class=\"paragraph\"><b>*<\/b> Aumento de factores neurotr\u00f3ficos (como el BDNF), que favorecen la plasticidad neuronal.<\/p>\n<p class=\"paragraph\"><b>*<\/b> Reducci\u00f3n de inflamaci\u00f3n sist\u00e9mica.<\/p>\n<p class=\"paragraph\"><b>*<\/b> Mejora del metabolismo de la glucosa cerebral.<\/p>\n<p class=\"paragraph\"><b>*<\/b> Regulaci\u00f3n del estr\u00e9s oxidativo.<\/p>\n<p class=\"paragraph\">Para explicarlo de forma sencilla:<\/p>\n<p class=\"paragraph\"><b>Un cerebro activo necesita un cuerpo activo<\/b>.<\/p>\n<p>El mensaje que cambia el enfoque<\/p>\n<p class=\"paragraph\">Durante a\u00f1os, la prevenci\u00f3n del Alzheimer se ha asociado principalmente con:<\/p>\n<p class=\"paragraph\"><b>*<\/b> Estimulaci\u00f3n cognitiva.<\/p>\n<p class=\"paragraph\"><b>* <\/b>Dieta saludable.<\/p>\n<p class=\"paragraph\"><b>* <\/b>Control de factores cardiovasculares.<\/p>\n<p class=\"paragraph\">Este estudio refuerza una idea contundente:<\/p>\n<p class=\"paragraph\"><b>El movimiento f\u00edsico es tambi\u00e9n prevenci\u00f3n neurol\u00f3gica<\/b>.<\/p>\n<p class=\"paragraph\">Y no hablamos de empezar a correr maratones.<\/p>\n<p class=\"paragraph\">Hablamos de:<\/p>\n<p class=\"paragraph\"><b>*<\/b> Caminar m\u00e1s.<\/p>\n<p class=\"paragraph\"><b>*<\/b> Subir escaleras.<\/p>\n<p class=\"paragraph\"><b>*<\/b> Entrenar fuerza.<\/p>\n<p class=\"paragraph\"><b>*<\/b> Mantener una vida f\u00edsicamente activa de forma sostenida.<\/p>\n<p>Lo m\u00e1s potente del estudio<\/p>\n<p class=\"paragraph\">Lo verdaderamente llamativo no es solo que el ejercicio ayude.<\/p>\n<p class=\"paragraph\">Es que <b>nunca es tarde para empezar a sumar beneficios <\/b>dentro de la mediana edad.<\/p>\n<p class=\"paragraph\">Personas que eran m\u00e1s sedentarias y comenzaron a moverse m\u00e1s mostraron efectos positivos comparados con quienes mantuvieron bajos niveles de actividad.<\/p>\n<p class=\"paragraph\">Eso cambia el discurso del \u201csiempre he sido sedentario, ya es tarde para m\u00ed\u201d.<\/p>\n<p class=\"paragraph\">No lo es.<\/p>\n<p>Conclusiones<\/p>\n<p class=\"paragraph\">1. *<b>Aumentar la actividad f\u00edsica entre los 45 y 65 a\u00f1os puede asociarse con menor acumulaci\u00f3n de prote\u00ednas vinculadas al Alzheimer<\/b>.*<\/p>\n<p class=\"paragraph\">2. No es necesario ser atleta: mejorar respecto a tu punto de partida ya puede marcar diferencias.<\/p>\n<p class=\"paragraph\">3. El ejercicio no solo protege<a href=\"https:\/\/www.esdiario.com\/salud\/241103\/146107\/gano-musculo-me-mato-gimnasio-errores-cometiendo-saberlo.html\" target=\"_blank\" rel=\"nofollow noopener\"> m\u00fasculos<\/a> y coraz\u00f3n, tambi\u00e9n puede proteger el cerebro.<\/p>\n<p class=\"paragraph\">4. La prevenci\u00f3n del deterioro cognitivo empieza d\u00e9cadas antes de los s\u00edntomas.<\/p>\n<p class=\"paragraph\">Si este estudio se confirma con m\u00e1s investigaciones longitudinales, podr\u00edamos estar ante uno de los mensajes de salud p\u00fablica m\u00e1s poderosos de los \u00faltimos a\u00f1os:<\/p>\n<p class=\"paragraph\"><b>Tu cerebro del futuro depende de c\u00f3mo te muevas hoy<\/b>.<\/p>\n<p>            <a href=\"#\" title=\"\"><\/p>\n<p>                    <img loading=\"lazy\" decoding=\"async\" width=\"140\" height=\"140\" alt=\"Puede activarse la GH sin levantar una sola pesa.\" src=\"https:\/\/imagenes.esdiario.com\/files\/related_image\/uploads\/2026\/02\/22\/699afd1539d55.jpeg\" data-full-src=\"https:\/\/www.europesays.com\/es\/wp-content\/uploads\/2026\/03\/699afd1539d55.jpeg\"\/><\/p>\n<p>            <\/a><\/p>\n","protected":false},"excerpt":{"rendered":"El estudio que pone el foco en la mediana edad Investigadores del Barcelona Institute for Global Health (ISGlobal)&hellip;\n","protected":false},"author":2,"featured_media":423302,"comment_status":"","ping_status":"","sticky":false,"template":"","format":"standard","meta":{"footnotes":""},"categories":[92],"tags":[3350,13439,25,24,165,166,23],"class_list":["post-423301","post","type-post","status-publish","format-standard","has-post-thumbnail","category-salud","tag-alzheimer","tag-dieta-saludable","tag-es","tag-espana","tag-health","tag-salud","tag-spain"],"share_on_mastodon":{"url":"https:\/\/pubeurope.com\/@es\/116154720927588990","error":""},"_links":{"self":[{"href":"https:\/\/www.europesays.com\/es\/wp-json\/wp\/v2\/posts\/423301","targetHints":{"allow":["GET"]}}],"collection":[{"href":"https:\/\/www.europesays.com\/es\/wp-json\/wp\/v2\/posts"}],"about":[{"href":"https:\/\/www.europesays.com\/es\/wp-json\/wp\/v2\/types\/post"}],"author":[{"embeddable":true,"href":"https:\/\/www.europesays.com\/es\/wp-json\/wp\/v2\/users\/2"}],"replies":[{"embeddable":true,"href":"https:\/\/www.europesays.com\/es\/wp-json\/wp\/v2\/comments?post=423301"}],"version-history":[{"count":0,"href":"https:\/\/www.europesays.com\/es\/wp-json\/wp\/v2\/posts\/423301\/revisions"}],"wp:featuredmedia":[{"embeddable":true,"href":"https:\/\/www.europesays.com\/es\/wp-json\/wp\/v2\/media\/423302"}],"wp:attachment":[{"href":"https:\/\/www.europesays.com\/es\/wp-json\/wp\/v2\/media?parent=423301"}],"wp:term":[{"taxonomy":"category","embeddable":true,"href":"https:\/\/www.europesays.com\/es\/wp-json\/wp\/v2\/categories?post=423301"},{"taxonomy":"post_tag","embeddable":true,"href":"https:\/\/www.europesays.com\/es\/wp-json\/wp\/v2\/tags?post=423301"}],"curies":[{"name":"wp","href":"https:\/\/api.w.org\/{rel}","templated":true}]}}