{"id":423491,"date":"2026-03-01T18:25:10","date_gmt":"2026-03-01T18:25:10","guid":{"rendered":"https:\/\/www.europesays.com\/es\/423491\/"},"modified":"2026-03-01T18:25:10","modified_gmt":"2026-03-01T18:25:10","slug":"la-gala-que-cambio-a-un-pais-delirios-de-espana-desvela-como-se-fraguaron-los-premios-goya-del-no-a-la-guerra-cine-y-tv","status":"publish","type":"post","link":"https:\/\/www.europesays.com\/es\/423491\/","title":{"rendered":"La gala que cambi\u00f3 a un pa\u00eds: &#8216;Delirios de Espa\u00f1a&#8217; desvela c\u00f3mo se fraguaron los Premios Goya del &#8216;No a la guerra&#8217; | Cine y TV"},"content":{"rendered":"<p>Podium Podcast, de PRISA Media, estrena la cuarta temporada de Delirios de Espa\u00f1a, que aborda los Premios Goya 2003, tambi\u00e9n conocidos como &#8216;los Goya del No a la guerra&#8217;. En las nuevas entregas, el periodista Juan Sanguino analiza por qu\u00e9 la industria del cine se levant\u00f3 contra el gobierno con una protesta en directo que no hab\u00eda ocurrido antes (ni volver\u00eda a ocurrir despu\u00e9s), c\u00f3mo se fragu\u00f3 y qu\u00e9 consecuencias tuvo y sigue teniendo casi 25 a\u00f1os despu\u00e9s.<\/p>\n<p>Delirios de Espa\u00f1a analiza el papel que jugaron en esta historia el gobierno de Jos\u00e9 Mar\u00eda Aznar, cuya mayor\u00eda absoluta le anim\u00f3 a tomar medidas que crisparon a la poblaci\u00f3n (desde la gesti\u00f3n del desastre del Prestige hasta la participaci\u00f3n del ej\u00e9rcito espa\u00f1ol en la guerra de Irak); la Academia de Cine, que por fin hab\u00eda logrado el prestigio despu\u00e9s de unos inicios con muchas cr\u00edticas; y el grupo teatral Animalario, los encargados de organizar una gala de los Goya que acabar\u00eda pasando a la historia como la m\u00e1xima causante del divorcio entre el Partido Popular y el cine espa\u00f1ol.<\/p>\n<p>\u00bfSe pusieron todos de acuerdo o fue un movimiento espont\u00e1neo? \u00bfSe trat\u00f3 de una cr\u00edtica a la guerra o tambi\u00e9n al gobierno del PP? \u00bfOcultaron partes del guion para asegurarse que TVE lo aprobase? \u00bfQui\u00e9nes fueron los aliados dentro de TVE o de la Academia? \u00bfExistieron listas negras posteriores a la pol\u00e9mica gala? \u00bfC\u00f3mo se construy\u00f3 el contundente relato medi\u00e1tico de \u00ablos titiriteros\u00bb?<\/p>\n<p>El podcast responde a todas estas cuestiones con la ayuda de profesionales que estuvieron directamente involucrados en la gala como Alberto San Juan y Willy Toledo (presentadores), Andr\u00e9s Lima (director), Juan Cavestany y Alberto Maeso (guionistas), Joseba Gil (productor), Ra\u00fal Hern\u00e1ndez (realizador), Beatriz San Juan (escen\u00f3grafa), Joaqu\u00edn Oristrell (vicepresidente de la Academia de Cine) o Luis Oca\u00f1a (productor ejecutivo de la Academia).<\/p>\n<p>La nueva temporada de Delirios de Espa\u00f1a tambi\u00e9n cuenta con la participaci\u00f3n de profesionales que vivieron aquellos Premios Goya desde dentro como Luis Tosar, Imanol Uribe, I\u00f1aki Miram\u00f3n, Eduardo Campoy, Jos\u00e9 \u00c1ngel Egido, Pepito Juez, Juanjo P\u00e9rez Yuste, Piti Alonso y N\u00e9stor Calvo.<\/p>\n<p>\u00abVolver a ver esos Goya es impresionante, porque la gente redujo tres horas de espect\u00e1culo a unas pocas proclamas, unas chapas y unas camisetas reivindicativas, pero la gala era un homenaje precioso a la tradici\u00f3n teatral espa\u00f1ola, al esperpento, a los c\u00f3micos desharrapados de la posguerra&#8230; Es on\u00edrica, po\u00e9tica y filos\u00f3fica. Es una gala que solo se podr\u00eda hacer en Espa\u00f1a, que no intenta imitar a los Oscar. Pero la propuesta art\u00edstica y esc\u00e9nica de Animalario qued\u00f3 reducida a esa \u00fanica idea: son los Goya del &#8216;No a la guerra&#8217;. El podcast tambi\u00e9n pretende mostrar que esa gala fue mucho m\u00e1s\u00bb, indica Sanguino.<\/p>\n<p>El periodista se\u00f1ala que aquella ceremonia \u00abno abri\u00f3 una brecha entre el cine espa\u00f1ol y la derecha, solamente dio una excusa a la derecha para justificar un odio visceral que ya ten\u00edan al cine desde la Transici\u00f3n\u00bb. \u00abLa gala de los Goya de 2003 sirve para hablar del viejo mito de las dos Espa\u00f1as, de c\u00f3mo no se crea ni se destruye, sino que solo se transforma. Lo que empez\u00f3 como un acto de valent\u00eda por parte de la industria del cine acab\u00f3 siendo, de alguna manera, una trampa en la que cayeron todos: el PP necesitaba un enemigo y ellos se lo pusieron en bandeja. Es asombroso ver c\u00f3mo la maquinaria medi\u00e1tica se puso a pleno rendimiento para construir el relato medi\u00e1tico de los titiriteros, los subvencionados, los par\u00e1sitos&#8230; Es decir, para desactivar mediante el pitorreo (que es como se hacen siempre las cosas en este pa\u00eds) unas protestas con las que estaban de acuerdo, seg\u00fan las encuestas de la \u00e9poca, el 90% de los espa\u00f1oles\u00bb, a\u00f1ade.<\/p>\n<p>El primer episodio ya est\u00e1 disponible en la web, la app y el canal de YouTube de Podium Podcast y en las principales plataformas de audio. El resto de cap\u00edtulos se estrenar\u00e1n cada martes.<\/p>\n<p>Delirios de Espa\u00f1a, de gira por los teatros de todo el pa\u00eds<\/p>\n<p>Los fans de Delirios de Espa\u00f1a est\u00e1n de enhorabuena por partida doble. Adem\u00e1s de estrenar una nueva temporada del formato, Podium Podcast tambi\u00e9n ha lanzado una gira de teatros basada en el programa. Juan Sanguino repite al frente de este show, que abordar\u00e1 la evoluci\u00f3n de Espa\u00f1a durante las \u00faltimas d\u00e9cadas desde el prisma de la cultura popular.<\/p>\n<p>El periodista no estar\u00e1 solo en esta nueva aventura: un invitado sorpresa le acompa\u00f1ar\u00e1 en cada funci\u00f3n para analizar, a trav\u00e9s de historias surrealistas que sucedieron hace no tanto tiempo, temas como el machismo de los 2000, la conciencia de clase, la solidaridad, la integraci\u00f3n del colectivo LGTBIQ+ en la sociedad, la explotaci\u00f3n de la privacidad propia y ajena, la construcci\u00f3n de la identidad con la llegada de las redes sociales o el ultraliberalismo de los cuerpos con el concepto de \u2018marca personal\u2019.<\/p>\n<p>El tour arrancar\u00e1 en Madrid con dos funciones (14 y 15 de marzo, entradas ya a la venta) que rememorar\u00e1n uno de los grandes momentos de la cultura pop de nuestro pa\u00eds: Chenoa hablando en ch\u00e1ndal con la prensa tras su ruptura con David Bisbal. La segunda parada ser\u00e1 Barcelona (11 y 12 de abril, entradas ya a la venta). En las pr\u00f3ximas semanas se desvelar\u00e1n las nuevas fechas y ciudades a las que acudir\u00e1 la gira.<\/p>\n<p><b>Entradas para las funciones de Madrid: <\/b>https:\/\/gruposmedia.com\/cartelera\/delirios-de-espana-el-podcast\/<\/p>\n<p><b>Entradas para las funciones de Barcelona: <\/b>https:\/\/teatreapolo.com\/cartelera\/delirios-de-espana-el-podcast\/<\/p>\n","protected":false},"excerpt":{"rendered":"Podium Podcast, de PRISA Media, estrena la cuarta temporada de Delirios de Espa\u00f1a, que aborda los Premios Goya&hellip;\n","protected":false},"author":2,"featured_media":423492,"comment_status":"","ping_status":"","sticky":false,"template":"","format":"standard","meta":{"footnotes":""},"categories":[174],"tags":[255,146,147,25,24,256,25576,23],"class_list":["post-423491","post","type-post","status-publish","format-standard","has-post-thumbnail","category-famosos","tag-celebrities","tag-entertainment","tag-entretenimiento","tag-es","tag-espana","tag-famosos","tag-headshot","tag-spain"],"share_on_mastodon":{"url":"https:\/\/pubeurope.com\/@es\/116155326371214070","error":""},"_links":{"self":[{"href":"https:\/\/www.europesays.com\/es\/wp-json\/wp\/v2\/posts\/423491","targetHints":{"allow":["GET"]}}],"collection":[{"href":"https:\/\/www.europesays.com\/es\/wp-json\/wp\/v2\/posts"}],"about":[{"href":"https:\/\/www.europesays.com\/es\/wp-json\/wp\/v2\/types\/post"}],"author":[{"embeddable":true,"href":"https:\/\/www.europesays.com\/es\/wp-json\/wp\/v2\/users\/2"}],"replies":[{"embeddable":true,"href":"https:\/\/www.europesays.com\/es\/wp-json\/wp\/v2\/comments?post=423491"}],"version-history":[{"count":0,"href":"https:\/\/www.europesays.com\/es\/wp-json\/wp\/v2\/posts\/423491\/revisions"}],"wp:featuredmedia":[{"embeddable":true,"href":"https:\/\/www.europesays.com\/es\/wp-json\/wp\/v2\/media\/423492"}],"wp:attachment":[{"href":"https:\/\/www.europesays.com\/es\/wp-json\/wp\/v2\/media?parent=423491"}],"wp:term":[{"taxonomy":"category","embeddable":true,"href":"https:\/\/www.europesays.com\/es\/wp-json\/wp\/v2\/categories?post=423491"},{"taxonomy":"post_tag","embeddable":true,"href":"https:\/\/www.europesays.com\/es\/wp-json\/wp\/v2\/tags?post=423491"}],"curies":[{"name":"wp","href":"https:\/\/api.w.org\/{rel}","templated":true}]}}