{"id":423582,"date":"2026-03-01T19:32:14","date_gmt":"2026-03-01T19:32:14","guid":{"rendered":"https:\/\/www.europesays.com\/es\/423582\/"},"modified":"2026-03-01T19:32:14","modified_gmt":"2026-03-01T19:32:14","slug":"el-viaje-del-baskonia-a-dubai-en-serio-peligro","status":"publish","type":"post","link":"https:\/\/www.europesays.com\/es\/423582\/","title":{"rendered":"El viaje del Baskonia a Dub\u00e1i, en serio peligro"},"content":{"rendered":"<p>\n        <strong>El ataque de Estados Unidos e Israel sobre Ir\u00e1n y la posterior respuesta iran\u00ed vuelven a poner en jaque a la Euroliga<\/strong>, cuyo funcionamiento normal ya se ha visto alterado durante buena parte de esta temporada ante el empe\u00f1o de mantener como asociados al Maccabi y Hapoel.\n<\/p>\n<p class=\"article-body__text \">\n        Ambos se han visto obligados a jugar muchos partidos en Belgrado y Sof\u00eda, respectivamente, hasta que <strong>en una decisi\u00f3n muy controvertida los clubes acordaron su vuelta a Israel a partir de diciembre del a\u00f1o pasado<\/strong>.\n<\/p>\n<p class=\"article-body__text \">\n        La m\u00e1xima competici\u00f3n continental se vio obligada a <strong>suspender el s\u00e1bado el encuentro que este martes deb\u00eda medir al Hapoel Tel Aviv y al Par\u00eds Basketball<\/strong>, perteneciente a la jornada 21 y que deb\u00eda haberse disputado en diciembre.\n<\/p>\n<p class=\"article-body__text \">\n        Sin embargo, los problemas amenazan con ir a m\u00e1s con el transcurrir de las semanas y el Kosner Baskonia puede ser uno de los afectados teniendo en cuenta que, tras recibir el viernes 6 al Par\u00eds Basketball en el Buesa Arena, <strong>debe competir el jueves 12 de marzo en una zona de alta tensi\u00f3n como Dub\u00e1i ante uno de los nuevos ricos del torneo<\/strong>.\n<\/p>\n<p class=\"article-body__text \">\n        Teniendo que esta temporada se ha abierto la puerta a Oriente Medio con la entrada del conjunto de los Emiratos en el que milita, entre otros, el exbaskonista Davis Bertans, <strong>se corr\u00eda un riesgo cuyas consecuencias pueden empezar a pagarse en breve<\/strong>.\n<\/p>\n<p>            <a href=\"https:\/\/www.noticiasdealava.eus\/baskonia\/2026\/02\/28\/liga-israeli-suspendida-forma-temporal-10761017.html\" title=\"La liga israel\u00ed, suspendida de forma temporal\" class=\"new__media\" rel=\"nofollow noopener\" target=\"_blank\"><\/p>\n<p>                <img alt=\"La liga israel\u00ed, suspendida de forma temporal\" data-src=\"https:\/\/www.europesays.com\/es\/wp-content\/uploads\/2026\/03\/8267cd9f-44f7-46f8-8e1c-1b85d87606df_16-9-aspect-ratio_default_0.jpg\" class=\"lozad\"\/><\/p>\n<p>        <\/a><\/p>\n<p>        <a href=\"https:\/\/www.noticiasdealava.eus\/baskonia\/2026\/02\/28\/liga-israeli-suspendida-forma-temporal-10761017.html\" title=\"La liga israel\u00ed, suspendida de forma temporal\" class=\"new__headline\" rel=\"nofollow noopener\" target=\"_blank\"><br \/>\n            La liga israel\u00ed, suspendida de forma temporal<br \/>\n        <\/a><\/p>\n<p class=\"article-body__text \">\n        El conflicto geopol\u00edtico tiene visos de alterar gravemente el d\u00eda a d\u00eda de los equipos israel\u00edes y el citado Dub\u00e1i Basketball, de sus rivales y por ende de las competiciones europeas. A corto plazo,<strong> este pr\u00f3ximo jueves debe disputarse en Belgrado el Partizan-Dub\u00e1i y todo hace indicar que el partido no podr\u00e1 celebrarse<\/strong>.\n<\/p>\n<p class=\"article-body__text \">\n        <strong>El aeropuerto de Dub\u00e1i ha cerrado temporalmente su espacio a\u00e9reo <\/strong>y cancelado conexiones internacionales como medida de seguridad, mientras numerosas aerol\u00edneas han suspendido vuelos hacia distintos puntos de la zona.\n<\/p>\n<p>  Muchos afectados<\/p>\n<p class=\"article-body__text \">\n        Miles de viajeros permanecen varados hasta nuevo aviso y, entre ellos, figuran<strong> Sarunas Jasikevicius<\/strong>, entrenador del Fenerbahce, tres jugadores del Partizan como <strong>Shake Milton, Duane Washington y Dylan Osetkowski y tres del Maccabi, Lonnie Walker, Iffe Lundberg y Jimmy Clark<\/strong>. Todos ellos tratan de salir tras haber viajado a Emiratos \u00c1rabes Unidos aprovechando unos d\u00edas libres despu\u00e9s del \u00faltimo partido de Euroliga y en plena celebraci\u00f3n de los encuentros de selecciones correspondientes a las ventanas FIBA.\n<\/p>\n<p>            <a href=\"https:\/\/www.noticiasdealava.eus\/alaves\/2026\/03\/01\/exalbiazul-munir-trata-huir-iran-10763404.html\" title=\"El exalbiazul Munir, a salvo en Turqu\u00eda y rumbo a Espa\u00f1a\" class=\"new__media\" rel=\"nofollow noopener\" target=\"_blank\"><\/p>\n<p>                <img alt=\"El exalbiazul Munir, a salvo en Turqu\u00eda y rumbo a Espa\u00f1a\" data-src=\"https:\/\/www.europesays.com\/es\/wp-content\/uploads\/2026\/03\/b0062959-8a6f-4c22-bf7a-c2b5fd922952_16-9-aspect-ratio_default_0.jpg\" class=\"lozad\"\/><\/p>\n<p>        <\/a><\/p>\n<p>        <a href=\"https:\/\/www.noticiasdealava.eus\/alaves\/2026\/03\/01\/exalbiazul-munir-trata-huir-iran-10763404.html\" title=\"El exalbiazul Munir, a salvo en Turqu\u00eda y rumbo a Espa\u00f1a\" class=\"new__headline\" rel=\"nofollow noopener\" target=\"_blank\"><br \/>\n            El exalbiazul Munir, a salvo en Turqu\u00eda y rumbo a Espa\u00f1a<br \/>\n        <\/a><\/p>\n<p class=\"article-body__text \">\n        <strong>La Euroliga se ha visto obligada a suspender en Abu Dabi su torneo \u2018Next Generation,\u2018<\/strong> que re\u00fane a varios de los mejores equipos sub-18 de Europa. Participaban los equipos j\u00faniors del Real Madrid y Valencia Basket, que contin\u00faan all\u00ed esperando para poder salir.\n<\/p>\n<p class=\"article-body__text \">\n        La Liga israel\u00ed tambi\u00e9n fue suspendida, por ahora de forma temporal, en el momento en el que comenzaron los ataques y <strong>con recomendaci\u00f3n de abandonar el pa\u00eds para todos los jugadores extranjeros<\/strong>. Por su parte, la FIBA ha suspendido encuentros clasificatorios en Asia en los que interven\u00edan selecciones de la regi\u00f3n ante la imposibilidad de garantizar los desplazamientos.\n<\/p>\n<p>  \u00bfJugar\u00e1n Maccabi y Hapoel en Vitoria?<\/p>\n<p class=\"article-body__text \">\n        <strong>El Baskonia tiene que jugar en Dubai el pr\u00f3ximo 12 de marzo <\/strong>y todo hace indicar que <strong>ese partido se jugar\u00e1 en el exilio<\/strong> en alg\u00fan pa\u00eds todav\u00eda por determinar.\n<\/p>\n<p class=\"article-body__text \">\n        Otro problema a\u00f1adido ser\u00e1 qu\u00e9 suceder\u00e1 cuando Hapoel y Maccabi deban visitar pr\u00f3ximamente el Buesa Arena, en concreto el 27 de marzo y el 7 de abril, respectivamente. Teniendo en cuenta las estrictas medidas de seguridad que se avecinan para esas jornadas, <strong>a\u00fan debe determinarse si ambos partidos se juegan con p\u00fablico o no, o incluso si se celebran fuera de Vitoria, algo que ser\u00eda muy dif\u00edcil de entender por la afici\u00f3n del Baskonia<\/strong>.\n<\/p>\n<p class=\"article-body__text \">\n        En las \u00faltimas visitas del conjunto macabeo, la incomodidad de todos los que acudieron a presenciar el partido ha sido evidente y <strong>la plataforma Palestinarekin Elkartasuna ya ha llamado al boicot de ambas visitas.<\/strong><\/p>\n","protected":false},"excerpt":{"rendered":"El ataque de Estados Unidos e Israel sobre Ir\u00e1n y la posterior respuesta iran\u00ed vuelven a poner en&hellip;\n","protected":false},"author":2,"featured_media":423583,"comment_status":"","ping_status":"","sticky":false,"template":"","format":"standard","meta":{"footnotes":""},"categories":[269],"tags":[299,298,4714,168,6802,25,24,833,2602,2910,23,167,12856],"class_list":["post-423582","post","type-post","status-publish","format-standard","has-post-thumbnail","category-baloncesto","tag-baloncesto","tag-basketball","tag-baskonia","tag-deportes","tag-dubai","tag-es","tag-espana","tag-euroliga","tag-peligro","tag-serio","tag-spain","tag-sports","tag-viaje"],"share_on_mastodon":{"url":"https:\/\/pubeurope.com\/@es\/116155589816763900","error":""},"_links":{"self":[{"href":"https:\/\/www.europesays.com\/es\/wp-json\/wp\/v2\/posts\/423582","targetHints":{"allow":["GET"]}}],"collection":[{"href":"https:\/\/www.europesays.com\/es\/wp-json\/wp\/v2\/posts"}],"about":[{"href":"https:\/\/www.europesays.com\/es\/wp-json\/wp\/v2\/types\/post"}],"author":[{"embeddable":true,"href":"https:\/\/www.europesays.com\/es\/wp-json\/wp\/v2\/users\/2"}],"replies":[{"embeddable":true,"href":"https:\/\/www.europesays.com\/es\/wp-json\/wp\/v2\/comments?post=423582"}],"version-history":[{"count":0,"href":"https:\/\/www.europesays.com\/es\/wp-json\/wp\/v2\/posts\/423582\/revisions"}],"wp:featuredmedia":[{"embeddable":true,"href":"https:\/\/www.europesays.com\/es\/wp-json\/wp\/v2\/media\/423583"}],"wp:attachment":[{"href":"https:\/\/www.europesays.com\/es\/wp-json\/wp\/v2\/media?parent=423582"}],"wp:term":[{"taxonomy":"category","embeddable":true,"href":"https:\/\/www.europesays.com\/es\/wp-json\/wp\/v2\/categories?post=423582"},{"taxonomy":"post_tag","embeddable":true,"href":"https:\/\/www.europesays.com\/es\/wp-json\/wp\/v2\/tags?post=423582"}],"curies":[{"name":"wp","href":"https:\/\/api.w.org\/{rel}","templated":true}]}}