{"id":423642,"date":"2026-03-01T20:16:11","date_gmt":"2026-03-01T20:16:11","guid":{"rendered":"https:\/\/www.europesays.com\/es\/423642\/"},"modified":"2026-03-01T20:16:11","modified_gmt":"2026-03-01T20:16:11","slug":"moritz-kretschy-se-corona-campeon-del-tour-de-ruanda-henok-mulubrhan-gana-la-etapa-final-esciclismo","status":"publish","type":"post","link":"https:\/\/www.europesays.com\/es\/423642\/","title":{"rendered":"Moritz Kretschy se corona campe\u00f3n del Tour de Ruanda; Henok Mulubrhan gana la etapa final &#8211; Esciclismo"},"content":{"rendered":"<ol>\n<li><a href=\"https:\/\/news.google.com\/rss\/articles\/CBMiakFVX3lxTE8wX01fZUVxaDYydTBqb21VNktrVzRSdWhMQ3NJN0F0V2E3ak1kMlFjejdJSHpyLVZjaU9TMEVMNW42T0VoTFFSX3E3cjFCNk5oSDdOY0xzbW16T0Q0NTFuZjBZX1VJWlIzeVE?oc=5\" target=\"_blank\" rel=\"nofollow noopener\">Moritz Kretschy se corona campe\u00f3n del Tour de Ruanda; Henok Mulubrhan gana la etapa final<\/a>&nbsp;&nbsp;Esciclismo<\/li>\n<li><a href=\"https:\/\/news.google.com\/rss\/articles\/CBMivwFBVV95cUxOVGNTSHdLY1R2VjRiR19aSmJDd2FDOUxHR1dsZEhvUHZxZV9rSHNrXzVrdXhYRkhTbkdzNW5XbmtRaWU4VTVrSWxqYndJRnZZVGh5aXJ0SG5WQ0NqMmFoWGhUZTNHSW9XSW9CVWc1dXdKeXktRXhIWWpfVF9OclNldk9NYUF2cnBmNWp0endWQ05MU1NfZW9fMUF6bTRrdUVmT2FxVzJKVGNEcG16MUoxbnRfMEVuRXhtY1ZzTWVTQdIBvwFBVV95cUxPVld3a0FzSUN0Nmo2S0UzYlpnYWxEQmFIV2xmY1BIdk0tZlBYNWxpSnlvREFDZ3lvVC15OFVHTXo0OFFOUldrZzB0eEN6d1RYbEl0QnF4RTVnX003SlFEaFAzeV9QVnBPaHVUZ2xmdDdqVFFadGJZTi1vZTVpOEEyUGJVRTJhM3pySmx6WUw2Z0pjOHVJTkZOQmN2UGw3SXh4SjNMdmYyUmF2N0ltR3RHb3F2THp4S1JSdVpJOVNqcw?oc=5\" target=\"_blank\" rel=\"nofollow noopener\">Otra alegr\u00eda para Iniesta: Kretschy, vencedor final en un Tour Ruanda donde debut\u00f3 el Movistar Academy<\/a>&nbsp;&nbsp;MARCA<\/li>\n<li><a href=\"https:\/\/news.google.com\/rss\/articles\/CBMiaEFVX3lxTE16dHBVSnBYbm1yNGl5MzVrdndMUWN4dkVUVXpZbHhPdUZ0MzZnR3A5Zmh2QXk2dTd1bWY4TnZBT0hfdDBycTd1ZXk5RFV2ZDFtanoxX09lZVM3bzU0LThRd2dTSi04amg2?oc=5\" target=\"_blank\" rel=\"nofollow noopener\">7\u00aa Tour Ruanda: Bravo vence en Kigali<\/a>&nbsp;&nbsp;Ciclo21<\/li>\n<li><a href=\"https:\/\/news.google.com\/rss\/articles\/CBMiyAFBVV95cUxQdGxBWW1DWWpIelpWblEzSWs4andiMXVoRlE0d1c1bjJRSEhZUlJzZmREcW9YWVVZSkpQZDJqelYwWWpVQTlVNG01NTVFY05KUG8xSzdhUkxUeVR4WU9UN2s4ZklGcGJack41Zk9rUm1qM2d0aVJWUHVlalEtZ0pqUWdxdTkzU2xMM2xnLWM0OFNJMlJRV3ZYR3poelV1eHduMXFPSW8wNDdqaFJBRC1VSkVpc0xfMGQ0RkhwWjVUdFdORzVtd0YtSdIB1gFBVV95cUxNM0tZbGpIanljZEJoRlFqM3l4b3ZoLVlFa29zbmthZmpWQlI1Vi1OSW52VUNyb21oVjBEd0dKR2ZPNENCNGJwSXNMN2VZVGZGTXJOQVNKUlQwTHRLZ3B6eUhOcEZaajFUdkpncTdFdEJrWjlTQnZTa2NxSk1SMUZqMWxNcndxdERLbzU5OFFmV2Y2R0M2WmRjOW1zUWtYTm03Rjd0TjlrMjU4bVduRHpGaFdfcWFJbDd0WlBla2dxUzFRUl82OFgwQ0hVd1lJYUc5dWc3SnpB?oc=5\" target=\"_blank\" rel=\"nofollow noopener\">El brasile\u00f1o Henrique Bravo gana la s\u00e9ptima etapa, pero Kretschy sigue l\u00edder<\/a>&nbsp;&nbsp;Mundo Deportivo<\/li>\n<li><a href=\"https:\/\/news.google.com\/rss\/articles\/CBMidkFVX3lxTE5FcXZsMzBaQWNCM18zU3A1dndQYlhLTlBhRzhyZTlMQTMyU3c0V21aVjlvNkRzUHhMY2hqZkxvZGVhYzBWa2xvSXVlWWk4NmcwZm5RRTQ4NXZjLTVIeVc2dmxSV0l2dGRLa1VsUzhKT0lnVTJ3U1E?oc=5\" target=\"_blank\" rel=\"nofollow noopener\">7\u00aa Tour Ruanda: La etapa en directo TV<\/a>&nbsp;&nbsp;Ciclo21<\/li>\n<\/ol>\n","protected":false},"excerpt":{"rendered":"Moritz Kretschy se corona campe\u00f3n del Tour de Ruanda; Henok Mulubrhan gana la etapa final&nbsp;&nbsp;Esciclismo Otra alegr\u00eda para&hellip;\n","protected":false},"author":2,"featured_media":423643,"comment_status":"","ping_status":"","sticky":false,"template":"","format":"standard","meta":{"footnotes":""},"categories":[273],"tags":[14585,12528,313,1757,312,168,4433,1053,1563,158,90143,38225,25,24,314,55093,5805,36306,88990,138,7371,88989,55094,65763,15406,24500,25063,1988,23,167,3596,316,1885,1261],"class_list":["post-423642","post","type-post","status-publish","format-standard","has-post-thumbnail","category-ciclismo","tag-aleman","tag-cerro","tag-ciclismo","tag-ciclista","tag-cycling","tag-deportes","tag-development","tag-domingo","tag-dos","tag-el","tag-eritrea","tag-eritreo","tag-es","tag-espana","tag-etapa","tag-henok","tag-imponerse","tag-kigali","tag-kretschy","tag-meta","tag-mientras","tag-moritz","tag-mulubrhan","tag-nsn","tag-octava","tag-prestigio","tag-ruanda","tag-seleccion","tag-spain","tag-sports","tag-sprint","tag-tour","tag-ultima","tag-victoria"],"share_on_mastodon":{"url":"https:\/\/pubeurope.com\/@es\/116155762952840549","error":""},"_links":{"self":[{"href":"https:\/\/www.europesays.com\/es\/wp-json\/wp\/v2\/posts\/423642","targetHints":{"allow":["GET"]}}],"collection":[{"href":"https:\/\/www.europesays.com\/es\/wp-json\/wp\/v2\/posts"}],"about":[{"href":"https:\/\/www.europesays.com\/es\/wp-json\/wp\/v2\/types\/post"}],"author":[{"embeddable":true,"href":"https:\/\/www.europesays.com\/es\/wp-json\/wp\/v2\/users\/2"}],"replies":[{"embeddable":true,"href":"https:\/\/www.europesays.com\/es\/wp-json\/wp\/v2\/comments?post=423642"}],"version-history":[{"count":0,"href":"https:\/\/www.europesays.com\/es\/wp-json\/wp\/v2\/posts\/423642\/revisions"}],"wp:featuredmedia":[{"embeddable":true,"href":"https:\/\/www.europesays.com\/es\/wp-json\/wp\/v2\/media\/423643"}],"wp:attachment":[{"href":"https:\/\/www.europesays.com\/es\/wp-json\/wp\/v2\/media?parent=423642"}],"wp:term":[{"taxonomy":"category","embeddable":true,"href":"https:\/\/www.europesays.com\/es\/wp-json\/wp\/v2\/categories?post=423642"},{"taxonomy":"post_tag","embeddable":true,"href":"https:\/\/www.europesays.com\/es\/wp-json\/wp\/v2\/tags?post=423642"}],"curies":[{"name":"wp","href":"https:\/\/api.w.org\/{rel}","templated":true}]}}