{"id":423847,"date":"2026-03-01T22:59:10","date_gmt":"2026-03-01T22:59:10","guid":{"rendered":"https:\/\/www.europesays.com\/es\/423847\/"},"modified":"2026-03-01T22:59:10","modified_gmt":"2026-03-01T22:59:10","slug":"previa-espana-ucrania-ventanas-fiba-sin-isaac-nogues-pero-con-alvaro-cardenas","status":"publish","type":"post","link":"https:\/\/www.europesays.com\/es\/423847\/","title":{"rendered":"Previa Espa\u00f1a &#8211; Ucrania ventanas FIBA sin Isaac Nogu\u00e9s, pero con \u00c1lvaro C\u00e1rdenas"},"content":{"rendered":"<p class=\"ft-text\"><strong>El Valencia Basket cuenta con dos representantes en la selecci\u00f3n espa\u00f1ola absoluta en estas Ventanas FIBA<\/strong>, pero en el partido de este lunes, solo jugar\u00e1 uno de ellos, ya que Isaac Nogu\u00e9s ha sido uno de los descartes de Chus Mateo para el encuentro ante Ucrania en Oviedo (20:30 h, Teledeporte). Junto al de Badalona, se queda fuera de la lista \u00c1lex Reyes, mientras que se mantiene un <a class=\"ft-link ft-link--decoration\" href=\"https:\/\/www.superdeporte.es\/baloncesto\/2026\/02\/27\/cardena-lidera-victoria-espana-ucrania-seleccionbaloncesto-ventanas-fiba-127356080.html\" rel=\"nofollow noopener\" target=\"_blank\">\u00c1lvaro C\u00e1rdenas que juega cedido por el club taronja en el Peristeri griego y que ya brill\u00f3 en el \u00faltimo partido<\/a>, con 16 puntos y pleno de aciertos desde el 6,75 (4 de 4).<\/p>\n<p class=\"ft-text\"><strong>En el lugar de ambos entran en esta ocasi\u00f3n Lluis Costa y Pep Busquets<\/strong>, en un partido que ser\u00e1 el primero oficial de la historia de la Selecci\u00f3n en la ciudad asturiana. En 1985 los recientes medallistas ol\u00edmpicos en Los \u00c1ngeles jugaron un partido de exhibici\u00f3n ante un combinado de jugadores extranjeros de la Liga Endesa ACB.<\/p>\n<p><img decoding=\"async\" src=\"https:\/\/www.europesays.com\/es\/wp-content\/uploads\/2026\/03\/af67b4d1-fa99-476e-8261-b144e5b2b0c4_alta-libre-aspect-ratio_default_0_x628y277.jpg\" width=\"1200\" height=\"796\" alt=\"\u00c1lvaro C\u00e1rdenas, en el partido del pasado viernes ante Ucrania.\" class=\"ft-helper-img-rd\" loading=\"lazy\"\/><\/p>\n<p class=\"ft-helper-fontColor-quaternary ft-helper-fontSize-body-S ft-helper-spacer-t-xxs\">\u00c1lvaro C\u00e1rdenas, en el partido del pasado viernes ante Ucrania.  \/ TOMS KALNINS \/ EFE<\/p>\n<p>Victoria en el partido de ida<\/p>\n<p class=\"ft-text\">Ser\u00e1 el cuarto partido de la primera fase de la clasificaci\u00f3n para la Copa del Mundo 2027, con el mismo rival, Ucrania, al que se enfrent\u00f3 hace tres d\u00edas. En el partido del viernes, Espa\u00f1a sufri\u00f3 en los primeros 20 minutos la intensidad defensiva de Ucrania, y las \u2018trampas t\u00e9cnicas\u2019 respecto al bloqueo directo. Pero en el tercer cuarto el talento espa\u00f1ol fluy\u00f3 para acabar con la resistencia rival. Los de Chus Mateo ganaron en el aspecto reboteador (37 frente a 28) a pesar de su inferioridad en cent\u00edmetros, y <strong>minimizaron con la defensa de Isaac Nogu\u00e9s y <\/strong><a class=\"ft-link ft-link--decoration\" href=\"https:\/\/www.superdeporte.es\/valencia-basket\/2025\/06\/06\/alvaro-cardenas-fichaje-futuro-valencia-basket-118336745.html\" rel=\"nofollow noopener\" target=\"_blank\"><strong>\u00c1lvaro C\u00e1rdenas<\/strong><\/a><strong> la producci\u00f3n ofensiva de su estrella Oleksandr Kovilar (15 puntos)<\/strong>.<\/p>\n<p>Clasificaci\u00f3n a tiro<\/p>\n<p class=\"ft-text\"><strong>El Grupo A sigue encabezado por Espa\u00f1a con un balance de 3-0, seguido por Ucrania (2-1), Georgia (1-2) y Dinamarca (0-3)<\/strong>. El pase a la segunda fase (clasifican los tres primeros) est\u00e1 muy cerca y bastar\u00eda con una victoria o incluso con una nueva derrota de los daneses. Pero al entrar en la siguiente fase con los resultados de esta, todos los partidos cuentan. En las tres \u00faltimas Ventanas los rivales ser\u00e1n los equipos clasificados del Grupo B, formado por Portugal, Grecia, Montenegro y Ruman\u00eda.<\/p>\n","protected":false},"excerpt":{"rendered":"El Valencia Basket cuenta con dos representantes en la selecci\u00f3n espa\u00f1ola absoluta en estas Ventanas FIBA, pero en&hellip;\n","protected":false},"author":2,"featured_media":423848,"comment_status":"","ping_status":"","sticky":false,"template":"","format":"standard","meta":{"footnotes":""},"categories":[269],"tags":[2607,299,298,15441,9525,42076,168,49243,25,24,13863,10708,7862,20217,23,167,7081,2916],"class_list":["post-423847","post","type-post","status-publish","format-standard","has-post-thumbnail","category-baloncesto","tag-alvaro","tag-baloncesto","tag-basketball","tag-cardenas","tag-chus","tag-chus-mateo","tag-deportes","tag-descarte","tag-es","tag-espana","tag-fiba","tag-isaac","tag-mateo","tag-nogues","tag-spain","tag-sports","tag-ucrania","tag-valencia-basket"],"share_on_mastodon":{"url":"https:\/\/pubeurope.com\/@es\/116156403904941285","error":""},"_links":{"self":[{"href":"https:\/\/www.europesays.com\/es\/wp-json\/wp\/v2\/posts\/423847","targetHints":{"allow":["GET"]}}],"collection":[{"href":"https:\/\/www.europesays.com\/es\/wp-json\/wp\/v2\/posts"}],"about":[{"href":"https:\/\/www.europesays.com\/es\/wp-json\/wp\/v2\/types\/post"}],"author":[{"embeddable":true,"href":"https:\/\/www.europesays.com\/es\/wp-json\/wp\/v2\/users\/2"}],"replies":[{"embeddable":true,"href":"https:\/\/www.europesays.com\/es\/wp-json\/wp\/v2\/comments?post=423847"}],"version-history":[{"count":0,"href":"https:\/\/www.europesays.com\/es\/wp-json\/wp\/v2\/posts\/423847\/revisions"}],"wp:featuredmedia":[{"embeddable":true,"href":"https:\/\/www.europesays.com\/es\/wp-json\/wp\/v2\/media\/423848"}],"wp:attachment":[{"href":"https:\/\/www.europesays.com\/es\/wp-json\/wp\/v2\/media?parent=423847"}],"wp:term":[{"taxonomy":"category","embeddable":true,"href":"https:\/\/www.europesays.com\/es\/wp-json\/wp\/v2\/categories?post=423847"},{"taxonomy":"post_tag","embeddable":true,"href":"https:\/\/www.europesays.com\/es\/wp-json\/wp\/v2\/tags?post=423847"}],"curies":[{"name":"wp","href":"https:\/\/api.w.org\/{rel}","templated":true}]}}