{"id":424086,"date":"2026-03-02T02:26:09","date_gmt":"2026-03-02T02:26:09","guid":{"rendered":"https:\/\/www.europesays.com\/es\/424086\/"},"modified":"2026-03-02T02:26:09","modified_gmt":"2026-03-02T02:26:09","slug":"el-arenas-respira-a-costa-del-barakaldo","status":"publish","type":"post","link":"https:\/\/www.europesays.com\/es\/424086\/","title":{"rendered":"El Arenas respira a costa del Barakaldo"},"content":{"rendered":"<p>\n        <strong>El <\/strong><a href=\"https:\/\/www.deia.eus\/tags\/arenas\/\" title=\"Arenas\" class=\"link copy\" rel=\"nofollow noopener\" target=\"_blank\"><strong>Arenas<\/strong><\/a><strong> coge aire tras llevarse el derbi en Fadura ante el Barakaldo<\/strong> en la matinal de este domingo en un partido muy disputado y en el que los rojinegros, que se fueron al descanso con 2-0 a favor y con un jugador menos por la expulsi\u00f3n de Vizcay por doble amarilla, aguantaron las acometidas de los fabriles, que estuvieron acompa\u00f1ados en las gradas por un buen n\u00famero de seguidores. Tras este triunfo, d\u00e9cimo del curso y segundo en Fadura, el Arenas se coloca con 33 puntos, d\u00e9cimo tercero y con cinco puntos de ventaja sobre el descenso. Los de Imanol de la Sota, por su parte, siguen en mitad de la tabla.\n<\/p>\n<p class=\"article-body__text \">\n        El choque comenz\u00f3 con un primer acercamiento de los rojinegros que fue rematado por Collado a las manos de Campos. Poco a poco, <strong>el Barakaldo se fue haciendo due\u00f1o del bal\u00f3n<\/strong> y empez\u00f3 a moverlo ensanchando el campo. A los cinco minutos provoc\u00f3 un primer c\u00f3rner a favor. A la salida de ese saque de esquina, Mu\u00f1oz chut\u00f3 desde la frontal, pero se marcho alto. La respuesta de los locales lleg\u00f3 poco despu\u00e9s con un bal\u00f3n largo para Matheus, que dispar\u00f3 y Campos rechaz\u00f3 el lanzamiento con una mano.\u00a0\n<\/p>\n<p><strong>ARENAS: <\/strong>Pe\u00f1a, Garc\u00eda, \u00c1lvarez, Sustatxa (Min. 79, Hidalgo), Sillero; Verde, Zabala (Min. 79, Tamir), Collado (Min. 69, Boriko), Sergio Navarro (Min. 63, Bazaga); Matheus (Min. 46, Fern\u00e1ndez) y Vizcay.<\/p>\n<p><strong>BARAKALDO: <\/strong>Campos; Arana, Ropero, Albizua, De Jes\u00fas (Min. 46, Pedernales); Castillo (Min. 46, Merino), Molina (Min. 82, Huidobro), Pe\u00f1a, Saliou (Min. 60, De Le\u00f3n), Mu\u00f1oz y Galarza (Min. 66, Vali\u00f1o).<\/p>\n<p><strong>Goles:<\/strong> 1-0: Min. 39; Zabala. 2-0: Min. 44; Matheus. 2-1: Min. 68; Vali\u00f1o.<\/p>\n<p><strong>\u00c1rbitro:<\/strong> Fernando Rom\u00e1n Rom\u00e1n (Comit\u00e9 Castellano-Leon\u00e9s). Expuls\u00f3 del Arenas por doble amarilla a Vizcay (Min. 45+5). Amonest\u00f3 a los locales \u00c1lvarez, Bazaga y Boriko; y a los visitantes De Jes\u00fas, Merino, Arana y Galarza.<\/p>\n<p><strong>Incidencias:<\/strong> 1.500 espectadores en Fadura.<\/p>\n<p class=\"article-body__text \">\n        Los minutos fueron pasando y las fuerzas se igualaron con <strong>un Arenas que recurri\u00f3 a pases largos <\/strong>sobre sus hombres mas adelantados, pero la defensa gualdinegra, este domingo de blanco impoluto, y Campos desbarataron sin miramientos cualquier peligro. Matheus recort\u00f3 dentro del \u00e1rea y su disparo fue rechazado por un defensor con su cuerpo bajo palos.\u00a0\n<\/p>\n<p>  Goles y expulsi\u00f3n<\/p>\n<p class=\"article-body__text \">\n        En el minuto 39 lleg\u00f3 el 1-0. Una jugada colectiva que finaliz\u00f3 con un <strong>centro de Sergio Navarro y Zabala remat\u00f3 en el segundo palo. <\/strong>En un primer momento, el colegiado lo anul\u00f3 por fuera de juego, pero, tras la pertinente revisi\u00f3n, dio validez al gol. Antes de enfilar el descanso, un bal\u00f3n recuperado por los rojinegros en medio campo, lleg\u00f3 a Vizcay, este dio un pase filtrado a <strong>Matheus, que se adentr\u00f3 solo en el \u00e1rea y bati\u00f3 a Campos.\u00a0<\/strong>\n<\/p>\n<p class=\"article-body__text \">\n        El partido se puso de cara para un Arenas que en la prolongaci\u00f3n de la primera mitad sufri\u00f3 la <strong>expulsi\u00f3n de Vizcay<\/strong> despu\u00e9s de que golpeara a Molina en el p\u00f3mulo en una disputa. Los fabriles pidieron revisi\u00f3n y el colegiado expuls\u00f3 al delantero local por doble amarilla.\n<\/p>\n<blockquote class=\"twitter-tweet\" data-lang=\"es\">\n<p lang=\"es\" dir=\"ltr\">Se gan\u00f3 el derbi! \ud83d\ude0e <a href=\"https:\/\/t.co\/mREIxbl6Vq\" rel=\"nofollow\">pic.twitter.com\/mREIxbl6Vq<\/a><\/p>\n<p>\u2014 ARENAS CLUB oficial (@arenas_club1909) <a href=\"https:\/\/twitter.com\/arenas_club1909\/status\/2028119461459317040?ref_src=twsrc%5Etfw\" rel=\"nofollow noopener\" target=\"_blank\">1 de marzo de 2026<\/a><\/p><\/blockquote>\n<p class=\"article-body__text \">\n        Tras el descanso, el <a href=\"https:\/\/www.deia.eus\/tags\/barakaldo-cf\/\" title=\"Barakaldo\" class=\"link copy\" rel=\"nofollow noopener\" target=\"_blank\">Barakaldo<\/a> sali\u00f3 en busca del empate. El t\u00e9cnico fabril meti\u00f3 toda su artiller\u00eda, con la entrada de De Le\u00f3n y Vali\u00f1o. Y nada mas salir, un centro de De Le\u00f3n, desde la izquierda, y <strong>Vali\u00f1o remat\u00f3 en boca de gol para lograr el primero de los visitantes.<\/strong>\u00a0\n<\/p>\n<p class=\"article-body__text \">\n        Los de Ezkerraldea siguieron atacando en busca del segundo. En una<strong> triple ocasi\u00f3n<\/strong> apareci\u00f3 la figura de Pe\u00f1a, que atrap\u00f3 el esf\u00e9rico tras varios rechaces. El portero del Arenas volvi\u00f3 a lucirse con una buena estirada.\u00a0\n<\/p>\n<p>            <script async src=\"https:\/\/platform.twitter.com\/widgets.js\" charset=\"utf-8\"><\/script><\/p>\n","protected":false},"excerpt":{"rendered":"El Arenas coge aire tras llevarse el derbi en Fadura ante el Barakaldo en la matinal de este&hellip;\n","protected":false},"author":2,"featured_media":424087,"comment_status":"","ping_status":"","sticky":false,"template":"","format":"standard","meta":{"footnotes":""},"categories":[269],"tags":[37640,299,14314,298,168,18298,25,24,23,167,1261],"class_list":["post-424086","post","type-post","status-publish","format-standard","has-post-thumbnail","category-baloncesto","tag-arenas","tag-baloncesto","tag-barakaldo","tag-basketball","tag-deportes","tag-derbi","tag-es","tag-espana","tag-spain","tag-sports","tag-victoria"],"share_on_mastodon":{"url":"https:\/\/pubeurope.com\/@es\/116157218099260239","error":""},"_links":{"self":[{"href":"https:\/\/www.europesays.com\/es\/wp-json\/wp\/v2\/posts\/424086","targetHints":{"allow":["GET"]}}],"collection":[{"href":"https:\/\/www.europesays.com\/es\/wp-json\/wp\/v2\/posts"}],"about":[{"href":"https:\/\/www.europesays.com\/es\/wp-json\/wp\/v2\/types\/post"}],"author":[{"embeddable":true,"href":"https:\/\/www.europesays.com\/es\/wp-json\/wp\/v2\/users\/2"}],"replies":[{"embeddable":true,"href":"https:\/\/www.europesays.com\/es\/wp-json\/wp\/v2\/comments?post=424086"}],"version-history":[{"count":0,"href":"https:\/\/www.europesays.com\/es\/wp-json\/wp\/v2\/posts\/424086\/revisions"}],"wp:featuredmedia":[{"embeddable":true,"href":"https:\/\/www.europesays.com\/es\/wp-json\/wp\/v2\/media\/424087"}],"wp:attachment":[{"href":"https:\/\/www.europesays.com\/es\/wp-json\/wp\/v2\/media?parent=424086"}],"wp:term":[{"taxonomy":"category","embeddable":true,"href":"https:\/\/www.europesays.com\/es\/wp-json\/wp\/v2\/categories?post=424086"},{"taxonomy":"post_tag","embeddable":true,"href":"https:\/\/www.europesays.com\/es\/wp-json\/wp\/v2\/tags?post=424086"}],"curies":[{"name":"wp","href":"https:\/\/api.w.org\/{rel}","templated":true}]}}