{"id":424729,"date":"2026-03-02T11:40:08","date_gmt":"2026-03-02T11:40:08","guid":{"rendered":"https:\/\/www.europesays.com\/es\/424729\/"},"modified":"2026-03-02T11:40:08","modified_gmt":"2026-03-02T11:40:08","slug":"harrison-ford-emociona-y-hace-reir-con-su-discurso-en-los-actor-awards-es-un-poco-raro-recibir-un-premio-a-toda-una-trayectoria-en-el-ecuador-de-mi-carrera","status":"publish","type":"post","link":"https:\/\/www.europesays.com\/es\/424729\/","title":{"rendered":"Harrison Ford emociona y hace re\u00edr con su discurso en los Actor Awards: \u201cEs un poco raro recibir un premio a toda una trayectoria en el ecuador de mi carrera\u201d"},"content":{"rendered":"<p>Mientras <a href=\"https:\/\/www.revistavanityfair.es\/articulos\/matthew-mcconaughey-y-woody-harrelson-son-hermanos-serie-mismo-padre\" rel=\"nofollow noopener\" target=\"_blank\">Woody Harrelson<\/a> detallaba los logros de <a href=\"https:\/\/www.revistavanityfair.es\/articulos\/harrison-ford-michael-j-fox-recauda-mas-dinero-y-ha-investigado-mas\" rel=\"nofollow noopener\" target=\"_blank\">Harrison Ford<\/a> desde el escenario de los Actors Awards (no sin antes encadenar unas cuantas bromas, entre ellas que el premio ser\u00eda para <strong>Leonardo DiCaprio<\/strong>), el legendario actor parec\u00eda retorcerse en su asiento, algo inc\u00f3modo frente a tantos elogios, incluso a sus 83 a\u00f1os. Sin embargo, el ecologista, piloto e icono cultural (\u00ab\u00a1es Han Solo!\u00bb, cacare\u00f3 Harrelson) sab\u00eda la que se le ven\u00eda encima. Ford es el 61\u00ba galardonado con la m\u00e1xima distinci\u00f3n del Sindicato de Actores SAG-AFTRA, el premio a la trayectoria.<\/p>\n<p>\u00abMe siento muy honrado\u00bb, dijo Ford al subir al escenario tras darle un beso a su mujer, <strong>Calista Flockhart<\/strong>. Reconoci\u00f3 que la mayor\u00eda de los dem\u00e1s actores presentes en el acto estaban siendo galardonados por su trabajo, \u00abmientras que yo estoy aqu\u00ed para recibir un premio por estar vivo\u00bb, dijo Ford con una de sus caracter\u00edsticas muecas ir\u00f3nicas.<\/p>\n<p>\u00abDicho lo cual, es un poco raro recibir un premio a toda una trayectoria en el ecuador de mi carrera. Es un poco pronto, \u00bfno? Todav\u00eda soy un <a href=\"https:\/\/www.vanityfair.com\/hollywood\/story\/harrison-ford-michael-j-fox-shrinking-parkinsons-interview\" rel=\"nofollow noopener\" target=\"_blank\">actor en activo<\/a>\u00ab, continu\u00f3, entre carcajadas y aplausos.<\/p>\n<p>Tras reconocer las dificultades a las que se enfrent\u00f3 en sus inicios, incluidos <a data-offer-url=\"https:\/\/vanityfair.azurewebsites.net\/article\/1990\/8\/harrison-fords-natural-drive\" class=\"external-link\" data-event-click=\"{&quot;element&quot;:&quot;ExternalLink&quot;,&quot;outgoingURL&quot;:&quot;https:\/\/vanityfair.azurewebsites.net\/article\/1990\/8\/harrison-fords-natural-drive&quot;}\" href=\"https:\/\/vanityfair.azurewebsites.net\/article\/1990\/8\/harrison-fords-natural-drive\" rel=\"nofollow noopener\" target=\"_blank\">sus famosos or\u00edgenes como carpintero<\/a>, Ford explic\u00f3 que \u00abpor fin consegu\u00ed un papel en una pel\u00edcula de gran \u00e9xito\u00bb, refiri\u00e9ndose, por supuesto, a la primera pel\u00edcula de la saga de La guerra de las galaxias. A esta le sigui\u00f3, apenas cuatro a\u00f1os despu\u00e9s, En busca del arca perdida. \u00abGracias, <strong>George Lucas<\/strong>. Gracias, <strong>Steven Spielberg<\/strong>\u00ab, dijo Ford.<\/p>\n<p>Ford tambi\u00e9n habl\u00f3 de la camarader\u00eda y el compa\u00f1erismo que ha encontrado en su profesi\u00f3n como artista. \u00abAndaba un poco perdido en mi tercer a\u00f1o de universidad. Me sent\u00eda aislado y solo, y entonces encontr\u00e9 una compa\u00f1\u00eda de gente que hac\u00eda obras de teatro. <strong>Gente a la que antes consider\u00e9 unos inadaptados y frikis resultaron ser mi gente<\/strong>\u00ab.<\/p>\n<p>Aunque los seguidores de la obra de Ford est\u00e1n acostumbrados a verle expresar emociones, resulta mucho m\u00e1s inusual verle abrirse as\u00ed sin estar metido en un personaje. Tal vez fuera consciente de ello al conmovernos al hablar, con los ojos llenos de l\u00e1grimas, sobre c\u00f3mo se encontr\u00f3 a s\u00ed mismo a trav\u00e9s de la actuaci\u00f3n: \u00abHall\u00e9 una vocaci\u00f3n, una vida en narrar historias, una identidad en fingir ser otras personas. El trabajo que hago con otros actores es una de las grandes alegr\u00edas de mi vida\u00bb.<\/p>\n<p>Y continu\u00f3: \u201c\u00abComo actores, tenemos la oportunidad de vivir muchas vidas. Podemos explorar ideas que afirman y elevan nuestra experiencia compartida. Las historias que contamos tienen una capacidad \u00fanica para crear momentos de conexi\u00f3n emocional. Nos unen. As\u00ed que, aunque todos los que estamos en esta sala nos encontramos en diferentes etapas de nuestras vidas y carreras, todos compartimos algo fundamental: compartimos el privilegio de trabajar en el mundo de las ideas, de la empat\u00eda, de la imaginaci\u00f3n. <strong>A veces hacemos entretenimiento. A veces hacemos arte. A veces tenemos suerte y hacemos ambas cosas al mismo tiempo, y si somos realmente afortunados, tambi\u00e9n podemos ganarnos la vida haci\u00e9ndolo<\/strong>\u00ab.<\/p>\n<p>El hombre al que muchos conocen como Indiana Jones no era el \u00fanico al que se le saltaban las l\u00e1grimas: cada encuadre a alguien del p\u00fablico mostraba a una estrella emocionada. \u00bfC\u00f3mo no estarlo? \u00bfQui\u00e9n de los presentes no ha crecido con Ford, ya sea como piloto del Halc\u00f3n Milenario, arque\u00f3logo golpea-nazis o el Dr. Richard Kimble en El fugitivo?<\/p>\n<p>Al ir terminando su discurso, Ford se mantuvo tan serio como siempre, manteniendo <a href=\"https:\/\/www.vanityfair.com\/hollywood\/story\/harrison-ford-shrinking-comedy\" rel=\"nofollow noopener\" target=\"_blank\">su iron\u00eda intacta<\/a>: \u00abSoy un tipo con suerte. Afortunado por haber encontrado a mi gente, afortunado por haber trabajado con gente con talento, afortunado por seguir haci\u00e9ndolo, y no lo doy por sentado. Gracias por honrarme con este premio. Es muy alentador\u00bb.<\/p>\n<p>Art\u00edculo original publicado por Vanity Fair US. Accede <a href=\"https:\/\/www.vanityfair.com\/hollywood\/story\/harrison-ford-actor-sag-awards-lifetime-achievement\" rel=\"nofollow noopener\" target=\"_blank\">aqu\u00ed<\/a>.<\/p>\n","protected":false},"excerpt":{"rendered":"Mientras Woody Harrelson detallaba los logros de Harrison Ford desde el escenario de los Actors Awards (no sin&hellip;\n","protected":false},"author":2,"featured_media":424730,"comment_status":"","ping_status":"","sticky":false,"template":"","format":"standard","meta":{"footnotes":""},"categories":[174],"tags":[90347,255,146,147,25,24,256,3183,23],"class_list":["post-424729","post","type-post","status-publish","format-standard","has-post-thumbnail","category-famosos","tag-actor-awards","tag-celebrities","tag-entertainment","tag-entretenimiento","tag-es","tag-espana","tag-famosos","tag-harrison-ford","tag-spain"],"share_on_mastodon":{"url":"https:\/\/pubeurope.com\/@es\/116159396420612755","error":""},"_links":{"self":[{"href":"https:\/\/www.europesays.com\/es\/wp-json\/wp\/v2\/posts\/424729","targetHints":{"allow":["GET"]}}],"collection":[{"href":"https:\/\/www.europesays.com\/es\/wp-json\/wp\/v2\/posts"}],"about":[{"href":"https:\/\/www.europesays.com\/es\/wp-json\/wp\/v2\/types\/post"}],"author":[{"embeddable":true,"href":"https:\/\/www.europesays.com\/es\/wp-json\/wp\/v2\/users\/2"}],"replies":[{"embeddable":true,"href":"https:\/\/www.europesays.com\/es\/wp-json\/wp\/v2\/comments?post=424729"}],"version-history":[{"count":0,"href":"https:\/\/www.europesays.com\/es\/wp-json\/wp\/v2\/posts\/424729\/revisions"}],"wp:featuredmedia":[{"embeddable":true,"href":"https:\/\/www.europesays.com\/es\/wp-json\/wp\/v2\/media\/424730"}],"wp:attachment":[{"href":"https:\/\/www.europesays.com\/es\/wp-json\/wp\/v2\/media?parent=424729"}],"wp:term":[{"taxonomy":"category","embeddable":true,"href":"https:\/\/www.europesays.com\/es\/wp-json\/wp\/v2\/categories?post=424729"},{"taxonomy":"post_tag","embeddable":true,"href":"https:\/\/www.europesays.com\/es\/wp-json\/wp\/v2\/tags?post=424729"}],"curies":[{"name":"wp","href":"https:\/\/api.w.org\/{rel}","templated":true}]}}