{"id":424810,"date":"2026-03-02T12:34:11","date_gmt":"2026-03-02T12:34:11","guid":{"rendered":"https:\/\/www.europesays.com\/es\/424810\/"},"modified":"2026-03-02T12:34:11","modified_gmt":"2026-03-02T12:34:11","slug":"de-los-vestidazos-de-gwyneth-paltrow-y-demi-moore-al-siempre-elegante-paul-mescal-todos-los-looks-de-los-actor-awards-2026","status":"publish","type":"post","link":"https:\/\/www.europesays.com\/es\/424810\/","title":{"rendered":"De los vestidazos de Gwyneth Paltrow y Demi Moore, al siempre elegante Paul Mescal: todos los looks de los Actor Awards 2026"},"content":{"rendered":"<p>El domingo 1 de marzo (en lo que para nosotros ya era la madrugada del d\u00eda 2), se celebraron los Actor Awards 2026 en el Shrine Auditorium de Los \u00c1ngeles: \u00bfAcaso estamos <a href=\"https:\/\/www.vanityfair.com\/hollywood\/award-season\" rel=\"nofollow noopener\" target=\"_blank\">una ceremonia de premios totalmente nueva<\/a>, apenas dos semanas antes de los Oscar 2026? \u00bfA qui\u00e9n podremos ver los espectadores en su alfombra roja? \u00bfY qu\u00e9 ha sido de los SAG Awards tal y como los conoc\u00edamos?<\/p>\n<p>Que no cunda el p\u00e1nico. Tal y como <a href=\"https:\/\/www.vanityfair.com\/hollywood\/story\/the-sag-awards-rename-actor-awards\" rel=\"nofollow noopener\" target=\"_blank\">Vanity Fair revel\u00f3 en exclusiva<\/a> en noviembre, la entrega anual de premios, que honra a los int\u00e9rpretes de cine y televisi\u00f3n, ha cambiado de nombre y ahora se conoce como los Premios al Actor, presentados por SAG-AFTRA. Aunque el nombre sea nuevo, \u00abel verdadero ADN de los premios sigue siendo el mismo. Realmente no vemos esto como un punto de partida desde el que desviarnos de cualquier cosa que hayamos hecho en el pasado\u00bb, dijo <strong>Jon Brockett<\/strong> a VF.<\/p>\n<p>Lo cual significa que, a pesar del nuevo nombre, los Actor Awards 2026 seguir\u00e1n siendo \u00abpara actores, por actores\u00bb, ya que los premios seguir\u00e1n siendo votados por los miembros de SAG-AFTRA, el sindicato que agrupa al Sindicato de Actores y a la Federaci\u00f3n Americana de Artistas de Radio y Televisi\u00f3n de Estados Unidos.<\/p>\n<p>La ceremonia es una de las \u00faltimas paradas del circuito de la temporada de premios, ahora que comienza la cuenta atr\u00e1s para los Oscar 2026, y el grupo de <a href=\"https:\/\/www.vanityfair.com\/hollywood\/story\/2026-actor-awards-nominations-full-list\" rel=\"nofollow noopener\" target=\"_blank\">nominados a los Premios Actor 2026<\/a> de este a\u00f1o incluye a <a href=\"https:\/\/www.vanityfair.com\/hollywood\/story\/oscar-nominations-2026\" rel=\"nofollow noopener\" target=\"_blank\">los nominados a los Oscar 2026<\/a> <a href=\"https:\/\/www.revistavanityfair.es\/articulos\/jessie-buckley-globo-oro-hamnet\" rel=\"nofollow noopener\" target=\"_blank\">Jessie Buckley<\/a> (Hamnet), <a href=\"https:\/\/www.vanityfair.com\/hollywood\/story\/reunited-rose-byrne-kristen-wiig-bridesmaids\" rel=\"nofollow noopener\" target=\"_blank\">Rose Byrne<\/a> (Si pudiera, te dar\u00eda una patada), <strong>Kate Hudson<\/strong> (Song Sung Blue), <a href=\"https:\/\/www.revistavanityfair.es\/articulos\/spencer-el-hermano-de-emma-stone-al-que-ella-dirigia-de-ninos\" rel=\"nofollow noopener\" target=\"_blank\">Emma Stone<\/a> (Bugonia), <a href=\"https:\/\/www.revistavanityfair.es\/articulos\/timothee-chalamet-da-las-gracias-a-kylie-jenner-y-a-sus-padres-al-recoger-su-primer-globo-de-oro\" rel=\"nofollow noopener\" target=\"_blank\">Timoth\u00e9e Chalamet<\/a> (Marty Supreme), <a href=\"https:\/\/www.revistavanityfair.es\/articulos\/oscar-leonardo-dicaprio-el-renacido-2016\" rel=\"nofollow noopener\" target=\"_blank\">Leonardo DiCaprio (Una batalla tras otra<\/a>), <a href=\"https:\/\/www.revistavanityfair.es\/articulos\/ethan-hawke-entrevista-blue-moon-club-poetas-muertos-carpe-diem\" rel=\"nofollow noopener\" target=\"_blank\">Ethan Hawke<\/a> (Blue Moon) y <a href=\"https:\/\/www.revistavanityfair.es\/articulos\/michael-b-jordan-entrevista-pecadores-sinners\" rel=\"nofollow noopener\" target=\"_blank\">Michael B. Jordan<\/a> (Sinners).<\/p>\n<p>Pero antes de la retransmisi\u00f3n de los Actor Awards 2026, la alfombra roja fue la primera parada para que los miembros del sindicato presuman de looks, defiendan su profesi\u00f3n y celebren a todos sus colegas nominados. Con una mezcla de actores del mundo del cine y la televisi\u00f3n entre los asistentes y premiados, los espectadores han disfrutado de una gran variedad de estilos en la alfombra roja, desde vestidos dram\u00e1ticos y exagerados hasta trajes sutiles y siluetas sorprendentes. Eso s\u00ed, sea cual sea su estilo, el mejor accesorio de la noche siempre ser\u00e1 la estatuilla de los Actor.<\/p>\n<p>A continuaci\u00f3n, disfruta de toda la moda que ha desfilado por la alfombra roja de los Actor Awards 2026.<\/p>\n","protected":false},"excerpt":{"rendered":"El domingo 1 de marzo (en lo que para nosotros ya era la madrugada del d\u00eda 2), se&hellip;\n","protected":false},"author":2,"featured_media":424811,"comment_status":"","ping_status":"","sticky":false,"template":"","format":"standard","meta":{"footnotes":""},"categories":[91],"tags":[90347,4490,146,147,25,24,4528,34407,23],"class_list":["post-424810","post","type-post","status-publish","format-standard","has-post-thumbnail","category-entretenimiento","tag-actor-awards","tag-demi-moore","tag-entertainment","tag-entretenimiento","tag-es","tag-espana","tag-gwyneth-paltrow","tag-paul-mescal","tag-spain"],"share_on_mastodon":{"url":"https:\/\/pubeurope.com\/@es\/116159608740826083","error":""},"_links":{"self":[{"href":"https:\/\/www.europesays.com\/es\/wp-json\/wp\/v2\/posts\/424810","targetHints":{"allow":["GET"]}}],"collection":[{"href":"https:\/\/www.europesays.com\/es\/wp-json\/wp\/v2\/posts"}],"about":[{"href":"https:\/\/www.europesays.com\/es\/wp-json\/wp\/v2\/types\/post"}],"author":[{"embeddable":true,"href":"https:\/\/www.europesays.com\/es\/wp-json\/wp\/v2\/users\/2"}],"replies":[{"embeddable":true,"href":"https:\/\/www.europesays.com\/es\/wp-json\/wp\/v2\/comments?post=424810"}],"version-history":[{"count":0,"href":"https:\/\/www.europesays.com\/es\/wp-json\/wp\/v2\/posts\/424810\/revisions"}],"wp:featuredmedia":[{"embeddable":true,"href":"https:\/\/www.europesays.com\/es\/wp-json\/wp\/v2\/media\/424811"}],"wp:attachment":[{"href":"https:\/\/www.europesays.com\/es\/wp-json\/wp\/v2\/media?parent=424810"}],"wp:term":[{"taxonomy":"category","embeddable":true,"href":"https:\/\/www.europesays.com\/es\/wp-json\/wp\/v2\/categories?post=424810"},{"taxonomy":"post_tag","embeddable":true,"href":"https:\/\/www.europesays.com\/es\/wp-json\/wp\/v2\/tags?post=424810"}],"curies":[{"name":"wp","href":"https:\/\/api.w.org\/{rel}","templated":true}]}}