{"id":425099,"date":"2026-03-02T16:01:12","date_gmt":"2026-03-02T16:01:12","guid":{"rendered":"https:\/\/www.europesays.com\/es\/425099\/"},"modified":"2026-03-02T16:01:12","modified_gmt":"2026-03-02T16:01:12","slug":"grupos-ultracatolicos-cargan-contra-silvia-abril-por-su-critica-a-la-iglesia-en-la-alfombra-roja-de-los-premios-goya-2026","status":"publish","type":"post","link":"https:\/\/www.europesays.com\/es\/425099\/","title":{"rendered":"Grupos ultracat\u00f3licos cargan contra Silvia Abril por su cr\u00edtica a la Iglesia en la Alfombra roja de los Premios Goya 2026"},"content":{"rendered":"<p class=\"article-text\">\n        Grupos ultracat\u00f3licos como <strong>HazteOir y Universitarios Cat\u00f3licos<\/strong> han cargado contra la actriz y presentadora <strong>Silvia Abril <\/strong>por unas declaraciones realizadas el pasado s\u00e1bado durante la Alfombra Roja de los <a href=\"https:\/\/www.eldiario.es\/vertele\/noticias\/reaccion-susan-sarandon-premios-goya-descubrir-mujer-dobla-espanol-1975_1_13031075.html\" target=\"_blank\" data-mrf-recirculation=\"links-noticia\" class=\"link\" rel=\"nofollow noopener\">Premios Goya 2026<\/a>. A trav\u00e9s de sus redes sociales han saltado contra la c\u00f3mica por afirmar que <strong>la Iglesia tiene montado \u201cun chiringuito\u201d<\/strong>.\n    <\/p>\n<p>    <a href=\"https:\/\/www.eldiario.es\/vertele\/series\/ganadores-sag-actor-awards-2026-premio-postumo-catherine-hara-reunion-sorpresa-the-office_1_13032029.html\" data-mrf-recirculation=\"saber-mas\" data-dl-event=\"saber-mas\" rel=\"nofollow noopener\" target=\"_blank\"><\/p>\n<p class=\"know-more__title\">Los ganadores de los SAG Actor Awards 2026, con premio p\u00f3stumo a Catherine O&#8217;Hara y reuni\u00f3n sorpresa de &#8216;The Office&#8217;<\/p>\n<p>            <img decoding=\"async\" class=\"lazy\" loading=\"lazy\" data-src=\"https:\/\/static.eldiario.es\/clip\/1f31df96-4665-4f6f-aedd-86fb8ce69c81_16-9-aspect-ratio_default_0.jpg\" src=\"data:image\/svg+xml,%3Csvg xmlns=\" http:=\"\" viewbox=\"0 0 880 495\" alt=\"Los ganadores de los SAG Actor Awards 2026, con premio p\u00f3stumo a Catherine O'Hara y reuni\u00f3n sorpresa de 'The Office'\"\/><\/p>\n<p>                        <\/a><\/p>\n<p class=\"article-text\">\n        En declaraciones a <a href=\"https:\/\/x.com\/20m\/status\/2027887245290541263\" target=\"_blank\" data-mrf-recirculation=\"links-noticia\" class=\"link\" rel=\"nofollow\">Cineman\u00eda<\/a> antes de la gala que emiti\u00f3 <strong>La 1 de RTVE<\/strong>, Abril opin\u00f3 sobre sus pel\u00edculas favoritas para hacerse con el Goya y lanz\u00f3 una cr\u00edtica a la Iglesia Cat\u00f3lica al hablar de<strong> Los Domingos<\/strong>, la cinta de <strong>Alauda Ruiz de Az\u00faa <\/strong>que acab\u00f3 ganando el m\u00e1ximo galard\u00f3n de la noche. \u201cMe niego a aceptar que la juventud que sube tenga esa carencia y esa tirada hacia lo cristiano\u201d, comenz\u00f3 comentando sobre la tem\u00e1tica del mencionado largometraje.\n    <\/p>\n<p class=\"article-text\">\n        \u201cMe da pena que necesiten creer en algo y se agarren en la fe cristiana. Lo siento por la Iglesia, <strong>menudo chiringuito ten\u00e9is montado, \u00a1se acab\u00f3! Vayan saliendo<\/strong>\u201d, opin\u00f3 la humorista. Unas palabras que han tenido su r\u00e9plica desde los mencionados grupos ultracat\u00f3licos, que han utilizado sus perfiles en la red social X para cargar contra Silvia Abril.\n    <\/p>\n<p class=\"article-text\">\n        Primero han sido Universitarios Cat\u00f3licos, que han abrazado<a href=\"https:\/\/www.eldiario.es\/cultura\/cine\/paniaguados-subvencionados-cine-espanol-recibe-dinero-devuelve-creces_1_12225877.html\" target=\"_blank\" data-mrf-recirculation=\"links-noticia\" class=\"link\" rel=\"nofollow noopener\"> la cl\u00e1sica cr\u00edtica de la ultraderecha<\/a> contra el cine espa\u00f1ol para responder a la actriz. \u201cSe\u00f1ora, para chiringuito el del cine espa\u00f1ol que vive de 250 millones de euros de subvenciones p\u00fablicas. L\u00e1vese la boca antes de hablar de la Iglesia Cat\u00f3lica\u201d, han escrito. En <a href=\"https:\/\/www.eldiario.es\/cultura\/cine\/mentiras-juanma-ulloa-iker-jimenez-cine-espanol-olvida-pelicula-recibio-700-000-euros-rtve_129_13013784.html\" target=\"_blank\" data-mrf-recirculation=\"links-noticia\" class=\"link\" rel=\"nofollow noopener\">este art\u00edculo<\/a>, desde Cultura de elDiario.es se analizan las mentiras sobre las subvenciones al cine espa\u00f1ol. Y <a href=\"https:\/\/www.eldiario.es\/cultura\/cine\/paniaguados-subvencionados-cine-espanol-recibe-dinero-devuelve-creces_1_12225877.html\" target=\"_blank\" data-mrf-recirculation=\"links-noticia\" class=\"link\" rel=\"nofollow noopener\">en este otro<\/a>, explican por qu\u00e9 la industria lo devuelve con creces.\n    <\/p>\n<p>    <a href=\"https:\/\/www.eldiario.es\/vertele\/noticias\/premios-goya-aclaran-no-reunieron-susan-sarandon-dobladora-maria-luisa-sola-gala-rtve_1_13032554.html\" data-mrf-recirculation=\"saber-mas-abajo\" data-dl-event=\"saber-mas-abajo\" rel=\"nofollow noopener\" target=\"_blank\"><\/p>\n<p class=\"know-more__title\">Los Premios Goya aclaran por qu\u00e9 no reunieron a Susan Sarandon con su dobladora Mar\u00eda Luisa Sol\u00e1 en la gala de RTVE\n<\/p>\n<p>            <img decoding=\"async\" class=\"lazy\" loading=\"lazy\" data-src=\"https:\/\/static.eldiario.es\/clip\/e23c1c36-6d8b-476f-88d9-8d0f1f09aae5_16-9-aspect-ratio_default_0.jpg\" src=\"data:image\/svg+xml,%3Csvg xmlns=\" http:=\"\" viewbox=\"0 0 880 495\" alt=\"Los Premios Goya aclaran por qu\u00e9 no reunieron a Susan Sarandon con su dobladora Mar\u00eda Luisa Sol\u00e1 en la gala de RTVE\"\/><\/p>\n<p>                        <\/a><\/p>\n<blockquote class=\"twitter-tweet\" data-lang=\"es\"><p><a href=\"https:\/\/twitter.com\/X\/status\/2028013732488511594?ref_src=twsrc%5Etfw\" rel=\"nofollow noopener\" target=\"_blank\"><\/p><\/blockquote>\n<p class=\"article-text\">\n        Despu\u00e9s, la asociaci\u00f3n ultra HazteOir tambi\u00e9n ha saltado contra la actriz al felicitar el d\u00eda. \u201c<strong>Feliz Domingo a todos menos a Silvia Abril<\/strong>, a quien parece molestarle que los j\u00f3venes se acerquen cada d\u00eda m\u00e1s al Se\u00f1or. Si le pica, que rece\u201d, han escrito.\n    <\/p>\n<blockquote class=\"twitter-tweet\" data-lang=\"es\"><p><a href=\"https:\/\/twitter.com\/X\/status\/2028023063309091003?ref_src=twsrc%5Etfw\" rel=\"nofollow noopener\" target=\"_blank\"><\/p><\/blockquote>\n<p>                                    <script async src=\"https:\/\/platform.twitter.com\/widgets.js\" charset=\"utf-8\"><\/script><\/p>\n","protected":false},"excerpt":{"rendered":"Grupos ultracat\u00f3licos como HazteOir y Universitarios Cat\u00f3licos han cargado contra la actriz y presentadora Silvia Abril por unas&hellip;\n","protected":false},"author":2,"featured_media":425100,"comment_status":"","ping_status":"","sticky":false,"template":"","format":"standard","meta":{"footnotes":""},"categories":[91],"tags":[3076,13099,19340,1497,146,147,25,24,3980,24334,12034,532,13644,24783,15615,23,90391],"class_list":["post-425099","post","type-post","status-publish","format-standard","has-post-thumbnail","category-entretenimiento","tag-3076","tag-abril","tag-alfombra","tag-critica","tag-entertainment","tag-entretenimiento","tag-es","tag-espana","tag-goya","tag-grupos","tag-iglesia","tag-premios","tag-roja","tag-saltan","tag-silvia","tag-spain","tag-ultracatolicos"],"share_on_mastodon":{"url":"https:\/\/pubeurope.com\/@es\/116160422388138437","error":""},"_links":{"self":[{"href":"https:\/\/www.europesays.com\/es\/wp-json\/wp\/v2\/posts\/425099","targetHints":{"allow":["GET"]}}],"collection":[{"href":"https:\/\/www.europesays.com\/es\/wp-json\/wp\/v2\/posts"}],"about":[{"href":"https:\/\/www.europesays.com\/es\/wp-json\/wp\/v2\/types\/post"}],"author":[{"embeddable":true,"href":"https:\/\/www.europesays.com\/es\/wp-json\/wp\/v2\/users\/2"}],"replies":[{"embeddable":true,"href":"https:\/\/www.europesays.com\/es\/wp-json\/wp\/v2\/comments?post=425099"}],"version-history":[{"count":0,"href":"https:\/\/www.europesays.com\/es\/wp-json\/wp\/v2\/posts\/425099\/revisions"}],"wp:featuredmedia":[{"embeddable":true,"href":"https:\/\/www.europesays.com\/es\/wp-json\/wp\/v2\/media\/425100"}],"wp:attachment":[{"href":"https:\/\/www.europesays.com\/es\/wp-json\/wp\/v2\/media?parent=425099"}],"wp:term":[{"taxonomy":"category","embeddable":true,"href":"https:\/\/www.europesays.com\/es\/wp-json\/wp\/v2\/categories?post=425099"},{"taxonomy":"post_tag","embeddable":true,"href":"https:\/\/www.europesays.com\/es\/wp-json\/wp\/v2\/tags?post=425099"}],"curies":[{"name":"wp","href":"https:\/\/api.w.org\/{rel}","templated":true}]}}