{"id":425407,"date":"2026-03-02T20:05:11","date_gmt":"2026-03-02T20:05:11","guid":{"rendered":"https:\/\/www.europesays.com\/es\/425407\/"},"modified":"2026-03-02T20:05:11","modified_gmt":"2026-03-02T20:05:11","slug":"nia-coffey-y-el-valencia-basket-de-acuerdo-en-mantener-su-contrato-hasta-abril-y-la-wnba","status":"publish","type":"post","link":"https:\/\/www.europesays.com\/es\/425407\/","title":{"rendered":"Nia Coffey y el Valencia Basket, de acuerdo en mantener su contrato hasta abril y la WNBA"},"content":{"rendered":"<p class=\"ft-text\"><a class=\"ft-link ft-link--decoration\" href=\"https:\/\/www.superdeporte.es\/valencia-basket\/2025\/12\/08\/coffey-fichaje-valencia-basket-124569018.html\" rel=\"nofollow noopener\" target=\"_blank\"><strong>Nia Coffey<\/strong><\/a><strong> seguir\u00e1 de taronja, al menos durante un mes m\u00e1s<\/strong>. Ni la jugadora estadounidense ni el club han decidido hacer uso de la opci\u00f3n de corte a principios de este mes que hab\u00eda pactada en su contrato, por lo que seguir\u00e1 en el Valencia Basket hasta principios o mediados de abril, apurando al m\u00e1ximo el tiempo antes de irse a Estados Unidos para preparar su participaci\u00f3n en la WNBA, ya que el 19 de abril empiezan los Training Camp.<\/p>\n<p class=\"ft-text\"><a class=\"ft-link ft-link--decoration\" href=\"https:\/\/www.superdeporte.es\/valencia-basket\/2025\/12\/04\/fichaje-temporal-valencia-basket-jugadora-wnba-124437782.html\" rel=\"nofollow noopener\" target=\"_blank\">La norteamericana (1,85) lleg\u00f3 del Atlanta Dream a principios de diciembre<\/a> avalada por su polivalencia para cubrir las posiciones de &#8216;4&#8217; y de &#8216;3&#8217; tras una lesi\u00f3n de Raquel Carrera y la marcha de Alina Iagupova, pero lo hizo con fecha de caducidad en un fichaje temporal por las necesidades del momento. Eso s\u00ed, <strong>aunque no podr\u00e1 estar para el playoff de la LF Endesa, s\u00ed podr\u00e1 ayudar a las de Rub\u00e9n Burgos en la pr\u00f3xima Copa de la Reina<\/strong> y en una fase decisiva de la Liga Regular tras confirmar su continuidad hasta el pr\u00f3ximo mes.<\/p>\n<p><img decoding=\"async\" src=\"https:\/\/www.europesays.com\/es\/wp-content\/uploads\/2026\/03\/d59e7fba-1917-4b92-b4d6-a93efc71644f_alta-libre-aspect-ratio_default_0_x960y426.jpg\" width=\"1200\" height=\"800\" alt=\"Nia Coffey, de espaldas, atiende las indicaciones de Rub\u00e9n Burgos antes de volver a la pista.\" class=\"ft-helper-img-rd\" loading=\"lazy\"\/><\/p>\n<p class=\"ft-helper-fontColor-quaternary ft-helper-fontSize-body-S ft-helper-spacer-t-xxs\">Nia Coffey, de espaldas, atiende las indicaciones de Rub\u00e9n Burgos antes de volver a la pista.  \/ Eduardo Ripoll<\/p>\n<p class=\"ft-text\">En sus 13 primeros partidos de taronja <a class=\"ft-link ft-link--decoration\" href=\"https:\/\/www.feb.es\/competiciones\/jugador\/980027\/2861171\" rel=\"nofollow noopener\" target=\"_blank\">ha promediado 8 puntos, 3,8 rebotes y 8,8 cr\u00e9ditos de valoraci\u00f3n<\/a> y <strong>ha pasado de jugar m\u00e1s de ala-p\u00edvot a hacerlo de alero tras la recuperaci\u00f3n de Raquel Carrera<\/strong>. Unos n\u00fameros que avalan su fichaje a pesar de que estuviera condicionado a no poder acabar la temporada.<\/p>\n<p>Recambio previsto<\/p>\n<p class=\"ft-text\">Eso s\u00ed, tras los \u00faltimos movimientos de mercado del club, <strong>Rub\u00e9n Burgos tiene asegurada en la figura de <\/strong><a class=\"ft-link ft-link--decoration\" href=\"https:\/\/www.superdeporte.es\/valencia-basket\/2026\/02\/24\/fichaje-valencia-basket-reforzar-juego-femenino-127205519.html\" rel=\"nofollow noopener\" target=\"_blank\"><strong>Kendra Chery<\/strong><\/a><strong> (1,87) un recambio de garant\u00edas<\/strong>, en una operaci\u00f3n marcada por la pr\u00f3xima salida de Coffey y que hab\u00eda que ejecutar ya para estar dentro del cierre de mercado. La francesa, reci\u00e9n fichada el pasado 24 de febrero, fue el descarte en el \u00faltimo partido ante el Cad\u00ed La Seu en el Roig Arena al tener ahora 13 jugadoras en plantilla, pero si su adaptaci\u00f3n es buena, apunta a ser una jugadora clave en el resto de la temporada, en una LF Endesa que ya conoce tras haber jugado en el Hozono Global Jairis.<\/p>\n","protected":false},"excerpt":{"rendered":"Nia Coffey seguir\u00e1 de taronja, al menos durante un mes m\u00e1s. Ni la jugadora estadounidense ni el club&hellip;\n","protected":false},"author":2,"featured_media":425408,"comment_status":"","ping_status":"","sticky":false,"template":"","format":"standard","meta":{"footnotes":""},"categories":[269],"tags":[13099,945,299,1918,298,67631,168,25,24,564,90430,17893,1791,23,167,235,2916,4847],"class_list":["post-425407","post","type-post","status-publish","format-standard","has-post-thumbnail","category-baloncesto","tag-abril","tag-acuerdo","tag-baloncesto","tag-basket","tag-basketball","tag-coffey","tag-deportes","tag-es","tag-espana","tag-nia","tag-nia-coffey","tag-ruben-burgos","tag-seguir","tag-spain","tag-sports","tag-valencia","tag-valencia-basket","tag-wnba"],"share_on_mastodon":{"url":"https:\/\/pubeurope.com\/@es\/116161382024087819","error":""},"_links":{"self":[{"href":"https:\/\/www.europesays.com\/es\/wp-json\/wp\/v2\/posts\/425407","targetHints":{"allow":["GET"]}}],"collection":[{"href":"https:\/\/www.europesays.com\/es\/wp-json\/wp\/v2\/posts"}],"about":[{"href":"https:\/\/www.europesays.com\/es\/wp-json\/wp\/v2\/types\/post"}],"author":[{"embeddable":true,"href":"https:\/\/www.europesays.com\/es\/wp-json\/wp\/v2\/users\/2"}],"replies":[{"embeddable":true,"href":"https:\/\/www.europesays.com\/es\/wp-json\/wp\/v2\/comments?post=425407"}],"version-history":[{"count":0,"href":"https:\/\/www.europesays.com\/es\/wp-json\/wp\/v2\/posts\/425407\/revisions"}],"wp:featuredmedia":[{"embeddable":true,"href":"https:\/\/www.europesays.com\/es\/wp-json\/wp\/v2\/media\/425408"}],"wp:attachment":[{"href":"https:\/\/www.europesays.com\/es\/wp-json\/wp\/v2\/media?parent=425407"}],"wp:term":[{"taxonomy":"category","embeddable":true,"href":"https:\/\/www.europesays.com\/es\/wp-json\/wp\/v2\/categories?post=425407"},{"taxonomy":"post_tag","embeddable":true,"href":"https:\/\/www.europesays.com\/es\/wp-json\/wp\/v2\/tags?post=425407"}],"curies":[{"name":"wp","href":"https:\/\/api.w.org\/{rel}","templated":true}]}}