{"id":425509,"date":"2026-03-02T21:27:12","date_gmt":"2026-03-02T21:27:12","guid":{"rendered":"https:\/\/www.europesays.com\/es\/425509\/"},"modified":"2026-03-02T21:27:12","modified_gmt":"2026-03-02T21:27:12","slug":"israel-aprovecha-la-guerra-contra-iran-para-seguir-eliminando-a-hizbola-del-libano","status":"publish","type":"post","link":"https:\/\/www.europesays.com\/es\/425509\/","title":{"rendered":"Israel aprovecha la guerra contra Ir\u00e1n para seguir eliminando a Hizbol\u00e1 del L\u00edbano"},"content":{"rendered":"<p style=\"\">Una treintena de muertos y casi 150 heridos en el L\u00edbano: este es el balance provisional de los <strong>ataques a\u00e9reos israel\u00edes sobre los suburbios del sur de Beirut<\/strong> y el sur del L\u00edbano en represalia por los ataques llevados a cabo por Hizbol\u00e1 contra  &#8230; el Estado jud\u00edo durante la noche <\/p>\n<p class=\"v-d-p\" style=\"\"> Eran poco m\u00e1s de las dos de la madrugada, cuando gran parte de la poblaci\u00f3n de Beirut se despert\u00f3 sobresaltada por al menos 15 potentes ataques a\u00e9reos lanzados por el Ej\u00e9rcito israel\u00ed contra bastiones de Hizbol\u00e1. Un rato antes, la milicia chi\u00ed hab\u00eda cumplido sus amenazas. Desde el sur del pa\u00eds, hab\u00eda atacado el norte de Israel, <a href=\"https:\/\/www.abc.es\/internacional\/hizbola-lanza-primeros-proyectiles-2024-israel-bombardea-20260302032647-nt.html\" target=\"_self\" data-voc-vtm-id=\"in-text-traffic\" title=\"lanzando misiles por primera vez desde el alto el fuego en 2024\" data-mrf-link=\"www.abc.es\" rel=\"nofollow noopener\">lanzando misiles por primera vez desde el alto el fuego en 2024<\/a>, para \u00abconfrontar\u00bb la agresi\u00f3n estadounidense-israel\u00ed contra Ir\u00e1n tras la eliminaci\u00f3n del l\u00edder supremo de la Revoluci\u00f3n, que hab\u00eda designado como una l\u00ednea roja.<\/p>\n<p class=\"v-d-p\" style=\"\">Los ataques han continuado durante todo el lunes, sobre todo al sur del pa\u00eds, donde el Ej\u00e9rcito israel\u00ed ha ordenado la evacuaci\u00f3n de unas 50 aldeas.<\/p>\n<ul class=\"v-cmp-rld__u\">\n<li class=\"v-cmp-rld__l\">\n<p><a class=\"v-a-lnk\" href=\"http:\/\/www.abc.es\/internacional\/falsa-iran-lado-perverso-20260302061556-nt.html#vtm_modulosEngag=noticiasrelacionadas-cmp-uno:internacional:noticia:1\" title=\"Ir\u00e1n, el lado perverso de la historia\" data-voc-vtm-id=\"in-text-traffic\" rel=\"nofollow noopener\" target=\"_blank\"><br \/>\n<img decoding=\"async\" loading=\"lazy\" src=\"https:\/\/www.europesays.com\/es\/wp-content\/uploads\/2026\/03\/iran-U46564880042qbl-366x256@diario_abc.JPG\" class=\"v-a-img\" width=\"258\" height=\"180\" alt=\"Ir\u00e1n, el lado perverso de la historia\"\/><br \/>\n<\/a><\/p>\n<p>Jos\u00e9 Mar\u00eda Peredo Pombo<\/p>\n<\/li>\n<\/ul>\n<p class=\"v-d-p\" style=\"\"> Seg\u00fan algunas informaciones, el diputado Mohamed Raad, l\u00edder del bloque parlamentario de Hizbol\u00e1, muri\u00f3 en uno de estos ataques a\u00e9reos israel\u00edes. El partido chi\u00ed a\u00fan no lo ha confirmado, pero ser\u00eda un elemento muy significativo porque Raad es un s\u00edmbolo poderoso como l\u00edder &#8216;de facto&#8217; de Hizbol\u00e1 y quien dirige las negociaciones. El propio Raad sab\u00eda que era un objetivo: recientemente se negaba a conceder entrevistas por temor a crear una oportunidad para un ataque contra \u00e9l.<\/p>\n<p class=\"v-d-p\" style=\"\">Este lunes, el secretario general de Hizbol\u00e1, <strong>Naim Qassem<\/strong>, fue designado abiertamente como el pr\u00f3ximo objetivo de los israel\u00edes. Adem\u00e1s, el Ej\u00e9rcito hebreo anunci\u00f3 que hab\u00eda matado a Hussein Makled, jefe de Inteligencia de la guerrilla chi\u00ed, con un \u00abgolpe de precisi\u00f3n\u00bb en Beirut este domingo.<\/p>\n<p class=\"v-d-p\" style=\"\"> El L\u00edbano vuelve a presenciar as\u00ed escenas familiares: algunas carreteras est\u00e1n congestionadas con veh\u00edculos cargados de equipaje. <a href=\"https:\/\/www.abc.es\/internacional\/libano-contiene-respiracion-espera-reaccion-hizbola-israel-20260228140945-nt.html\" target=\"_self\" data-voc-vtm-id=\"in-text-traffic\" title=\"Los residentes de las zonas afectadas huyen para buscar refugio\" data-mrf-link=\"www.abc.es\" rel=\"nofollow noopener\">Los residentes de las zonas afectadas huyen para buscar refugio<\/a> en sectores que hasta ahora se han salvado. Las escuelas han cerrado como medida de seguridad y para acoger a los desplazados, como ocurri\u00f3 en el oto\u00f1o de 2024.<\/p>\n<p class=\"v-d-p\" style=\"\"> De hecho, todo apunta a que los combates continuar\u00e1n en los pr\u00f3ximos d\u00edas. <a href=\"https:\/\/www.abc.es\/internacional\/golpe-iran-esperanzas-libano-necesita-guerra-eliminar-20260301224051-nt.html\" target=\"_self\" data-voc-vtm-id=\"in-text-traffic\" title=\"El Ej\u00e9rcito israel\u00ed ha declarado claramente su intenci\u00f3n de intensificar sus ataques.\" data-mrf-link=\"www.abc.es\" rel=\"nofollow noopener\">El Ej\u00e9rcito israel\u00ed ha declarado claramente su intenci\u00f3n de intensificar sus ataques.<\/a> Su dron de vigilancia ha reaparecido en los cielos de Beirut, donde se puede o\u00edr su zumbido continuo.<\/p>\n<p class=\"v-d-p\" style=\"\">Las Fuerzas de Defensa de Israel (FDI) han anunciado que han pasado a la ofensiva contra Hizbol\u00e1 y se preparan para varios d\u00edas de combate. Durante una evaluaci\u00f3n de la situaci\u00f3n con los jefes del Estado Mayor, el general Eyal Zamir declar\u00f3 que el Ej\u00e9rcito est\u00e1 \u00abno solo a la defensiva, sino tambi\u00e9n a la ofensiva. Debemos prepararnos para muchos d\u00edas de combate\u00bb.<\/p>\n<p class=\"v-d-p\" style=\"\"> Adem\u00e1s, como informaron en la red social X los portavoces \u00e1rabes del Ej\u00e9rcito israel\u00ed, Avichay Adraee y Ella Waweya, el general especific\u00f3: \u00abNecesitamos una s\u00f3lida preparaci\u00f3n defensiva, una preparaci\u00f3n ofensiva continua mediante sucesivas oleadas de incursiones y, por supuesto, el aprovechamiento constante de las oportunidades operativas\u00bb.<\/p>\n<p class=\"v-a-t\">\n\u00abEl Ej\u00e9rcito est\u00e1 no solo a la defensiva, sino tambi\u00e9n a la ofensiva. Debemos prepararnos para muchos d\u00edas de combate\u00bb\n<\/p>\n<p class=\"v-pst__p\">Eyal Zamir<\/p>\n<p class=\"v-pst__j\">Jefe del Estado Mayor israel\u00ed<\/p>\n<p class=\"v-d-p\" style=\"\"> Aunque los libaneses fueron sorprendidos mientras dorm\u00edan y sin previo aviso, hab\u00eda indicios de que algo estaba a punto de suceder. De hecho, el Ministerio de Educaci\u00f3n envi\u00f3 el domingo por la noche un memorando indicando que las escuelas podr\u00edan optar por abrir o cerrar seg\u00fan sus circunstancias espec\u00edficas. Si esta medida hubiera tenido como \u00fanico objetivo permitir que quienes desearan observar el per\u00edodo de duelo tras la muerte de Jamenei, la informaci\u00f3n se habr\u00eda comunicado el domingo por la ma\u00f1ana o en el d\u00eda. Al comunicarla el domingo por la noche, pod\u00eda parecer claro que el motivo era otro. La confirmaci\u00f3n de esta sospecha lleg\u00f3 unas horas despu\u00e9s.<\/p>\n<p class=\"v-d-p\" style=\"\"> Nada, una profesora que vive en un barrio cristiano cerca de los suburbios del sur, relata: \u00abLos ataques a\u00e9reos me despertaron sobresaltada alrededor de las dos de la madrugada. M\u00e1s de 15 incursiones consecutivas. Entr\u00e9 en p\u00e1nico. Alrededor de las tres, recib\u00ed una notificaci\u00f3n de la escuela para que la compartiera con los diferentes grupos de clase y avisara a todos que la escuela estar\u00eda cerrada. Al mismo tiempo, recib\u00ed mensajes de mis hijos, que trabajan en el extranjero y estaban muy preocupados por nosotros. Pude volver a dormir a las cinco de la ma\u00f1ana, durante una hora. Francamente, estamos agotados: ya no tenemos la fuerza mental para pasar por esto otra vez\u00bb.<\/p>\n<p class=\"v-d-p\" style=\"\">La reuni\u00f3n del gabinete empez\u00f3 en el palacio presidencial con un minuto de silencio en homenaje a las v\u00edctimas. Si bien se desconocen los detalles de las conversaciones, algunos sugieren un ambiente tenso debido a la intervenci\u00f3n de Hizbol\u00e1 en la guerra, que ha provocado una respuesta israel\u00ed que est\u00e1 desplazando a miles de personas. La iniciativa de Hizbol\u00e1 tambi\u00e9n es condenada por l\u00edderes pol\u00edticos y religiosos de diversos grupos. Mientras tanto, la aviaci\u00f3n israel\u00ed contin\u00faa bombardeando diversas partes del pa\u00eds, incluido el sur de Beirut.<\/p>\n","protected":false},"excerpt":{"rendered":"Una treintena de muertos y casi 150 heridos en el L\u00edbano: este es el balance provisional de los&hellip;\n","protected":false},"author":2,"featured_media":425510,"comment_status":"","ping_status":"","sticky":false,"template":"","format":"standard","meta":{"footnotes":""},"categories":[42],"tags":[937,17,18,32839,13,14,69,11,59029,61,62,63,64,3137,74,19,20,13831,9,10,15,16,1791,12,21,22,65,66,67],"class_list":["post-425509","post","type-post","status-publish","format-standard","has-post-thumbnail","category-internacional","tag-aprovecha","tag-breaking-news","tag-breakingnews","tag-eliminando","tag-featured-news","tag-featurednews","tag-guerra","tag-headlines","tag-hizbola","tag-internacional","tag-international","tag-international-news","tag-internationalnews","tag-iran","tag-israel","tag-latest-news","tag-latestnews","tag-libano","tag-news","tag-noticias","tag-noticias-destacadas","tag-noticiasdestacadas","tag-seguir","tag-titulares","tag-ultimas-noticias","tag-ultimasnoticias","tag-world","tag-world-news","tag-worldnews"],"share_on_mastodon":{"url":"https:\/\/pubeurope.com\/@es\/116161704441201589","error":""},"_links":{"self":[{"href":"https:\/\/www.europesays.com\/es\/wp-json\/wp\/v2\/posts\/425509","targetHints":{"allow":["GET"]}}],"collection":[{"href":"https:\/\/www.europesays.com\/es\/wp-json\/wp\/v2\/posts"}],"about":[{"href":"https:\/\/www.europesays.com\/es\/wp-json\/wp\/v2\/types\/post"}],"author":[{"embeddable":true,"href":"https:\/\/www.europesays.com\/es\/wp-json\/wp\/v2\/users\/2"}],"replies":[{"embeddable":true,"href":"https:\/\/www.europesays.com\/es\/wp-json\/wp\/v2\/comments?post=425509"}],"version-history":[{"count":0,"href":"https:\/\/www.europesays.com\/es\/wp-json\/wp\/v2\/posts\/425509\/revisions"}],"wp:featuredmedia":[{"embeddable":true,"href":"https:\/\/www.europesays.com\/es\/wp-json\/wp\/v2\/media\/425510"}],"wp:attachment":[{"href":"https:\/\/www.europesays.com\/es\/wp-json\/wp\/v2\/media?parent=425509"}],"wp:term":[{"taxonomy":"category","embeddable":true,"href":"https:\/\/www.europesays.com\/es\/wp-json\/wp\/v2\/categories?post=425509"},{"taxonomy":"post_tag","embeddable":true,"href":"https:\/\/www.europesays.com\/es\/wp-json\/wp\/v2\/tags?post=425509"}],"curies":[{"name":"wp","href":"https:\/\/api.w.org\/{rel}","templated":true}]}}