{"id":42603,"date":"2025-08-12T13:46:08","date_gmt":"2025-08-12T13:46:08","guid":{"rendered":"https:\/\/www.europesays.com\/es\/42603\/"},"modified":"2025-08-12T13:46:08","modified_gmt":"2025-08-12T13:46:08","slug":"el-pp-carga-contra-el-truco-de-puente-para-ocultar-la-inoperancia-del-gobierno-tambien-en-los-incendios-mientras-protege-a-manueco-el-mundo","status":"publish","type":"post","link":"https:\/\/www.europesays.com\/es\/42603\/","title":{"rendered":"El PP carga contra &quot;el truco&quot; de Puente para &quot;ocultar la inoperancia del Gobierno&quot; tambi\u00e9n en los incendios mientras protege a Ma\u00f1ueco &#8211; El Mundo"},"content":{"rendered":"<ol>\n<li><a href=\"https:\/\/news.google.com\/rss\/articles\/CBMiekFVX3lxTE1Eempoa2JXTGRyc3YtU0RHb2ZyWjgzQWJwR1gyRUhPdnVlUGsxUjh2ZXlnX2hJOU9xR0Fzb3Y4R2lXalNMb25HQ3NQZDVMcWxCcnlsMC1FelhNX245XzV3OTlHTlp1S2lJRFVuNHFsSG1WQXgtaGd0d1hB0gF6QVVfeXFMTm5ycDUzdHFmUERtRTRkYXBzZEY1VFphSm1jVEdCMXYyLUNHeVpwTmE3Nm1EMFVmU2QzSVVEZEx3OGFoZ2NON25DOF9ITXhTYzNoOW1sRndpTngtc0poR2N1czBUSTVES1phdlh4QzVwZkNWQ3NzcDd1QkE?oc=5\" target=\"_blank\" rel=\"nofollow noopener\">El PP carga contra \u00abel truco\u00bb de Puente para \u00abocultar la inoperancia del Gobierno\u00bb tambi\u00e9n en los incendios mientras protege a Ma\u00f1ueco<\/a>&nbsp;&nbsp;El Mundo<\/li>\n<li><a href=\"https:\/\/news.google.com\/rss\/articles\/CBMiuwFBVV95cUxNZTJVWnYwQWk5RGhKQWViRTRIVXpfRURlSWZXTmw1RF8zcWFxOWNaZjBicHBQNFU3Ni1jRnNWeWtrMElyano3X0JuRDBrSnpyTS16NlJ6TTdZeDc3VlJ5dEZRN3ZQNHlTeWx4NDJHUXAtVnNJZVA1cnluOU9fcVo5S0NwejBpZUZsQzRCLUFfTVFiNlVOaFZUQnlTRU5UajlmaUVhVzVtcHA2cjVoQXFYejhVWFd6a2FYMi1n0gHAAUFVX3lxTE1DUzdwUXczejRYeTk1U2FaR3lydGlYT1pzVlVtMzlNUVVnTU9aMFo5S1hGLVFGNVdDMW1wY0RvMzBuNHBWMzZ4aTZOa3NfV2ljNHhhOXlhVG94cDBjV2dJcUU5a3dkTnpmWW1ub2kwRkpqNGtLVjNwUjcyRDAtdEFtWUROMWRfNWhBSlRUUEo2X2xKTUxPeTh0aFJqY1dCb1FKWGZlZ29HVkpNbUlzSGpNODJlbzNUcmNsa01Ob2xTSw?oc=5\" target=\"_blank\" rel=\"nofollow noopener\">El PP censura \u201cel ingenio de saldo\u201d de Puente en medio de la tragedia por los incendios<\/a>&nbsp;&nbsp;La Vanguardia<\/li>\n<li><a href=\"https:\/\/news.google.com\/rss\/articles\/CBMi8wFBVV95cUxQOHZ4eVdDeUZqa18tZWJBaURCeXAtNjkteWU4Xy1zbmZJalMycjFiLW5kUk9vejJEVEVXY2RkY09JOHBWNlJvbXBxSUdOMWFoeDBOTFVKNGNDX2VUUXdlRDA3ZHpWMEpnOWMyVVIxbWptN0Y1ZmVVWklUX3NIcEdaekt2OVFFaXBuY0pyeElyajhrZHlvNmwzMkhnVjFCVUZYNXVXbk9iOFVQVUNnLXJHb3NWdjJ0U1NfQTRFM1dKdlhrRGt2QjFZZG5WRDJpWVhsaUxpRDRsM09LTW52UWR5NjRXNW41Q2pza3JjdWdORy1iM2M?oc=5\" target=\"_blank\" rel=\"nofollow noopener\">Puente bromea con los incendios para atizar a Ma\u00f1ueco y el PP sale en tromba a exigir su cese<\/a>&nbsp;&nbsp;El Confidencial<\/li>\n<li><a href=\"https:\/\/news.google.com\/rss\/articles\/CBMipgJBVV95cUxPYWtSQlI3OGl4R2Z1X0FTalZzU2ZXUWwwRTExRlFoWFBVWU9ObXgxQ0FNOW9TZHREd25Wa3c5WWJON1lQNExpWWZWSlZVYTdTeEtQTlA5UmVMUWtHWEhZMlVlZHV6VXhqSkdIVkJyaGVKMlhLNWlLVjlKMVBJZ2ExNlB2VW1rZUVjM3dyYkJEVVE5S3hHZDd3YkVjZGctckJzQi1SVkdkcUZNejRkUTNaVURZZ1hjNTBmZThWRDRvcGlGR0hBUGdyNTVPQ0FEY0tuZG1USWhXUTZYNWpWMHdnV1IwX0hSQVlSWHNrR1hRTVpFN0haMW5yTVNkSmNibXZCQUpJaHk0X3NnZl9MRW5hSklocHlHN1lyMmxGTmVoNXlMbTRudmfSAcICQVVfeXFMTXl3VXU3WXpUZHdNaUxjamxieVFIazl4X1YtZkxtYUdiX3pfdzRQcHU5Qm5yaUg5akFzZWlLb3RhTFFVbUw0SGZzbVlGYzR3dGtjeXByV29qeWVGd0xHcWNIRlZkc3ExYmJJMXRKdUlraDBndkg4S2tLR2ZjNm5pYlpiejlVVVF5enFxY3MxeG02WHBTamV3ZFNPXzBkb25fMkVNR1JKU1lmU3ZWTHZiYkdjYVVaTlBIaTVSaUxqLWlfcVVUQVE0WXppclp1MHFUbXE1ZU55UjZuYXZ0ZTg3cFZwV2pFYWhmRURTZkg1NkVmVVNILTFFdzZ3T1B2SGJoRWhGSnRyWE5yVFg4SFRTbS1zV2ljNmEtQVc0bU1EeG5KVmV4R0ZndG9zT3FfRnZnTHlqc182UU1HdU5WanBYb21KQQ?oc=5\" target=\"_blank\" rel=\"nofollow noopener\">Puente ataca al presidente de Castilla y Le\u00f3n por \u00abestar de vacaciones\u00bb durante los incendios y Feijoo pide su dimisi\u00f3n por re\u00edrse de las v\u00edctimas del fuego<\/a>&nbsp;&nbsp;La Voz de Galicia<\/li>\n<li><a href=\"https:\/\/news.google.com\/rss\/articles\/CBMimwFBVV95cUxNLVlwcFYydnRNOXppSlE1R21EQUpQTmxycVdnR2huNWdvVWlqLU5XekdUN1pPRHlFdnZKcDFHZG5JaVQtcUd3bG9wRTVGanRDSWdLTWs5dmJVRnZtTkJwNnVYdmFfUUtmaTlXN3NCYlNwMG5BLUdlbU14N1VPTC1KdGRVMmY3bktYeDNsb3J3OE9Bc0hRZ1NsVG9JMA?oc=5\" target=\"_blank\" rel=\"nofollow noopener\">El PP carga contra Puente por \u00abocultar su inoperancia\u00bb con tuits y le reta a demostrar su \u00abgallard\u00eda\u00bb con los incendios de Castilla y Le\u00f3n<\/a>&nbsp;&nbsp;ABC<\/li>\n<\/ol>\n","protected":false},"excerpt":{"rendered":"El PP carga contra \u00abel truco\u00bb de Puente para \u00abocultar la inoperancia del Gobierno\u00bb tambi\u00e9n en los incendios&hellip;\n","protected":false},"author":2,"featured_media":42604,"comment_status":"","ping_status":"","sticky":false,"template":"","format":"standard","meta":{"footnotes":""},"categories":[8],"tags":[17,18,25,24,13,14,11,19,20,9,10,15,16,2952,956,23,12,21,22],"class_list":{"0":"post-42603","1":"post","2":"type-post","3":"status-publish","4":"format-standard","5":"has-post-thumbnail","7":"category-espana","8":"tag-breaking-news","9":"tag-breakingnews","10":"tag-es","11":"tag-espana","12":"tag-featured-news","13":"tag-featurednews","14":"tag-headlines","15":"tag-latest-news","16":"tag-latestnews","17":"tag-news","18":"tag-noticias","19":"tag-noticias-destacadas","20":"tag-noticiasdestacadas","21":"tag-oscar-puente","22":"tag-pp","23":"tag-spain","24":"tag-titulares","25":"tag-ultimas-noticias","26":"tag-ultimasnoticias"},"share_on_mastodon":{"url":"","error":""},"_links":{"self":[{"href":"https:\/\/www.europesays.com\/es\/wp-json\/wp\/v2\/posts\/42603","targetHints":{"allow":["GET"]}}],"collection":[{"href":"https:\/\/www.europesays.com\/es\/wp-json\/wp\/v2\/posts"}],"about":[{"href":"https:\/\/www.europesays.com\/es\/wp-json\/wp\/v2\/types\/post"}],"author":[{"embeddable":true,"href":"https:\/\/www.europesays.com\/es\/wp-json\/wp\/v2\/users\/2"}],"replies":[{"embeddable":true,"href":"https:\/\/www.europesays.com\/es\/wp-json\/wp\/v2\/comments?post=42603"}],"version-history":[{"count":0,"href":"https:\/\/www.europesays.com\/es\/wp-json\/wp\/v2\/posts\/42603\/revisions"}],"wp:featuredmedia":[{"embeddable":true,"href":"https:\/\/www.europesays.com\/es\/wp-json\/wp\/v2\/media\/42604"}],"wp:attachment":[{"href":"https:\/\/www.europesays.com\/es\/wp-json\/wp\/v2\/media?parent=42603"}],"wp:term":[{"taxonomy":"category","embeddable":true,"href":"https:\/\/www.europesays.com\/es\/wp-json\/wp\/v2\/categories?post=42603"},{"taxonomy":"post_tag","embeddable":true,"href":"https:\/\/www.europesays.com\/es\/wp-json\/wp\/v2\/tags?post=42603"}],"curies":[{"name":"wp","href":"https:\/\/api.w.org\/{rel}","templated":true}]}}