{"id":42678,"date":"2025-08-12T14:31:07","date_gmt":"2025-08-12T14:31:07","guid":{"rendered":"https:\/\/www.europesays.com\/es\/42678\/"},"modified":"2025-08-12T14:31:07","modified_gmt":"2025-08-12T14:31:07","slug":"el-primer-dia-que-recibes-a-ninos-mutilados-ya-te-pones-una-coraza-y-la-pena-no-entra","status":"publish","type":"post","link":"https:\/\/www.europesays.com\/es\/42678\/","title":{"rendered":"\u201cEl primer d\u00eda que recibes a ni\u00f1os mutilados ya te pones una coraza y la pena no entra\u201d"},"content":{"rendered":"<p>Ra\u00fal Incertis acaba de llegar a Val\u00e8ncia tras pasar cuatro meses en el Hospital Nasser, en Gaza. No es su primera vez en Palestina. Este anestesista de 42 a\u00f1os ya hab\u00eda viajado a los territorios ocupados en 2023, aunque entonces no pudo ejercer. \u201cFue una experiencia muy fuerte para todos, dorm\u00edamos en el suelo, al aire libre, ca\u00edan bombas muy cerca. Los gazat\u00edes nos llevaban a lugares seguros, y una cosa que me sorprendi\u00f3 mucho es que nos daban de comer arriesgando incluso sus vidas. El Ministerio de Salud nos dijo entonces que no fu\u00e9ramos a los hospitales porque era muy peligroso\u201d. Incertis volvi\u00f3 a Gaza en abril como voluntario de la ONG canadiense GLIA porque, seg\u00fan cuenta, sent\u00eda \u201cuna sensaci\u00f3n de deuda muy grande hacia ellos\u201d, y esta vez s\u00ed ha estado ejerciendo en el hospital m\u00e1s importante de Khan Younis, a donde llegan a diario cientos de v\u00edctimas. Apenas hace una semana que ha vuelto y, a pesar del cansancio, no ha parado de dar entrevistas, consciente de lo importante que es despertar a ciudadanos y pol\u00edticos de Europa ante este genocidio.\u00a0<\/p>\n<p><strong>\u00bfC\u00f3mo est\u00e1? \u00bfPor qu\u00e9 ha vuelto?<\/strong><\/p>\n<p><strong\/>Estoy bien, en el sentido de que me siento descansado y liberado. El \u00faltimo mes ya estaba muy cansado. All\u00ed est\u00e1s en tensi\u00f3n todo el rato, no te das cuenta porque te acostumbras, pero est\u00e1s viviendo cosas anormales: la recepci\u00f3n, a todas horas, de civiles mutilados, los bombardeos alrededor del hospital o en el hospital, y mucha hambre.<\/p>\n<p>Me hubiera gustado quedarme m\u00e1s tiempo, pero mi cuerpo ya no aguantaba m\u00e1s. Querr\u00eda volver, pero eso depender\u00e1 del Ej\u00e9rcito israel\u00ed que veta a las personas para volver a entrar.<\/p>\n<p><strong>\u00bfEst\u00e1 recibiendo ayuda psicol\u00f3gica para procesar todo esto?<\/strong><\/p>\n<p><strong\/>Cuando sal\u00ed de Gaza la primera vez me demor\u00e9 casi un a\u00f1o en pedir ayuda. Me sab\u00eda mal recibirla cuando los gazat\u00edes no la pueden tener. Finalmente, una psic\u00f3loga me ayud\u00f3 y he seguido en contacto con ella; incluso, le escrib\u00eda desde Gaza. Porque se te queda todo dentro. Yo no siento, no tengo sentimientos, desde la primera semana me desaparecieron los sentimientos de pena y eso es muy malo, no poder sentir la pena, no poder llorar. El primer d\u00eda que recibes a ni\u00f1os mutilados ya te pones una coraza, como mis compa\u00f1eros, y la pena no entra. Lo que pasa es que te sientes rabioso. El sentimiento predominante estos meses es la rabia.<\/p>\n<p><strong>\u00bf Y el cansancio?<\/strong><\/p>\n<p><strong\/>Mucho. El rechazo a seguir atendiendo pacientes, porque ya no puedes m\u00e1s. Cansancio, pero, sobre todo, la rabia que te hace tener pensamientos muy malos.<\/p>\n<p><strong>Iba para un mes, y se qued\u00f3 cuatro en el hospital Nasser donde viv\u00eda y trabajaba. \u00bfC\u00f3mo era el d\u00eda a d\u00eda?<\/strong><\/p>\n<p><strong\/>Era frecuente que por las ma\u00f1anas sonar\u00e1 la alarma de m\u00faltiples v\u00edctimas, especialmente desde que, a finales de mayo, abri\u00f3 la <a href=\"https:\/\/ctxt.es\/es\/20250801\/Firmas\/49855\/Observatorio-ctxt-gaza-masacres-orquestadas-medicos-sin-fronteras.htm\" target=\"_blank\" rel=\"nofollow noopener\">Fundaci\u00f3n Humanitaria de Gaza<\/a> con el reparto de comida. Si antes ten\u00edamos dos o tres eventos de m\u00faltiples v\u00edctimas a la semana, ahora era todos los d\u00edas. Bajabas corriendo a urgencias a ayudar a los compa\u00f1eros que estaban all\u00ed y te encontrabas con el apocalipsis: pacientes por el suelo, ni\u00f1os desatendidos, heridos en el suelo de los que no sabes la gravedad, y mucha sangre. No puedes caminar por el box porque te tropiezas con los pacientes. Los pap\u00e1s gritando y llorando, algunos se tiraban al suelo, retorcidos de dolor emocional y, mientras, cad\u00e1veres entrando. Faltaban manos. Cuando llegan de repente 100 heridos a la vez, o 70 heridos a la vez, o 40 o 200, falta de todo en esos momentos. Y esto se repite todos los d\u00edas.\u00a0\n\t <\/p>\n<p><a href=\"https:\/\/ctxt.es\/images\/cms-image-000037838.jpg\" class=\"photoViewer\" title=\"\" rel=\"nofollow noopener\" target=\"_blank\"> \t\t\t\t<img decoding=\"async\" src=\"https:\/\/www.europesays.com\/es\/wp-content\/uploads\/2025\/08\/1755009067_383_get_img\" border=\"0\"\/><br \/>\n\t\t\t <\/a><\/p>\n<p style=\"text-align: center;\">Sanitarios atienden a los heridos por los ataque de Israel en el Hospital Nasser, en Gaza. <strong>\/\u00a0Ra\u00fal Incertis<\/strong><\/p>\n<p>Yo intentaba, en la medida de lo posible, atender a los ni\u00f1os. Muchas veces eran hopeless case, los que los m\u00e9dicos vemos que son casos sin esperanza. El paciente est\u00e1 vivo, pero lo dejas morir. A veces lo dejas morir porque no hay sitio en la UCI y no los puedes intubar ni los puedes conectar a ventilaci\u00f3n mec\u00e1nica, as\u00ed que a veces ten\u00edas que tomar la decisi\u00f3n de a cu\u00e1l ni\u00f1o intubar y a cu\u00e1l no.<\/p>\n<p>Y una vez que en urgencias se hab\u00eda controlado m\u00e1s o menos el evento de m\u00faltiples v\u00edctimas, ya sub\u00eda a quir\u00f3fano. Yo soy m\u00e9dico de urgencias, \u2013anestesista y quir\u00f3fano\u2013 y la actividad es constante.\u00a0<\/p>\n<p><strong>\u00bfQu\u00e9 tipo de lesiones atend\u00eda?<\/strong><\/p>\n<p><strong\/>Sobre todo, perforaciones por metralla: perforaciones de abdomen con perforaciones intestinales, da\u00f1os vasculares, perforaciones de t\u00f3rax, muchas fracturas de cr\u00e1neo por metralla con salida de material de encef\u00e1lico, muchas amputaciones, aplastamientos, quemados, muchos ni\u00f1os.<\/p>\n<blockquote><p>&#13;<\/p>\n<p>En quir\u00f3fano se nos hab\u00eda acabado el fentanilo, ten\u00edamos que operar con muy poquita morfina<\/p>\n<p>&#13;\n<\/p><\/blockquote>\n<p><strong>\u00bfCon qu\u00e9 medios contaban?<\/strong><\/p>\n<p><strong\/>Los medios eran muy precarios, cada vez peor, porque no entr\u00f3 ayuda en esos cuatro meses que estuve all\u00ed. La semana anterior a mi regreso, por ejemplo, se hab\u00eda suspendido la curaci\u00f3n de las heridas porque no hab\u00eda compresas ni gasas. Tuvo que ser destinada s\u00f3lo a quir\u00f3fano. En quir\u00f3fano se nos hab\u00eda acabado el fentanilo, ten\u00edamos que operar con muy poquita morfina. Operaciones que son brutales, muy grandes y con mucha dificultad para tratar el dolor de los pacientes porque no tienes analg\u00e9sicos suficientes. Reutilizando las jeringuillas para no tirar los f\u00e1rmacos. Faltan antibi\u00f3ticos, falta de todo.<\/p>\n<p><strong>\u00bfC\u00f3mo afecta esta situaci\u00f3n a los ni\u00f1os?<\/strong><\/p>\n<p><strong\/>La poblaci\u00f3n de Gaza es muy joven, hay una gran proporci\u00f3n de personas por debajo de 20 a\u00f1os. Los ni\u00f1os no tienen capacidad de racionalizar lo que les est\u00e1 pasando. Llevan casi dos a\u00f1os sin ir al colegio. Muchos ni\u00f1os que han sido bombardeados tienen estr\u00e9s postraum\u00e1tico y nadie est\u00e1 cuidando de ellos. Hay miles de hu\u00e9rfanos. A veces recibes un ni\u00f1o que est\u00e1 herido y toda su familia ha muerto. Quien m\u00e1s sufre es la poblaci\u00f3n pedi\u00e1trica sin duda, lo que pasa es que la forma que tienen de expresar el miedo es diferente a la de los adultos.\u00a0\n\t <\/p>\n<p><a href=\"https:\/\/ctxt.es\/images\/cms-image-000037839.jpg\" class=\"photoViewer\" title=\"\" rel=\"nofollow noopener\" target=\"_blank\"> \t\t\t\t<img decoding=\"async\" src=\"https:\/\/www.europesays.com\/es\/wp-content\/uploads\/2025\/08\/1755009067_662_get_img\" border=\"0\"\/><br \/>\n\t\t\t <\/a><\/p>\n<p style=\"text-align: center;\">Un ni\u00f1o herido por los ataque de Israel es atendido por sanitarios en el Hospital Nasser, en Gaza.\u00a0<strong><strong>\/\u00a0Ra\u00fal Incertis<\/strong><\/strong><\/p>\n<p><strong>Estoy pensando tambi\u00e9n en las mujeres, sabemos que cuando hay guerras padecen muchas situaciones de violencia sexual.<\/strong><\/p>\n<p><strong\/>Una compa\u00f1era, estudiante de Medicina de quinto a\u00f1o que vive en un campo de refugiados, me cont\u00f3 que antes de la guerra ten\u00eda el conocimiento de alguna agresi\u00f3n sexual de manera ocasional, pero ahora conoce varios casos de agresiones sexuales en el campo de desplazados. Ella lo achaca a que la infraestructura judicial ha sido arrasada, no hay comisar\u00edas, no hay polic\u00eda, no hay nada. Los agresores campan a sus anchas y no son denunciados. Han aumentado las agresiones sexuales a ra\u00edz de la guerra y uno de los motivos que ella aduc\u00eda era la imposibilidad de la familia para denunciar, no hay ning\u00fan lugar al que denunciar.<\/p>\n<blockquote><p>&#13;<\/p>\n<p>La milicia de Abu Shabab vino\u00a0al hospital con ametralladoras y granadas y produjeron tiroteos durante m\u00e1s de hora y media<\/p>\n<p>&#13;\n<\/p><\/blockquote>\n<p><strong>\u00bfSu hospital fue atacado mientras estuvo all\u00ed?<\/strong><\/p>\n<p>Fue atacado en unas seis ocasiones. Dos veces por bombardeos. En uno atacaron los almacenes del hospital y otro fue para matar al periodista Hassan Aslih, que estaba siendo tratado de las heridas que le provocaron cuando el ej\u00e9rcito israel\u00ed atac\u00f3 previamente con drones las garitas de prensa que hay frente al hospital. Israel bombarde\u00f3 la unidad de quemados para matarle, caus\u00e1ndole la muerte junto a un paciente que no ten\u00eda nada que ver con \u00e9l, y adem\u00e1s dejando diez heridos.<\/p>\n<p>Tres ataques por milicias, en particular el \u00faltimo ataque de la milicia de Abu Shabab, que es la milicia a sueldo de Israel a la que le est\u00e1n vendiendo armas, una banda de criminales a la que Israel est\u00e1 prestando asistencia. Vinieron al hospital con ametralladoras y granadas y produjeron tiroteos durante m\u00e1s de hora y media. Ah\u00ed pas\u00e9 mucho miedo y asesinaron a civiles dentro del hospital. Y la \u00faltima vez fue hace un mes, m\u00e1s o menos; el Ej\u00e9rcito se acerc\u00f3 mucho, a unos 400 metros del hospital y los francotiradores dispararon y mataron a un hombre.<\/p>\n<blockquote><p>&#13;<\/p>\n<p>No tienen tiempo de procesarlo porque les matan a los hijos, pero tienen que seguir viviendo, tienen que seguir buscando comida para los otros hijos<\/p>\n<p>&#13;\n<\/p><\/blockquote>\n<p><strong>\u00bfHay espacio para el duelo durante un genocidio?<\/strong><\/p>\n<p><strong\/>En el hospital hay una morgue, desde nuestro pabell\u00f3n pod\u00edamos verla por la ventana. Es un lugar que estaba siempre lleno, de d\u00eda y noche. Ve\u00edas constantemente entrar cad\u00e1veres y salir cad\u00e1veres amortajados en s\u00e1banas blancas y a los familiares llev\u00e1ndoselos.<\/p>\n<p>Creo que no tienen tiempo de procesarlo porque les matan a los hijos, pero tienen que seguir viviendo, tienen que seguir buscando comida para los otros hijos y es un no parar. No tienen un espacio seguro para poder llorar tranquilamente a sus seres queridos porque ese mismo d\u00eda van a tener que estar preocupados de conseguir algo que comer.<\/p>\n<p>La muerte es constante. En los pasillos del hospital a todas horas encuentras a mujeres y hombres llorando. Los profesionales sanitarios son v\u00edctimas tambi\u00e9n, ellos viven en tiendas de desplazados y todos han perdido familiares. Una tarde vino un chavalito herido; result\u00f3 ser el \u00fanico superviviente de nueve hermanos y la madre era una doctora de guardia en el hospital.<\/p>\n<p>Y lo normalizas, normalizas la muerte. Normalizas que entre un cami\u00f3n lleno de cad\u00e1veres.<\/p>\n<blockquote><p>&#13;<\/p>\n<p>Si Alemania dejara de venderle armas a Israel, esto se acabar\u00eda ma\u00f1ana. Los germanos son el segundo pa\u00eds que m\u00e1s armas vende a Israel tras EEUU<\/p>\n<p>&#13;\n<\/p><\/blockquote>\n<p><strong>\u00bfQu\u00e9 opina de los lanzamientos de comida desde el aire que est\u00e1 llevando a cabo el Ej\u00e9rcito espa\u00f1ol?<\/strong><\/p>\n<p><strong\/>Son escasos y peligrosos. Cuando lanzan esta ayuda por el aire genera mucho caos y m\u00e1s posibilidades de que los gazat\u00edes se ataquen entre s\u00ed. Yo lo veo como una estrategia para lavarse la cara, para hacer ver que est\u00e1 entrando ayuda, pero todo el mundo sabe que es insuficiente y que es muy peligroso. No quieren utilizar el mecanismo de la ONU, que llevaba ya muchos a\u00f1os implementado y funciona bien, con m\u00e1s de 400 puntos de distribuci\u00f3n de comida; porque la UNRWA es una organizaci\u00f3n terrorista, seg\u00fan Israel.<\/p>\n<p>Adem\u00e1s, el ej\u00e9rcito israel\u00ed dispara a la poblaci\u00f3n cuando va a buscar comida a la Fundaci\u00f3n Humanitaria y en los repartos de los camiones.\u00a0<\/p>\n<p><strong>\u00bfCrees que en Europa somos conscientes de lo que est\u00e1 sucediendo en Palestina o es mucho m\u00e1s grave de lo que vemos en los medios de comunicaci\u00f3n?<\/strong><\/p>\n<p><strong\/>Es mucho m\u00e1s terrible, porque aqu\u00ed lo que nos llega son p\u00edldoras de informaci\u00f3n. La televisi\u00f3n suele dedicar a Gaza un minuto y medio en el telediario, como mucho, y al lado de noticias inconexas. Los pol\u00edticos que niegan que esto sea un genocidio, deber\u00edan de ir un par de d\u00edas a Gaza al Hospital Nasser. Los gobiernos, las instituciones, deb\u00edan de presionar m\u00e1s a Israel. El problema fundamental es que la UE es coautora del genocidio. Si Alemania dejara de venderle armas a Israel, esto se acabar\u00eda ma\u00f1ana, porque Alemania es el segundo pa\u00eds que m\u00e1s armas vende a Israel tras EEUU. Me da verg\u00fcenza decir que soy europeo. La UE dijo que Israel est\u00e1 cometiendo violaciones de los derechos humanos, pero vot\u00f3 en contra de un embargo de armas a Israel. Los gazat\u00edes saben que la sociedad civil de los pa\u00edses no es lo mismo que los gobernantes. Ellos conocen y agradecen la postura de Espa\u00f1a con relaci\u00f3n a Gaza. Pero se sienten abandonados por los pa\u00edses \u00e1rabes, y sin duda por los gobernantes de la UE.<\/p>\n<blockquote><p>&#13;<\/p>\n<p>Los gazat\u00edes saben que no van a volver nunca a sus casas<\/p>\n<p>&#13;\n<\/p><\/blockquote>\n<p><strong>Hay ruinas por todas partes y la hambruna va a ocasionar seguramente da\u00f1os cr\u00f3nicos en muchas personas. \u00bfSi hubiera un alto fuego y ma\u00f1ana acabara la guerra, la sociedad gazat\u00ed podr\u00eda recomponerse o es ya irreparable el da\u00f1o? \u00bfAceptar\u00edan los gazat\u00edes esa inmigraci\u00f3n voluntaria que desea Netanyahu?\u00a0<\/strong><\/p>\n<p>No queda nada en Gaza, est\u00e1 todo arrasado y los gazat\u00edes saben que no van a volver nunca a sus casas. No s\u00e9 el porcentaje, pero muchos lo \u00fanico que desean es salir de all\u00ed. Israel ha conseguido lo que quer\u00eda: convertir Gaza en un lugar inhabitable. Y lo es, es un lugar inhabitable y muchas personas con dolor en su coraz\u00f3n se ir\u00edan de all\u00ed a cualquier otro lugar. Ni s\u00e9 la cantidad de gente con la que he hablado que me ha pedido ayuda para salir. Ahora Israel est\u00e1 pensando en invadir la ciudad de Gaza. La \u00fanica manera de que se pudiera reconstruir es que parara la agresi\u00f3n y que hubiera un esfuerzo enorme para volver a levantarlo todo, pero Israel no va a dejar que esto suceda.\u00a0<\/p>\n<p><strong>Has dado numerosas entrevistas desde que has llegado. Algunos te preguntan por los supuestos t\u00faneles que dice Netanyahu que hab\u00eda en el hospital, \u00bfqu\u00e9 le parece esto?<\/strong><\/p>\n<p><strong\/>Cuando el periodista hace esas preguntas, no acaba de darse cuenta de que tiene delante un genocidio, o no lo quiere ver, o le supera. Est\u00e1s hablando de que est\u00e1n mutilando ni\u00f1os constantemente y luego la siguiente pregunta es, \u201cbueno, hay t\u00faneles en los hospitales seg\u00fan Israel. \u00bfQu\u00e9 opina?\u201d. Yo no los vi, pero \u00bfqu\u00e9 tiene que ver eso con el genocidio? Y luego tambi\u00e9n dicen que es culpa de Ham\u00e1s, porque si Ham\u00e1s liberara a los rehenes, esto se acabar\u00eda, cuando todo el mundo sabe que, si Ham\u00e1s liberara a los rehenes, esto no parar\u00eda. En la televisi\u00f3n vemos una noticia de la guerra y luego una noticia de un reh\u00e9n o de una manifestaci\u00f3n sobre los rehenes, cuya situaci\u00f3n es desesperada y, sin duda, hay que informar sobre ellos. Pero tengo la sensaci\u00f3n de que a veces se pregunta sobre los rehenes de manera tendenciosa, sugiriendo que la culpa del genocidio la tiene Ham\u00e1s por seguir manteniendo cautivos a ciudadanos israel\u00edes.<\/p>\n<p><strong>\u00bfQu\u00e9 podemos hacer desde aqu\u00ed?<\/strong><\/p>\n<p><strong\/>Todo lo que se pueda para que se siga hablando de esto, para que no se olvide. La sociedad civil tiene que seguir manifest\u00e1ndose. Hay sanitarios, por ejemplo, que una vez a la semana salen a la puerta de su centro de salud con la bandera Palestina y hacen un minuto de silencio. Hay que hablar del tema, pedir a las sociedades profesionales de las que somos miembros que se posicionen. El boicot a Israel es muy importante, tambi\u00e9n el boicot en las universidades. Hay que seguir ense\u00f1ando a los pol\u00edticos las im\u00e1genes del genocidio.\u00a0<\/p>\n<p>Es lo \u00fanico que queda. Como los gobernantes de la UE no les van a ayudar, sino lo contrario, tendr\u00e1 que ser la sociedad civil la que presione.<\/p>\n","protected":false},"excerpt":{"rendered":"Ra\u00fal Incertis acaba de llegar a Val\u00e8ncia tras pasar cuatro meses en el Hospital Nasser, en Gaza. No&hellip;\n","protected":false},"author":2,"featured_media":42679,"comment_status":"","ping_status":"","sticky":false,"template":"","format":"standard","meta":{"footnotes":""},"categories":[42],"tags":[20239,17,18,1709,1710,3141,20237,13,14,694,79,11,61,62,63,64,19,20,12753,9,10,15,16,20238,12,21,22,65,66,67],"class_list":{"0":"post-42678","1":"post","2":"type-post","3":"status-publish","4":"format-standard","5":"has-post-thumbnail","7":"category-internacional","8":"tag-asesinados","9":"tag-breaking-news","10":"tag-breakingnews","11":"tag-ctxt-revista-contexto-politica","12":"tag-economia-y-cultura-feminismos-cambio-climatico-noticias","13":"tag-entrevista","14":"tag-eva-manez","15":"tag-featured-news","16":"tag-featurednews","17":"tag-gaza","18":"tag-genocidio","19":"tag-headlines","20":"tag-internacional","21":"tag-international","22":"tag-international-news","23":"tag-internationalnews","24":"tag-latest-news","25":"tag-latestnews","26":"tag-medico","27":"tag-news","28":"tag-noticias","29":"tag-noticias-destacadas","30":"tag-noticiasdestacadas","31":"tag-raul-incertis","32":"tag-titulares","33":"tag-ultimas-noticias","34":"tag-ultimasnoticias","35":"tag-world","36":"tag-world-news","37":"tag-worldnews"},"share_on_mastodon":{"url":"","error":""},"_links":{"self":[{"href":"https:\/\/www.europesays.com\/es\/wp-json\/wp\/v2\/posts\/42678","targetHints":{"allow":["GET"]}}],"collection":[{"href":"https:\/\/www.europesays.com\/es\/wp-json\/wp\/v2\/posts"}],"about":[{"href":"https:\/\/www.europesays.com\/es\/wp-json\/wp\/v2\/types\/post"}],"author":[{"embeddable":true,"href":"https:\/\/www.europesays.com\/es\/wp-json\/wp\/v2\/users\/2"}],"replies":[{"embeddable":true,"href":"https:\/\/www.europesays.com\/es\/wp-json\/wp\/v2\/comments?post=42678"}],"version-history":[{"count":0,"href":"https:\/\/www.europesays.com\/es\/wp-json\/wp\/v2\/posts\/42678\/revisions"}],"wp:featuredmedia":[{"embeddable":true,"href":"https:\/\/www.europesays.com\/es\/wp-json\/wp\/v2\/media\/42679"}],"wp:attachment":[{"href":"https:\/\/www.europesays.com\/es\/wp-json\/wp\/v2\/media?parent=42678"}],"wp:term":[{"taxonomy":"category","embeddable":true,"href":"https:\/\/www.europesays.com\/es\/wp-json\/wp\/v2\/categories?post=42678"},{"taxonomy":"post_tag","embeddable":true,"href":"https:\/\/www.europesays.com\/es\/wp-json\/wp\/v2\/tags?post=42678"}],"curies":[{"name":"wp","href":"https:\/\/api.w.org\/{rel}","templated":true}]}}