{"id":426950,"date":"2026-03-03T16:27:10","date_gmt":"2026-03-03T16:27:10","guid":{"rendered":"https:\/\/www.europesays.com\/es\/426950\/"},"modified":"2026-03-03T16:27:10","modified_gmt":"2026-03-03T16:27:10","slug":"ha-pasado-24-horas-en-la-uci","status":"publish","type":"post","link":"https:\/\/www.europesays.com\/es\/426950\/","title":{"rendered":"ha pasado 24 horas en la UCI"},"content":{"rendered":"<p class=\"paragraph\" id=\"paragraph_1\"><a href=\"https:\/\/www.elespanol.com\/castilla-y-leon\/region\/soria\/20250227\/vida-iconico-atleta-triunfo-barcelona-pueblo-soriano-disfrutar-retiro-tierras-andaluzas\/926907478_0.html?utm_cmp_rs=linksinline\" rel=\"nofollow noopener\" target=\"_blank\"><strong>Ferm\u00edn Cacho<\/strong><\/a>, campe\u00f3n ol\u00edmpico de 1.500 metros en <strong>Barcelona 92<\/strong> y uno de los grandes iconos del atletismo espa\u00f1ol, se recupera en un hospital tras sufrir un desvanecimiento en su domicilio el pasado fin de semana.<\/p>\n<p class=\"paragraph\" id=\"paragraph_2\">El exatleta, de 57 a\u00f1os, lleg\u00f3 a pasar 24 horas en la UCI antes de ser trasladado a planta, donde permanece en observaci\u00f3n y con evoluci\u00f3n favorable. El susto ha sacudido especialmente a Soria y a su localidad natal, <strong>\u00c1greda,<\/strong> muy vinculadas a la figura del campe\u00f3n ol\u00edmpico.<\/p>\n<p class=\"paragraph\" id=\"paragraph_3\">La noticia del ingreso fue confirmada posteriormente por el <strong>alcalde de Soria<\/strong>, <strong>Carlos Mart\u00ednez,<\/strong> que utiliz\u00f3 sus redes sociales para mandar un mensaje de tranquilidad.<\/p>\n<p><img loading=\"lazy\" decoding=\"async\" alt=\"Mar\u00eda P\u00e9rez celebra su oro en los 20 km marcha en el Mundial de Tokio\" height=\"180\" src=\"https:\/\/www.europesays.com\/es\/wp-content\/uploads\/2026\/03\/1003743933517_258859502_320x180.jpg\" width=\"320\" data-lazy-status=\"processed\" data-lazy-info=\"remove loading item 1\"\/><\/p>\n<p class=\"paragraph\" id=\"paragraph_4\">\u00abSe encuentra ya en planta hospitalaria, recuper\u00e1ndose y evolucionando favorablemente\u00bb, explic\u00f3 el regidor, que aprovech\u00f3 para trasladar el cari\u00f1o de la ciudad a uno de sus vecinos m\u00e1s ilustres.<\/p>\n<p class=\"paragraph\" id=\"paragraph_5\">Los primeros informes apuntan a que Cacho sufri\u00f3 un desvanecimiento en su casa, lo que oblig\u00f3 a su traslado urgente al hospital m\u00e1s cercano. En un primer momento lleg\u00f3 a temerse que pudiera tratarse de un infarto, extremo que despu\u00e9s fue descartado por su entorno, que ha pedido prudencia y respeto a la intimidad del exatleta mientras contin\u00faa sometido a pruebas y seguimiento m\u00e9dico.<\/p>\n<p class=\"paragraph\" id=\"paragraph_6\">Tras su estabilizaci\u00f3n y el paso por la UCI durante una jornada, los m\u00e9dicos consideraron que su evoluci\u00f3n permit\u00eda el traslado a planta, donde contin\u00faa recuper\u00e1ndose.<\/p>\n<p class=\"paragraph\" id=\"paragraph_7\">El ingreso de Cacho ha generado una ola de mensajes de apoyo desde el mundo del atletismo y del deporte espa\u00f1ol en general.<\/p>\n<blockquote class=\"twitter-tweet\">\n<p dir=\"ltr\" lang=\"es\">Est\u00e1bamos manteniendo la privacidad por el respeto y cari\u00f1o que te tengo amigo y no quer\u00eda hacer nada p\u00fablico.<\/p>\n<p>Dicho esto espero que te recuperes de este bache como todos los que hemos superado juntos durante todos estos a\u00f1os.<\/p>\n<p>Mucho \u00e1nimo @fermin_cacho92 \u2764\ufe0f <a href=\"https:\/\/t.co\/ZU2rtVVMOh\" rel=\"nofollow\">pic.twitter.com\/ZU2rtVVMOh<\/a><\/p>\n<p>\u2014 Abel Ant\u00f3n (@AbelAntonRun) <a href=\"https:\/\/twitter.com\/AbelAntonRun\/status\/2028568174996705727?ref_src=twsrc%5Etfw\" rel=\"nofollow noopener\" target=\"_blank\">March 2, 2026<\/a><\/p><\/blockquote>\n<p class=\"paragraph\" id=\"paragraph_8\">Su amigo y tambi\u00e9n exatleta <strong>Abel Ant\u00f3n<\/strong> recurri\u00f3 a las redes sociales para romper el silencio y enviarle fuerzas: \u00abEst\u00e1bamos manteniendo la privacidad por el respeto y cari\u00f1o que te tengo amigo y no quer\u00eda hacer nada p\u00fablico. Dicho esto, espero que te recuperes de este bache como todos los que hemos superado juntos durante todos estos a\u00f1os\u00bb, escribi\u00f3 el doble campe\u00f3n mundial de marat\u00f3n.<\/p>\n<p class=\"paragraph\" id=\"paragraph_9\">La figura de Ferm\u00edn Cacho sigue muy presente en el imaginario deportivo espa\u00f1ol m\u00e1s de tres d\u00e9cadas despu\u00e9s de su oro ol\u00edmpico en Barcelona.<\/p>\n<p class=\"paragraph\" id=\"paragraph_10\">En su palmar\u00e9s destacan tambi\u00e9n la plata en los <strong>Juegos de Atlanta 1996<\/strong>, varias medallas en campeonatos del mundo y de Europa y una larga trayectoria como referente del medio fondo internacional.<\/p>\n<p class=\"paragraph\" id=\"paragraph_11\">En la provincia de Soria, su legado se celebra cada verano con una carrera popular que lleva su nombre en \u00c1greda y que re\u00fane a cientos de corredores, ejemplo del v\u00ednculo que mantiene con su tierra.<\/p>\n<p><img decoding=\"async\" alt=\"Vista general de la avenida Sheikh Zayed de Dub\u00e1i en la salida de la Dub\u00e1i RUN 30x30 2025.\" height=\"180\" loading=\"lazy\" width=\"320\" data-lazy-status=\"processed\" id=\"c26a21e84a\" src=\"https:\/\/www.elespanol.com\/deportes\/otros-deportes\/20260303\/fermin-cacho-hospitalizado-sufrir-desvanecimiento-casa-pasado-horas-uci\/[\" https:=\"\" data-lazy-info=\"changed src\"\/><\/p>\n<p class=\"paragraph\" id=\"paragraph_12\">Mientras se espera una evoluci\u00f3n completa y que pueda abandonar el hospital en los pr\u00f3ximos d\u00edas, los mensajes de apoyo se multiplican desde instituciones, compa\u00f1eros de generaci\u00f3n y aficionados.<\/p>\n<p class=\"paragraph\" id=\"paragraph_13\">El deseo es un\u00e1nime: ver pronto a Ferm\u00edn Cacho plenamente recuperado y de vuelta a la vida p\u00fablica, convertido de nuevo en el rostro sonriente de uno de los momentos m\u00e1s recordados del deporte espa\u00f1ol<\/p>\n<p>                                    <script async src=\"https:\/\/platform.twitter.com\/widgets.js\" charset=\"utf-8\"><\/script><\/p>\n","protected":false},"excerpt":{"rendered":"Ferm\u00edn Cacho, campe\u00f3n ol\u00edmpico de 1.500 metros en Barcelona 92 y uno de los grandes iconos del atletismo&hellip;\n","protected":false},"author":2,"featured_media":426951,"comment_status":"","ping_status":"","sticky":false,"template":"","format":"standard","meta":{"footnotes":""},"categories":[174],"tags":[928,11485,255,90680,146,147,25,24,256,1915,23],"class_list":["post-426950","post","type-post","status-publish","format-standard","has-post-thumbnail","category-famosos","tag-atletas","tag-atletismo","tag-celebrities","tag-coe-comite-olimpico-espanol","tag-entertainment","tag-entretenimiento","tag-es","tag-espana","tag-famosos","tag-otros-deportes","tag-spain"],"share_on_mastodon":{"url":"https:\/\/pubeurope.com\/@es\/116166187412989185","error":""},"_links":{"self":[{"href":"https:\/\/www.europesays.com\/es\/wp-json\/wp\/v2\/posts\/426950","targetHints":{"allow":["GET"]}}],"collection":[{"href":"https:\/\/www.europesays.com\/es\/wp-json\/wp\/v2\/posts"}],"about":[{"href":"https:\/\/www.europesays.com\/es\/wp-json\/wp\/v2\/types\/post"}],"author":[{"embeddable":true,"href":"https:\/\/www.europesays.com\/es\/wp-json\/wp\/v2\/users\/2"}],"replies":[{"embeddable":true,"href":"https:\/\/www.europesays.com\/es\/wp-json\/wp\/v2\/comments?post=426950"}],"version-history":[{"count":0,"href":"https:\/\/www.europesays.com\/es\/wp-json\/wp\/v2\/posts\/426950\/revisions"}],"wp:featuredmedia":[{"embeddable":true,"href":"https:\/\/www.europesays.com\/es\/wp-json\/wp\/v2\/media\/426951"}],"wp:attachment":[{"href":"https:\/\/www.europesays.com\/es\/wp-json\/wp\/v2\/media?parent=426950"}],"wp:term":[{"taxonomy":"category","embeddable":true,"href":"https:\/\/www.europesays.com\/es\/wp-json\/wp\/v2\/categories?post=426950"},{"taxonomy":"post_tag","embeddable":true,"href":"https:\/\/www.europesays.com\/es\/wp-json\/wp\/v2\/tags?post=426950"}],"curies":[{"name":"wp","href":"https:\/\/api.w.org\/{rel}","templated":true}]}}