{"id":427174,"date":"2026-03-03T19:20:12","date_gmt":"2026-03-03T19:20:12","guid":{"rendered":"https:\/\/www.europesays.com\/es\/427174\/"},"modified":"2026-03-03T19:20:12","modified_gmt":"2026-03-03T19:20:12","slug":"mapas-y-graficos-para-entender-la-guerra-entre-ee-uu-israel-e-iran","status":"publish","type":"post","link":"https:\/\/www.europesays.com\/es\/427174\/","title":{"rendered":"Mapas y gr\u00e1ficos para entender la guerra entre EE.UU., Israel e Ir\u00e1n"},"content":{"rendered":"<p>      CNN<br \/>\n        \u00a0\u2014\u00a0<\/p>\n<p class=\"paragraph inline-placeholder vossi-paragraph\" data-uri=\"es.cms.cnn.com\/_components\/paragraph\/instances\/cmmas6sts001r26p46l1vao7v@published\" data-editable=\"text\" data-component-name=\"paragraph\" data-article-gutter=\"true\">\n            La guerra en Medio Oriente se est\u00e1 expandiendo despu\u00e9s de que Estados Unidos e Israel atacaran a Ir\u00e1n el s\u00e1bado, y Teher\u00e1n respondiera con ataques contra varios de sus vecinos, incluidos estados del golfo P\u00e9rsico aliados de Estados Unidos. Israel y Hezbollah tambi\u00e9n est\u00e1n intercambiando ataques a medida que el conflicto se ampl\u00eda.\n    <\/p>\n<p class=\"paragraph inline-placeholder vossi-paragraph\" data-uri=\"es.cms.cnn.com\/_components\/paragraph\/instances\/cmmas83r000033b6t4qwrek0e@published\" data-editable=\"text\" data-component-name=\"paragraph\" data-article-gutter=\"true\">\n            CNN est\u00e1 siguiendo los ataques de Estados Unidos e Israel en todo Ir\u00e1n, as\u00ed como los ataques de represalia de Teher\u00e1n contra bases militares estadounidenses, Israel y otros objetivos en la regi\u00f3n.\n    <\/p>\n<p class=\"paragraph inline-placeholder vossi-paragraph\" data-uri=\"es.cms.cnn.com\/_components\/paragraph\/instances\/cmmas83r000043b6t7bivzkwf@published\" data-editable=\"text\" data-component-name=\"paragraph\" data-article-gutter=\"true\">\n            Los ataques a\u00e9reos militares estadounidenses e israel\u00edes han matado a numerosos miembros del liderazgo iran\u00ed, incluido el l\u00edder supremo, el ayatola Al\u00ed Jamenei. El n\u00famero de muertos del conflicto sigue aumentando en muchos pa\u00edses.\n    <\/p>\n<p class=\"paragraph inline-placeholder vossi-paragraph\" data-uri=\"es.cms.cnn.com\/_components\/paragraph\/instances\/cmmas83r000063b6t7tjzn1y5@published\" data-editable=\"text\" data-component-name=\"paragraph\" data-article-gutter=\"true\">\n            El presidente Donald Trump dijo a Jake Tapper de CNN el lunes temprano que \u201cla mayor sorpresa\u201d han sido los ataques de Ir\u00e1n contra pa\u00edses \u00e1rabes de la regi\u00f3n: Bahrein, Jordania, Kuwait, Qatar y los Emiratos \u00c1rabes Unidos.\n    <\/p>\n<p class=\"paragraph inline-placeholder vossi-paragraph\" data-uri=\"es.cms.cnn.com\/_components\/paragraph\/instances\/cmmas83r000073b6trezoghtf@published\" data-editable=\"text\" data-component-name=\"paragraph\" data-article-gutter=\"true\">\n            El principal funcionario iran\u00ed dijo que Teher\u00e1n \u201cno negociar\u00e1\u201d con Estados Unidos, mientras que el presidente del Estado Mayor Conjunto de EE.UU., el general Dan Caine, dijo el lunes que la guerra contra Ir\u00e1n no ser\u00eda \u201cuna operaci\u00f3n \u00fanica de una noche\u201d.\n    <\/p>\n<p class=\"paragraph inline-placeholder vossi-paragraph\" data-uri=\"es.cms.cnn.com\/_components\/paragraph\/instances\/cmmas83r000083b6tin1udncr@published\" data-editable=\"text\" data-component-name=\"paragraph\" data-article-gutter=\"true\">\n            Trump ha reconocido que podr\u00eda haber m\u00e1s bajas estadounidenses a medida que el conflicto escala. Al menos seis militares estadounidenses murieron en Kuwait en un impacto directo contra un centro de operaciones improvisado en el puerto civil de Shuaiba el domingo por la ma\u00f1ana, hora local, seg\u00fan dijo a CNN una fuente familiarizada con la situaci\u00f3n.\n    <\/p>\n<p class=\"paragraph inline-placeholder vossi-paragraph\" data-uri=\"es.cms.cnn.com\/_components\/paragraph\/instances\/cmmas83r000093b6th5l38kvw@published\" data-editable=\"text\" data-component-name=\"paragraph\" data-article-gutter=\"true\">\n            El conflicto ha da\u00f1ado centros a\u00e9reos, sacudido zonas densamente pobladas y perturbado el transporte de petr\u00f3leo.\n    <\/p>\n<p class=\"paragraph inline-placeholder vossi-paragraph\" data-uri=\"es.cms.cnn.com\/_components\/paragraph\/instances\/cmmas83r0000b3b6trf6xuky3@published\" data-editable=\"text\" data-component-name=\"paragraph\" data-article-gutter=\"true\">\n            El estrecho de Ormuz, un paso angosto frente a la costa sur de Ir\u00e1n, es la principal ruta mar\u00edtima para el crudo de pa\u00edses ricos en petr\u00f3leo como Arabia Saudita y Kuwait hacia el resto del mundo. Ir\u00e1n, que controla el lado norte del estrecho, advirti\u00f3 el lunes que los buques que pasen por \u00e9l ser\u00edan atacados, seg\u00fan un asesor del comandante del Cuerpo de la Guardia Revolucionaria Isl\u00e1mica (IRGC).\n    <\/p>\n<p class=\"paragraph inline-placeholder vossi-paragraph\" data-uri=\"es.cms.cnn.com\/_components\/paragraph\/instances\/cmmas83r0000c3b6ttdxret4u@published\" data-editable=\"text\" data-component-name=\"paragraph\" data-article-gutter=\"true\">\n            Aproximadamente una quinta parte de la producci\u00f3n global diaria sol\u00eda fluir por el estrecho antes del conflicto actual, seg\u00fan la Administraci\u00f3n de Informaci\u00f3n Energ\u00e9tica de Estados Unidos, que califica el canal como un \u201cpunto cr\u00edtico de estrangulamiento del petr\u00f3leo\u201d.\n    <\/p>\n<p class=\"paragraph inline-placeholder vossi-paragraph\" data-uri=\"es.cms.cnn.com\/_components\/paragraph\/instances\/cmmas83r0000d3b6texafcwfk@published\" data-editable=\"text\" data-component-name=\"paragraph\" data-article-gutter=\"true\">\n            Los precios del petr\u00f3leo se dispararon, amenazando con aumentar los precios de la gasolina en un momento en que los estadounidenses ya luchan por la asequibilidad. Los precios globales del petr\u00f3leo cotizaron el lunes a su nivel m\u00e1s alto en m\u00e1s de ocho meses, desde los ataques de Estados Unidos contra instalaciones nucleares iran\u00edes en junio.\n    <\/p>\n<p class=\"paragraph inline-placeholder vossi-paragraph\" data-uri=\"es.cms.cnn.com\/_components\/paragraph\/instances\/cmmas83r0000e3b6t6btxu3ru@published\" data-editable=\"text\" data-component-name=\"paragraph\" data-article-gutter=\"true\">\n            Al\u00ed Jamenei fue asesinado el s\u00e1bado en un ataque contra su complejo en el coraz\u00f3n de Teher\u00e1n.\n    <\/p>\n<p class=\"paragraph inline-placeholder vossi-paragraph\" data-uri=\"es.cms.cnn.com\/_components\/paragraph\/instances\/cmmas83r0000f3b6tqiy3a2yl@published\" data-editable=\"text\" data-component-name=\"paragraph\" data-article-gutter=\"true\">\n            El secretario de Defensa de Estados Unidos, Pete Hegseth, dijo el lunes que los ataques estadounidenses contra Ir\u00e1n no tienen como objetivo un \u201ccambio de r\u00e9gimen\u201d, aunque reconoci\u00f3 que el liderazgo en el pa\u00eds ha cambiado.\n    <\/p>\n<p class=\"paragraph inline-placeholder vossi-paragraph\" data-uri=\"es.cms.cnn.com\/_components\/paragraph\/instances\/cmmas83r0000g3b6tpl4z8zao@published\" data-editable=\"text\" data-component-name=\"paragraph\" data-article-gutter=\"true\">\n            La muerte de Jamenei sumerge a Medio Oriente en la incertidumbre, con preguntas sobre qui\u00e9n dirigir\u00e1 el pa\u00eds, c\u00f3mo responder\u00e1n los grupos aliados de Ir\u00e1n y cu\u00e1nta m\u00e1s represalia pueden esperar Estados Unidos, Israel y sus vecinos regionales.\n    <\/p>\n<p class=\"paragraph inline-placeholder vossi-paragraph\" data-uri=\"es.cms.cnn.com\/_components\/paragraph\/instances\/cmmas83r0000h3b6t1aybwa4u@published\" data-editable=\"text\" data-component-name=\"paragraph\" data-article-gutter=\"true\">\n            Esta imagen satelital de Airbus muestra humo negro elev\u00e1ndose desde el complejo del l\u00edder supremo de Ir\u00e1n en la capital, Teher\u00e1n, el s\u00e1bado. La imagen parece mostrar que varios edificios del complejo fueron alcanzados por los ataques, despu\u00e9s de que Estados Unidos e Israel lanzaran ataques conjuntos.\n    <\/p>\n<p>       <img decoding=\"async\" src=\"https:\/\/www.europesays.com\/es\/wp-content\/uploads\/2026\/03\/img-pneo4-std-202602280736002-pms-fs-ort-f915c17d-beae-404a-c068-a4dfb8257c08-rgb-r1c1-copy-20260303.jpeg\" alt=\"Columnas de humo se elevan sobre el complejo del l\u00edder supremo, el ayatola Al\u00ed Jamenei, en Teher\u00e1n, Ir\u00e1n, el s\u00e1bado 28 de febrero.\" class=\"image__dam-img image__dam-img--loading\" onload=\"this.classList.remove('image__dam-img--loading')\" onerror=\"imageLoadError(this)\" height=\"1623\" width=\"2000\" loading=\"lazy\"\/><\/p>\n<p class=\"paragraph inline-placeholder vossi-paragraph\" data-uri=\"es.cms.cnn.com\/_components\/paragraph\/instances\/cmmas83r1000l3b6t6wre9du2@published\" data-editable=\"text\" data-component-name=\"paragraph\" data-article-gutter=\"true\">\n            Los datos de Flightradar24 muestran pr\u00e1cticamente <a href=\"https:\/\/cnnespanol.cnn.com\/2026\/03\/02\/mundo\/aeropuertos-viajeros-interrupciones-medio-oriente-trax\" rel=\"nofollow noopener\" target=\"_blank\">ning\u00fan tr\u00e1fico a\u00e9reo sobre Ir\u00e1n y otros pa\u00edses de Medio Oriente<\/a> despu\u00e9s de los ataques. Este gr\u00e1fico compara el tr\u00e1fico a\u00e9reo de hace una semana con el del s\u00e1bado por la noche, hora local. Un amplio corredor del espacio a\u00e9reo de Medio Oriente permanec\u00eda cerrado el lunes.\n    <\/p>\n<p data-uri=\"es.cms.cnn.com\/_components\/editor-note\/instances\/cmmasidr9001o3b6tw3ryqqv1@published\" data-editable=\"text\" data-component-name=\"editor-note\" class=\"editor-note vossi-editor-note inline-placeholder \" data-article-gutter=\"true\">\n    Jake Tapper, Christian Edwards, Karina Tsui, Tim Lister, Gianluca Mezzofiore, Lauren Kent, Billy Stockwell, John Towfighi y Adam Pourahmadi contribuyeron a este art\u00edculo.<\/p>\n","protected":false},"excerpt":{"rendered":"CNN \u00a0\u2014\u00a0 La guerra en Medio Oriente se est\u00e1 expandiendo despu\u00e9s de que Estados Unidos e Israel atacaran&hellip;\n","protected":false},"author":2,"featured_media":427175,"comment_status":"","ping_status":"","sticky":false,"template":"","format":"standard","meta":{"footnotes":""},"categories":[42],"tags":[17,18,13,14,23131,90678,11,61,62,63,64,3137,19,20,38095,9,10,15,16,12,21,22,65,66,67],"class_list":["post-427174","post","type-post","status-publish","format-standard","has-post-thumbnail","category-internacional","tag-breaking-news","tag-breakingnews","tag-featured-news","tag-featurednews","tag-graficos","tag-guerra-iran","tag-headlines","tag-internacional","tag-international","tag-international-news","tag-internationalnews","tag-iran","tag-latest-news","tag-latestnews","tag-medio-oriente","tag-news","tag-noticias","tag-noticias-destacadas","tag-noticiasdestacadas","tag-titulares","tag-ultimas-noticias","tag-ultimasnoticias","tag-world","tag-world-news","tag-worldnews"],"share_on_mastodon":{"url":"https:\/\/pubeurope.com\/@es\/116166867586659732","error":""},"_links":{"self":[{"href":"https:\/\/www.europesays.com\/es\/wp-json\/wp\/v2\/posts\/427174","targetHints":{"allow":["GET"]}}],"collection":[{"href":"https:\/\/www.europesays.com\/es\/wp-json\/wp\/v2\/posts"}],"about":[{"href":"https:\/\/www.europesays.com\/es\/wp-json\/wp\/v2\/types\/post"}],"author":[{"embeddable":true,"href":"https:\/\/www.europesays.com\/es\/wp-json\/wp\/v2\/users\/2"}],"replies":[{"embeddable":true,"href":"https:\/\/www.europesays.com\/es\/wp-json\/wp\/v2\/comments?post=427174"}],"version-history":[{"count":0,"href":"https:\/\/www.europesays.com\/es\/wp-json\/wp\/v2\/posts\/427174\/revisions"}],"wp:featuredmedia":[{"embeddable":true,"href":"https:\/\/www.europesays.com\/es\/wp-json\/wp\/v2\/media\/427175"}],"wp:attachment":[{"href":"https:\/\/www.europesays.com\/es\/wp-json\/wp\/v2\/media?parent=427174"}],"wp:term":[{"taxonomy":"category","embeddable":true,"href":"https:\/\/www.europesays.com\/es\/wp-json\/wp\/v2\/categories?post=427174"},{"taxonomy":"post_tag","embeddable":true,"href":"https:\/\/www.europesays.com\/es\/wp-json\/wp\/v2\/tags?post=427174"}],"curies":[{"name":"wp","href":"https:\/\/api.w.org\/{rel}","templated":true}]}}