{"id":42720,"date":"2025-08-12T14:58:07","date_gmt":"2025-08-12T14:58:07","guid":{"rendered":"https:\/\/www.europesays.com\/es\/42720\/"},"modified":"2025-08-12T14:58:07","modified_gmt":"2025-08-12T14:58:07","slug":"joselito-adame-anuncia-que-se-retira-del-toreo-este-miercoles-en-la-feria-de-la-albahaca-de-huesca","status":"publish","type":"post","link":"https:\/\/www.europesays.com\/es\/42720\/","title":{"rendered":"Joselito Adame anuncia que se retira del toreo este mi\u00e9rcoles en la Feria de la Albahaca de Huesca"},"content":{"rendered":"<p class=\"paragraph\"><b>El diestro Joselito Adame ha anunciado este martes que se retira del mundo del toreo<\/b> y que lo har\u00e1 este mi\u00e9rcoles, 13 de agosto, en la corrida de la Feria de la Albahaca en la que comparte cartel con Roca Rey y Tom\u00e1s Rufo, con toros de la ganader\u00eda de El Pilar.\u00a0<\/p>\n<p class=\"paragraph\">En un comunicado que ha compartido este martes en la red social X y en el que se dirige a su \u00abquerida afici\u00f3n taurina\u00bb. asegura que es \u00ab<b>uno de los d\u00edas m\u00e1s importantes y determinantes de su vida<\/b>\u00ab. \u00abY es que, desde aquel lejano 10 de octubre del a\u00f1o 2000, con tan solo 11 a\u00f1os de edad, d\u00eda en que me vest\u00ed por primera vez de luces, nunca imagin\u00e9 que llegar\u00eda este momento\u00bb.<\/p>\n<p class=\"paragraph\">Como se\u00f1ala el diestro, por medio de este comunicado, desea as\u00ed \u00abtransmitir\u00bb su decisi\u00f3n \u00abde dejar de torear, poner punto y aparte en mi vida profesional\u00bb. Es algo, asegura que lleva ya \u00ab<b>varios meses pensando<\/b>\u00ab. \u00abHa sido muy dif\u00edcil tomar esta decisi\u00f3n. Sin embargo, en la etapa en la que ahora me encuentro, <b>tengo la necesidad de parar, de dejar en estos momentos al Toreo para darle centro al Hombre<\/b>\u00ab<\/p>\n<p class=\"paragraph\">Como recuerda, ha dedicado su vida al toreo durante 26 a\u00f1os \u00abde forma intensa e ininterrumpida; lo he afrontado con absoluta entrega, compromiso y respeto\u00bb. Asegura adem\u00e1s que<b> \u00abel toro me lo ha dado todo\u00bb.<\/b> \u00abMe considero un ser humano privilegiado y orgulloso de ser torero<\/p>\n<p class=\"paragraph\">Se\u00f1ala as\u00ed que ha decidido que su despedida \u00absea este pr\u00f3ximo mi\u00e9rcoles 13 de agosto, la corrida n\u00famero 606 de mi carrera, dentro de la Feria de San Lorenzo en la plaza de toros de Huesca,<b> la \u00faltima de lo que, hasta ahora, ha resultado ser una incre\u00edble historia<\/b>\u00ab.<\/p>\n<p class=\"paragraph\">\u00abEl tiempo, la calma y una perspectiva distinta para afrontar esta nueva forma de vida ir\u00e1n marcando mis futuras decisiones tanto en lo personal como en lo profesional\u00bb, a\u00f1ade Adame.<\/p>\n<p class=\"paragraph\">Agradece adem\u00e1s a Dios y a su familia y a <b>\u00abtodos aquellos que han estado\u00a0 presentes durante mi trayectoria, a quienes me impulsaron desde desde que llegu\u00e9 a la escuela taurina y q<\/b>ue aportaron a mi formaci\u00f3n profesional: a mi equipo, amigos, prensa, al sector profesional y, sobre todo, mi in infinito agradecimiento a los aficionados que, con su cari\u00f1o y exigencia, han contribuido a que pudiera convertir en realidad lo que para m\u00ed alg\u00fan d\u00eda fue un sue\u00f1o\u00bb.<\/p>\n","protected":false},"excerpt":{"rendered":"El diestro Joselito Adame ha anunciado este martes que se retira del mundo del toreo y que lo&hellip;\n","protected":false},"author":2,"featured_media":42721,"comment_status":"","ping_status":"","sticky":false,"template":"","format":"standard","meta":{"footnotes":""},"categories":[277],"tags":[16235,4187,373,168,25,24,1265,20255,295,23,167,374],"class_list":{"0":"post-42720","1":"post","2":"type-post","3":"status-publish","4":"format-standard","5":"has-post-thumbnail","7":"category-toreo","8":"tag-albahaca","9":"tag-anuncia","10":"tag-bullfighting","11":"tag-deportes","12":"tag-es","13":"tag-espana","14":"tag-huesca","15":"tag-joselito","16":"tag-miercoles","17":"tag-spain","18":"tag-sports","19":"tag-toreo"},"share_on_mastodon":{"url":"","error":""},"_links":{"self":[{"href":"https:\/\/www.europesays.com\/es\/wp-json\/wp\/v2\/posts\/42720","targetHints":{"allow":["GET"]}}],"collection":[{"href":"https:\/\/www.europesays.com\/es\/wp-json\/wp\/v2\/posts"}],"about":[{"href":"https:\/\/www.europesays.com\/es\/wp-json\/wp\/v2\/types\/post"}],"author":[{"embeddable":true,"href":"https:\/\/www.europesays.com\/es\/wp-json\/wp\/v2\/users\/2"}],"replies":[{"embeddable":true,"href":"https:\/\/www.europesays.com\/es\/wp-json\/wp\/v2\/comments?post=42720"}],"version-history":[{"count":0,"href":"https:\/\/www.europesays.com\/es\/wp-json\/wp\/v2\/posts\/42720\/revisions"}],"wp:featuredmedia":[{"embeddable":true,"href":"https:\/\/www.europesays.com\/es\/wp-json\/wp\/v2\/media\/42721"}],"wp:attachment":[{"href":"https:\/\/www.europesays.com\/es\/wp-json\/wp\/v2\/media?parent=42720"}],"wp:term":[{"taxonomy":"category","embeddable":true,"href":"https:\/\/www.europesays.com\/es\/wp-json\/wp\/v2\/categories?post=42720"},{"taxonomy":"post_tag","embeddable":true,"href":"https:\/\/www.europesays.com\/es\/wp-json\/wp\/v2\/tags?post=42720"}],"curies":[{"name":"wp","href":"https:\/\/api.w.org\/{rel}","templated":true}]}}