{"id":42726,"date":"2025-08-12T15:03:19","date_gmt":"2025-08-12T15:03:19","guid":{"rendered":"https:\/\/www.europesays.com\/es\/42726\/"},"modified":"2025-08-12T15:03:19","modified_gmt":"2025-08-12T15:03:19","slug":"tras-anos-de-vivir-a-toda-velocidad-encontre-la-calma","status":"publish","type":"post","link":"https:\/\/www.europesays.com\/es\/42726\/","title":{"rendered":"Tras a\u00f1os de vivir a toda velocidad, encontr\u00e9 la calma"},"content":{"rendered":"<p>El expiloto <a href=\"https:\/\/lat.motorsport.com\/driver\/daniel-ricciardo\/464344\/\" target=\"_blank\" rel=\"noopener nofollow\">Daniel Ricciardo<\/a> ha compartido detalles sobre c\u00f3mo ha sido su vida despu\u00e9s de dejar la F\u00f3rmula 1, esto en una charla ofrecida durante la conferencia Ray White Connect en Queensland, Australia.<\/p>\n<p>El australiano puso fin a su etapa en el campeonato tras el GP de Singapur 2024, cuando corr\u00eda para VCARB (actual Racing Bulls) y fue sustituido por <a href=\"https:\/\/lat.motorsport.com\/driver\/liam-lawson\/826047\/\" target=\"_blank\" rel=\"noopener nofollow\">Liam Lawson<\/a> para el cierre de temporada sin permitirle despedirse en una temporada donde los resultados no estuvieron conforme lo esperado.<\/p>\n<p>Desde entonces, ha optado por alejarse del foco medi\u00e1tico y dedicarse a nuevos proyectos, como su l\u00ednea de ropa Enchant\u00e9 y la marca de vinos DR3 Wines.<\/p>\n<p>En el evento, Ricciardo convers\u00f3 con la periodista Mel McLaughlin y, con su habitual buen humor, cont\u00f3 que este a\u00f1o lo ha dedicado a la introspecci\u00f3n e incluso a aventuras que antes bajo un contrato con un equipo de la m\u00e1xima categor\u00eda no hubieran sido posibles.<\/p>\n<p>   <img decoding=\"async\" draggable=\"false\" src=\"https:\/\/www.europesays.com\/es\/wp-content\/uploads\/2025\/08\/daniel-ricciardo-rb-f1-team-vc.jpg\" alt=\"Daniel Ricciardo, RB F1 Team VCARB 01\" width=\"1200\" height=\"800\" loading=\"lazy\"\/> <\/p>\n<p class=\"title\">Daniel Ricciardo, RB F1 Team VCARB 01<\/p>\n<p class=\"photographer\">Photo by: Red Bull Content Pool<\/p>\n<p>\u201cNo me he afeitado, la barba es mi refugio ahora. Tras a\u00f1os de vivir a toda velocidad, he encontrado momentos de calma. He hecho senderismo, incluso estuve en Alaska y, por suerte, no tuve un encuentro con osos grizzly. He aprendido a disfrutar m\u00e1s de los peque\u00f1os detalles y a valorar a mi familia y amigos. Tambi\u00e9n estoy trabajando en ser menos ego\u00edsta y escuchar m\u00e1s a los dem\u00e1s\u201d.<\/p>\n<p>Aunque en alg\u00fan momento se le vincul\u00f3 con un posible regreso a la F1 de la mano del futuro equipo Cadillac, que debutar\u00e1 en 2026, el jefe de la escuder\u00eda, Graeme Lowdon, descart\u00f3 esa opci\u00f3n:<\/p>\n<p>\u201c\u00c9l mismo ha dicho que no est\u00e1 interesado. Si hay que convencer a un piloto para que se suba al coche, entonces no es el indicado. En la F1, quien quiere correr no necesita motivaci\u00f3n extra\u201d, finaliz\u00f3 el expiloto de Red Bull.<\/p>\n<p>M\u00e1s de la F1:<\/p>\n<p>En este art\u00edculo<\/p>\n<p>Sea el primero en enterarse y suscr\u00edbase para recibir actualizaciones por correo electr\u00f3nico en tiempo real sobre estos temas.<\/p>\n<p>    Suscr\u00edbase a nuevas alertas<\/p>\n","protected":false},"excerpt":{"rendered":"El expiloto Daniel Ricciardo ha compartido detalles sobre c\u00f3mo ha sido su vida despu\u00e9s de dejar la F\u00f3rmula&hellip;\n","protected":false},"author":2,"featured_media":42727,"comment_status":"","ping_status":"","sticky":false,"template":"","format":"standard","meta":{"footnotes":""},"categories":[270],"tags":[168,20258,25,24,306,271,272,1230,20257,23,167],"class_list":{"0":"post-42726","1":"post","2":"type-post","3":"status-publish","4":"format-standard","5":"has-post-thumbnail","7":"category-formula-1","8":"tag-deportes","9":"tag-encontru00e9-la-calma","10":"tag-es","11":"tag-espana","12":"tag-f1","13":"tag-formula-1","14":"tag-formula1","15":"tag-fu00f3rmula-1","16":"tag-ricciardo-tras-dejar-la-f1-tras-au00f1os-de-vivir-a-toda-velocidad","17":"tag-spain","18":"tag-sports"},"share_on_mastodon":{"url":"","error":""},"_links":{"self":[{"href":"https:\/\/www.europesays.com\/es\/wp-json\/wp\/v2\/posts\/42726","targetHints":{"allow":["GET"]}}],"collection":[{"href":"https:\/\/www.europesays.com\/es\/wp-json\/wp\/v2\/posts"}],"about":[{"href":"https:\/\/www.europesays.com\/es\/wp-json\/wp\/v2\/types\/post"}],"author":[{"embeddable":true,"href":"https:\/\/www.europesays.com\/es\/wp-json\/wp\/v2\/users\/2"}],"replies":[{"embeddable":true,"href":"https:\/\/www.europesays.com\/es\/wp-json\/wp\/v2\/comments?post=42726"}],"version-history":[{"count":0,"href":"https:\/\/www.europesays.com\/es\/wp-json\/wp\/v2\/posts\/42726\/revisions"}],"wp:featuredmedia":[{"embeddable":true,"href":"https:\/\/www.europesays.com\/es\/wp-json\/wp\/v2\/media\/42727"}],"wp:attachment":[{"href":"https:\/\/www.europesays.com\/es\/wp-json\/wp\/v2\/media?parent=42726"}],"wp:term":[{"taxonomy":"category","embeddable":true,"href":"https:\/\/www.europesays.com\/es\/wp-json\/wp\/v2\/categories?post=42726"},{"taxonomy":"post_tag","embeddable":true,"href":"https:\/\/www.europesays.com\/es\/wp-json\/wp\/v2\/tags?post=42726"}],"curies":[{"name":"wp","href":"https:\/\/api.w.org\/{rel}","templated":true}]}}