{"id":42752,"date":"2025-08-12T15:18:08","date_gmt":"2025-08-12T15:18:08","guid":{"rendered":"https:\/\/www.europesays.com\/es\/42752\/"},"modified":"2025-08-12T15:18:08","modified_gmt":"2025-08-12T15:18:08","slug":"greenpeace-denuncia-que-el-plan-contra-incendios-de-la-comunidad-de-madrid-excluia-a-tres-cantos-como-zona-de-riesgo","status":"publish","type":"post","link":"https:\/\/www.europesays.com\/es\/42752\/","title":{"rendered":"Greenpeace denuncia que el plan contra incendios de la Comunidad de Madrid exclu\u00eda a Tres Cantos como zona de riesgo"},"content":{"rendered":"<p class=\"article-text\">\n        Tres Cantos no constaba entre los municipios m\u00e1s vulnerables ante posibles incendios y, por lo tanto, no estaba obligado a impulsar un plan de actuaci\u00f3n propio para afrontarlos. Es lo que denuncia la ONG ambientalista Greenpeace poco despu\u00e9s del gran fuego que, en cuesti\u00f3n de horas, ha arrasado m\u00e1s de 1.500 hect\u00e1reas de terreno.\n    <\/p>\n<p>    <a href=\"https:\/\/www.eldiario.es\/madrid\/somos\/noticias\/amanecer-humo-cenizas-madrid-fuego-abrasa-30-kilometros-incendio-tres-cantos-espejo_1_12529419.html\" data-mrf-recirculation=\"saber-mas\" data-dl-event=\"saber-mas\" rel=\"nofollow noopener\" target=\"_blank\"><\/p>\n<p class=\"know-more__title\">Amanecer de humo y cenizas en Madrid mientras el fuego abrasa a 30 kil\u00f3metros: \u00abEl incendio en Tres Cantos es un espejo\u00bb<\/p>\n<p>            <img decoding=\"async\" class=\"lazy\" loading=\"lazy\" data-src=\"https:\/\/static.eldiario.es\/clip\/ca120585-f86b-4ddc-bf16-aef46748735b_16-9-aspect-ratio_default_0_x547y625.jpg\" src=\"data:image\/svg+xml,%3Csvg xmlns=\" http:=\"\" viewbox=\"0 0 880 495\" alt=\"Amanecer de humo y cenizas en Madrid mientras el fuego abrasa a 30 kil\u00f3metros: &quot;El incendio en Tres Cantos es un espejo&quot;\"\/><\/p>\n<p>                        <\/a><\/p>\n<p class=\"article-text\">\n        Una portavoz de la entidad, la ingeniera forestal M\u00f3nica Parrilla, ha anunciado su sorpresa al comprobar que este municipio no figuraba en el listado para Zonas de Alto Riesgo de Incendios (ZAR); algo que le exime de impulsar obligatoriamente las medidas del INFOMA, un plan regional para emergencias forestales que fuerza a prevenir los fuegos. De hecho, en Tres Cantos ya exist\u00edan peligrosos precedentes que pusieron en alerta a la poblaci\u00f3n. El verano pasado por estas fechas se produjo el <a href=\"https:\/\/www.eldiario.es\/madrid\/somos\/madrid-registra-primer-gran-incendio-ano-desalojos-intervencion-ejercito-amenaza-tres-cantos_1_11604718.html\" data-mrf-recirculation=\"links-noticia\" class=\"link\" rel=\"nofollow noopener\" target=\"_blank\">primer gran incendio del a\u00f1o<\/a> precisamente muy cerca de esa localidad, en una de las urbanizaciones colindantes.\n    <\/p>\n<p class=\"article-text\">\n        \u201cHemos visto las llamas y tenemos que lamentar la muerte de un vecino. Urge revisar esa lista, e instar a quienes ya a aparecen a que cumplan las normas\u201d, ha declarado a los medios de comunicaci\u00f3n la responsable de Greenpeace, que llama a actualizar los requisitos de la Comunidad de Madrid y constatar que las actuaciones municipales de quienes s\u00ed deben crear planes municipales propios no queden \u201c<strong>olvidadas en el caj\u00f3n<\/strong>\u201d.\n    <\/p>\n<p class=\"article-text\">\n        Sus reproches no solo miran hacia el Ejecutivo que lidera Isabel D\u00edaz Ayuso: tambi\u00e9n se\u00f1alan directamente al Gobierno central, al que piden \u201cponer en marcha el borrador de un real decreto\u201d con \u201ccriterios y directrices comunes a todas las comunidades\u201d, para que as\u00ed estas tengan que renovar planes anuales conforme a la ley de montes. De no hacerlo, el riesgo m\u00e1s temido es que se repitan <a href=\"https:\/\/www.eldiario.es\/madrid\/somos\/fallecido-incendio-tres-cantos-hombre-50-anos-salvar-fuego-decenas-caballos_1_12530266.html\" data-mrf-recirculation=\"links-noticia\" class=\"link\" rel=\"nofollow noopener\" target=\"_blank\">situaciones tan cr\u00edticas como esta<\/a>.\n    <\/p>\n<p class=\"article-text\">\n        A principios de agosto, el PSOE de Tres Cantos ya advert\u00eda que algunas parcelas municipales no estaban correctamente desbrozadas y, por lo tanto, hab\u00eda m\u00e1s posibilidades de propagar un incendio. El aviso se produjo en el momento m\u00e1s cr\u00edtico para iniciar un fuego: el verano. El concejal socialista en el municipio se\u00f1al\u00f3, adem\u00e1s, zonas como el Centro de Intervenci\u00f3n y Custodia de Animales (CICA), donde de momento los animales permanecen a salvo.\n    <\/p>\n<p class=\"article-text\">\n        Casi como una premonici\u00f3n, en pocos d\u00edas se ha desatado un fuego con consecuencias devastadoras para la poblaci\u00f3n. En escasas horas hubo que evacuar a 180 personas procedentes de varias urbanizaciones, las m\u00e1s pr\u00f3ximas a las llamas. Tambi\u00e9n <a href=\"https:\/\/www.eldiario.es\/madrid\/somos\/fallecido-incendio-tres-cantos-hombre-50-anos-salvar-fuego-decenas-caballos_1_12530266.html\" target=\"_blank\" data-mrf-recirculation=\"links-noticia\" class=\"link\" rel=\"nofollow noopener\">ha habido que lamentar una muerte, la de un hombre que sufri\u00f3 quemaduras en el 98% de su cuerpo<\/a> y falleci\u00f3 por esta causa, as\u00ed como por complicaciones respiratorias ante la inhalaci\u00f3n de humo, al tratar de salvar a decenas de caballos de un centro de h\u00edpica.\n    <\/p>\n<p class=\"article-text\">\n        Los efectivos sanitarios no pudieron hacer nada por salvar su vida pese a la llegada de los servicios de Emergencias y el posterior traslado en helic\u00f3petero al Hospital p\u00fablico La Paz de Madrid. Con este y otros precedentes, el temor por los incendios se extiende m\u00e1s all\u00e1 de Tres Cantos.\n    <\/p>\n<p>    <a href=\"https:\/\/www.eldiario.es\/madrid\/somos\/perimetrado-evolucion-favorable-incendio-tres-cantos-deja-muerto-180-personas-evacuadas_1_12529335.html\" data-mrf-recirculation=\"saber-mas-abajo\" data-dl-event=\"saber-mas-abajo\" rel=\"nofollow noopener\" target=\"_blank\"><\/p>\n<p class=\"know-more__title\">Perimetrado y con evoluci\u00f3n favorable el incendio de Tres Cantos que deja un muerto y 180 personas evacuadas<\/p>\n<p>            <img decoding=\"async\" class=\"lazy\" loading=\"lazy\" data-src=\"https:\/\/static.eldiario.es\/clip\/e477db43-41e6-4e89-a059-8de5987c4b23_16-9-aspect-ratio_default_0.jpg\" src=\"data:image\/svg+xml,%3Csvg xmlns=\" http:=\"\" viewbox=\"0 0 880 495\" alt=\"Perimetrado y con evoluci\u00f3n favorable el incendio de Tres Cantos que deja un muerto y 180 personas evacuadas\"\/><\/p>\n<p>                        <\/a><\/p>\n<p class=\"article-text\">\n        De hecho, en los \u00faltimos d\u00edas las llamas se han cebado especialmente con Castilla y Le\u00f3n, Galicia o Navarra. En Le\u00f3n llamas han afectado mayoritariamente a Benuza, Murias de Paredes y Villafranca del Bierzo; en Palencia, por Cervera del Pisuerga; en Zamora, Mozuelas de Carballeda; mientras que en Galicia preocuparon los de A Fonsagrada (Lugo) y Chandrexa de Queixa o Montederrano (Ourense). En Navarra, el de Carcastillo.\n    <\/p>\n","protected":false},"excerpt":{"rendered":"Tres Cantos no constaba entre los municipios m\u00e1s vulnerables ante posibles incendios y, por lo tanto, no estaba&hellip;\n","protected":false},"author":2,"featured_media":42753,"comment_status":"","ping_status":"","sticky":false,"template":"","format":"standard","meta":{"footnotes":""},"categories":[8],"tags":[3196,17,18,1359,10898,6775,25,24,20261,13,14,20260,11,4342,19,20,205,9,10,15,16,2568,1288,23,12,603,21,22,7996],"class_list":{"0":"post-42752","1":"post","2":"type-post","3":"status-publish","4":"format-standard","5":"has-post-thumbnail","7":"category-espana","8":"tag-alto","9":"tag-breaking-news","10":"tag-breakingnews","11":"tag-cantos","12":"tag-comunidad","13":"tag-denuncia","14":"tag-es","15":"tag-espana","16":"tag-excluia","17":"tag-featured-news","18":"tag-featurednews","19":"tag-greenpeace","20":"tag-headlines","21":"tag-incendios","22":"tag-latest-news","23":"tag-latestnews","24":"tag-madrid","25":"tag-news","26":"tag-noticias","27":"tag-noticias-destacadas","28":"tag-noticiasdestacadas","29":"tag-plan","30":"tag-riesgo","31":"tag-spain","32":"tag-titulares","33":"tag-tres","34":"tag-ultimas-noticias","35":"tag-ultimasnoticias","36":"tag-zonas"},"share_on_mastodon":{"url":"","error":""},"_links":{"self":[{"href":"https:\/\/www.europesays.com\/es\/wp-json\/wp\/v2\/posts\/42752","targetHints":{"allow":["GET"]}}],"collection":[{"href":"https:\/\/www.europesays.com\/es\/wp-json\/wp\/v2\/posts"}],"about":[{"href":"https:\/\/www.europesays.com\/es\/wp-json\/wp\/v2\/types\/post"}],"author":[{"embeddable":true,"href":"https:\/\/www.europesays.com\/es\/wp-json\/wp\/v2\/users\/2"}],"replies":[{"embeddable":true,"href":"https:\/\/www.europesays.com\/es\/wp-json\/wp\/v2\/comments?post=42752"}],"version-history":[{"count":0,"href":"https:\/\/www.europesays.com\/es\/wp-json\/wp\/v2\/posts\/42752\/revisions"}],"wp:featuredmedia":[{"embeddable":true,"href":"https:\/\/www.europesays.com\/es\/wp-json\/wp\/v2\/media\/42753"}],"wp:attachment":[{"href":"https:\/\/www.europesays.com\/es\/wp-json\/wp\/v2\/media?parent=42752"}],"wp:term":[{"taxonomy":"category","embeddable":true,"href":"https:\/\/www.europesays.com\/es\/wp-json\/wp\/v2\/categories?post=42752"},{"taxonomy":"post_tag","embeddable":true,"href":"https:\/\/www.europesays.com\/es\/wp-json\/wp\/v2\/tags?post=42752"}],"curies":[{"name":"wp","href":"https:\/\/api.w.org\/{rel}","templated":true}]}}