{"id":427916,"date":"2026-03-04T05:05:18","date_gmt":"2026-03-04T05:05:18","guid":{"rendered":"https:\/\/www.europesays.com\/es\/427916\/"},"modified":"2026-03-04T05:05:18","modified_gmt":"2026-03-04T05:05:18","slug":"miribilla-respira-tras-la-ventana-fiba","status":"publish","type":"post","link":"https:\/\/www.europesays.com\/es\/427916\/","title":{"rendered":"Miribilla respira tras la ventana FIBA"},"content":{"rendered":"<p>Europa ha sido, esta vez, m\u00e1s aliada que amenaza para el Surne Bilbao. La ventana FIBA vaci\u00f3 el vestuario de Miribilla y dispers\u00f3 a cinco  &#8230; hombres de negro por el continente, pero el balance final deja un poso tranquilizador: salvo Harald Frey, que regres\u00f3 a la capital vizca\u00edna con molestias musculares tras su compromiso con Noruega, no hay ninguna lesi\u00f3n que altere los planes de Jaume Ponsarnau. La mejor noticia posible en la antesala de la vuelta al ruedo de la franquicia de Miribilla.<\/p>\n<p class=\"v-p\">El cruce de mayor renombre de estas dos semanas lo protagonizaron Tryggvi Hlinason y Margiris Normantas por partida doble. Islandia y Lituania, compa\u00f1eros en Bilbao y rivales con sus selecciones. En el primer asalto, los islandeses firmaron una victoria hist\u00f3rica sobre la bocina (86-85), un triunfo que a\u00fan resuena en Reikiavik. Pero el baloncesto internacional rara vez concede segundas oportunidades sin respuesta.<\/p>\n<p class=\"v-p\">Esta vez, en territorio lituano, la r\u00e9plica fue contundente (99-82). Lituania salt\u00f3 a la pista con hambre de venganza y no dej\u00f3 margen a la sorpresa. Domin\u00f3 desde el inicio, impuso su jerarqu\u00eda f\u00edsica y t\u00e1ctica y cerr\u00f3 el encuentro con holgura, equilibrando el pulso de la ventana y recordando por qu\u00e9 es una potencia continental. Hlinason, como siempre, defendi\u00f3 los aros islandeses durante la mayor\u00eda del partido, anotando 15 puntos y recogiendo siete rebotes. Normantas, por su parte, anot\u00f3 nueve puntos. Ahora, tras este segundo cap\u00edtulo, tanto p\u00edvot como escolta emprenden el regreso a Bilbao.<\/p>\n<p>\nEL DUELO DEL PAR\u00d3N\n<\/p>\n<p>La Lituania de Margiris Normantas se cobr\u00f3 la revancha (99-82) ante la Islandia de Hlinason<\/p>\n<p class=\"v-p\">Antes, el p\u00edvot island\u00e9s hab\u00eda sido protagonista de una de las grandes actuaciones de la ventana: 14 puntos, cinco rebotes, tres tapones y 19 de valoraci\u00f3n en el triunfo ag\u00f3nico ante los b\u00e1lticos. Normantas, m\u00e1s discreto en aquel choque \u2013tres puntos, cuatro rebotes y tres asistencias\u2013, tuvo hoy la oportunidad de cerrar la serie con una sonrisa colectiva.<\/p>\n<p class=\"v-p\">En Eslovenia, Martin Krampelj vivi\u00f3 una doble jornada de trabajo eficiente. En la contundente victoria ante la Rep\u00fablica Checa (99-59), el ala-p\u00edvot disput\u00f3 6:46 minutos, tiempo suficiente para anotar seis puntos y sumar rebotes en un contexto de amplia rotaci\u00f3n. El lunes, en un duelo mucho m\u00e1s ajustado (84-86), volvi\u00f3 a aportar seis puntos, tres rebotes y una asistencia. Menos protagonismo del habitual en Miribilla, pero minutos de calidad en un equipo que sigue contando con \u00e9l.<\/p>\n<p class=\"v-p\">Melwin Pantzar, por su parte, asumi\u00f3 galones con Suecia. En la derrota ante Estonia (77-88), el base estuvo 32:47 minutos sobre la pista, firm\u00f3 16 puntos, captur\u00f3 dos rebotes y reparti\u00f3 cuatro asistencias, adem\u00e1s de robar cinco balones. No bast\u00f3 para frenar a los b\u00e1lticos, pero s\u00ed para confirmar su peso en el engranaje escandinavo. La revancha lleg\u00f3 d\u00edas despu\u00e9s: victoria sueca (69-79) ante el mismo rival, con Pantzar aportando ocho puntos, seis rebotes y seis asistencias.<\/p>\n<p>A la espera de Harald<\/p>\n<p class=\"v-p\">La \u00fanica sombra la dej\u00f3 Harald Frey. Noruega se impuso a Bulgaria (76-67) en el preclasificatorio para el Eurobasket 2029, pero el base del Surne Bilbao apenas pudo disputar algo m\u00e1s de seis minutos antes de notar una molestia muscular en los isquios. En ese breve lapso dej\u00f3 siete asistencias, tres rebotes y dos puntos. Suficiente para influir. Insuficiente para continuar. El noruego regres\u00f3 de inmediato a Bilbao para iniciar su recuperaci\u00f3n. Tanto jugador como club conf\u00edan en que todo quede en un susto.<\/p>\n<p class=\"v-p\">Con Pantzar y Krampelj ya listos para aterrizar en Euskadi y con Hlinason y Normantas regresando tras su segundo enfrentamiento, Ponsarnau vuelve a disponer de casi todo su plantel, y Miribilla recupera acentos n\u00f3rdicos, b\u00e1lticos y balc\u00e1nicos justo a tiempo.<\/p>\n<p class=\"v-p\">Porque la marea negra vuelve al ruedo. El primer plato fuerte tras el par\u00f3n ser\u00e1 el asalto al pabell\u00f3n del San Pablo Burgos, este s\u00e1bado a las 21:00, en clave ACB. M\u00e1s de 300 aficionados bilba\u00ednos te\u00f1ir\u00e1n de negro las gradas castellanas para empujar a los suyos en el reinicio competitivo. Despu\u00e9s tocar\u00e1 cambiar de mapa y de registro: viaje a Turqu\u00eda para la ida de los cuartos de final de la FIBA Europe Cup ante el Petkimspor. <\/p>\n<p class=\"v-p\">Europa ya ha soltado a los lobos. Ahora toca volver a cazar en casa\u2026 y fuera.<\/p>\n","protected":false},"excerpt":{"rendered":"Europa ha sido, esta vez, m\u00e1s aliada que amenaza para el Surne Bilbao. La ventana FIBA vaci\u00f3 el&hellip;\n","protected":false},"author":2,"featured_media":427917,"comment_status":"","ping_status":"","sticky":false,"template":"","format":"standard","meta":{"footnotes":""},"categories":[269],"tags":[299,298,168,25,24,13863,48029,38847,23,167,575,3108],"class_list":["post-427916","post","type-post","status-publish","format-standard","has-post-thumbnail","category-baloncesto","tag-baloncesto","tag-basketball","tag-deportes","tag-es","tag-espana","tag-fiba","tag-miribilla","tag-respira","tag-spain","tag-sports","tag-tras","tag-ventana"],"share_on_mastodon":{"url":"https:\/\/pubeurope.com\/@es\/116169167956535466","error":""},"_links":{"self":[{"href":"https:\/\/www.europesays.com\/es\/wp-json\/wp\/v2\/posts\/427916","targetHints":{"allow":["GET"]}}],"collection":[{"href":"https:\/\/www.europesays.com\/es\/wp-json\/wp\/v2\/posts"}],"about":[{"href":"https:\/\/www.europesays.com\/es\/wp-json\/wp\/v2\/types\/post"}],"author":[{"embeddable":true,"href":"https:\/\/www.europesays.com\/es\/wp-json\/wp\/v2\/users\/2"}],"replies":[{"embeddable":true,"href":"https:\/\/www.europesays.com\/es\/wp-json\/wp\/v2\/comments?post=427916"}],"version-history":[{"count":0,"href":"https:\/\/www.europesays.com\/es\/wp-json\/wp\/v2\/posts\/427916\/revisions"}],"wp:featuredmedia":[{"embeddable":true,"href":"https:\/\/www.europesays.com\/es\/wp-json\/wp\/v2\/media\/427917"}],"wp:attachment":[{"href":"https:\/\/www.europesays.com\/es\/wp-json\/wp\/v2\/media?parent=427916"}],"wp:term":[{"taxonomy":"category","embeddable":true,"href":"https:\/\/www.europesays.com\/es\/wp-json\/wp\/v2\/categories?post=427916"},{"taxonomy":"post_tag","embeddable":true,"href":"https:\/\/www.europesays.com\/es\/wp-json\/wp\/v2\/tags?post=427916"}],"curies":[{"name":"wp","href":"https:\/\/api.w.org\/{rel}","templated":true}]}}