{"id":428229,"date":"2026-03-04T09:51:18","date_gmt":"2026-03-04T09:51:18","guid":{"rendered":"https:\/\/www.europesays.com\/es\/428229\/"},"modified":"2026-03-04T09:51:18","modified_gmt":"2026-03-04T09:51:18","slug":"la-plazuela-ginebras-y-veintiuno-actuaran-en-la-22a-edicion-de-la-radio-encendida-el-22-de-marzo-servimedia","status":"publish","type":"post","link":"https:\/\/www.europesays.com\/es\/428229\/","title":{"rendered":"La Plazuela, Ginebras y Veintiuno actuar\u00e1n en la 22\u00aa edici\u00f3n de \u2018La Radio Encendida\u2019 el 22 de marzo &#8211; Servimedia"},"content":{"rendered":"<ol>\n<li><a href=\"https:\/\/news.google.com\/rss\/articles\/CBMiugFBVV95cUxQOU9mUXZGSTR4bmlXdHIxUDlpNEtlNjNEWV94dVozREs4Nm5PaWhpbVFCY2FuQnU0LVZTM1NwYXhHWVFIRTJOdllVZ2tBcGFURG8zR2R3N1BjTGNLVlBFNE1scXR4Zmp5amI1T0cyWm9LdTFQZ3FZbW5aLUEyd0hFUjVZVDFfVUlWTzQzMkJwR3FCdmVfbkp2aWF0YVhkOWFpT2x0dXE5WFdOUGlfRHBmN3NScFBtUWoxbnc?oc=5\" target=\"_blank\" rel=\"nofollow noopener\">La Plazuela, Ginebras y Veintiuno actuar\u00e1n en la 22\u00aa edici\u00f3n de \u2018La Radio Encendida\u2019 el 22 de marzo<\/a>&nbsp;&nbsp;Servimedia<\/li>\n<li><a href=\"https:\/\/news.google.com\/rss\/articles\/CBMiekFVX3lxTE1kZzFUQm9UbGxVeEpZanhOM2oxRTFNNjFjLTUxQ0g4NVoySV9lZDlqUEFYaTRha3dFZVRtMTR3SVk2bExoRGY3R1NLQTBSVTdyaWZVRFMtQ1Rfa05GTW9OZkdSWmRYdGxIRUFjNUY1X3NpVy1VbnZTd2V30gF6QVVfeXFMTlBFbHBJemRRZkdrOFJKUjNMRGpPS2NqSEExMDdLSGZ6NHpWWGk5eXpscWFfTmhNajZCUFRXLXh6aG9aQnpYQnNzeHNDQlpxU2JGVHBTWXRSRE1iRXpzc0tJUnRjSm5oQkFiRmFQQkw1MEdXX0FfbzQ4SWc?oc=5\" target=\"_blank\" rel=\"nofollow noopener\">La Radio Encendida 2026<\/a>&nbsp;&nbsp;RTVE.es<\/li>\n<li><a href=\"https:\/\/news.google.com\/rss\/articles\/CBMi6gFBVV95cUxNVjhBQWc2NFlNaFIzbjVpODM0WlBja0JlWUx6VGhlTGhTOE1kWmxsMENwZHNDMVdlbU9iN1BKTzJ4VzN0RnlWLWlEcUZOU21zRlpIUC1BZEVYcTZQRTZSeXc1VHNPSmxqdkltYkszeC1DNG10RGhqaE5VbFdXQkljYVRqTkktRllBcDYtSm45R0ZyUUVOTnh6LVA4UEtWV2tGN19UVDdpRE5EYk1LNnhZSE5WMExNX1ZieGtXOXBBWmJTN0NlN3dja2p6ZE5IakZNVFVxWDRlMy04NnhIWXNkaFNDUTZtN3BudlE?oc=5\" target=\"_blank\" rel=\"nofollow noopener\">Festival de conciertos gratis en Madrid este mes de marzo: actuar\u00e1n Veintiuno, El Kanka, La Plazuela, Ginebras, Teo Planell, Repion y m\u00e1s<\/a>&nbsp;&nbsp;Madrid Secreto<\/li>\n<li><a href=\"https:\/\/news.google.com\/rss\/articles\/CBMi5AFBVV95cUxOX1hhaXJ5SEVaTExPS0FhWWF1dmY2aHhUUDhIa19Zdmd1NUd2bER6RUFkcTBMX3R2ZGw1MmNTV29IdUZkSHJoQTVpbXJpYWZmNlRkYVdmdjlrRlY5TktqRERzM3pnRkNDMzFZZ1RJUEk2OGhHRkZuRUQ2M1Y4Vk02dXNqZVVhekZmUXM4X3kwRXI4VnBreFdhSm81Ty1qZjgxZ1RuWVZXWGp2cGJsNXB5bkRMb3hMblNNQkhJVUZVWU9ROElTdzhKUnpRVDZ3ekxYajViNGlyQUNTdlNlWFB2RFAzM0PSAeoBQVVfeXFMTjNDYVRLVk85bmlTX3pwbEJVSC02S1VEaHoxbXVaU2VUaGlyc3J6ZFI2OGNYY2JGSFQwaWszSHBJZC1pejVZeEZuUHg1bWFIMDQ0eDBPamZiUmRKOHh5VDRXVE1JZjBFcUk0MUg2VWF1anp2OEpIcWg0c0lic0pES2hJMldVamNpMWhDeVdoNzVmX3pnMmVSZFFFLWFkVkhqNUFsNXZVSFFSQm9zMVMyaWVqRkszV25ZaUwwbTZneHNoMkszT0ppS0l1QVdJTjJoZE9NSmpmZjhUU0ZybHRsY04wSWVSRDJZNUp3?oc=5\" target=\"_blank\" rel=\"nofollow noopener\">La Radio Encendida 2026 reunir\u00e1 a m\u00e1s de 20 bandas en once horas de m\u00fasica en La Casa Encendida<\/a>&nbsp;&nbsp;El Diario de Madrid<\/li>\n<li><a href=\"https:\/\/news.google.com\/rss\/articles\/CBMilwFBVV95cUxQRmtIMTVlcWd3d0JoUEI4V0hDUVBSUWJNeFNpMGhBZjlZOGdEVFBHNGY0b1owU3ZwdWxaQ1FFdUZMRWhiTGV0SEN3ZEotZkE0Yk9EUUI0YmRsYXU0OGEzQkR5RXdhM3RhMjdiUEpYaV9rdWMwQzBCaVNLakFnYmp0bGVXVEoyN0VJUnpRRzZfS1NPRnZXd0tZ?oc=5\" target=\"_blank\" rel=\"nofollow noopener\">La Radio Encendida Madrid 2026: Cartel y horarios<\/a>&nbsp;&nbsp;conciertospormadrid.com<\/li>\n<\/ol>\n","protected":false},"excerpt":{"rendered":"La Plazuela, Ginebras y Veintiuno actuar\u00e1n en la 22\u00aa edici\u00f3n de \u2018La Radio Encendida\u2019 el 22 de marzo&nbsp;&nbsp;Servimedia&hellip;\n","protected":false},"author":2,"featured_media":398252,"comment_status":"","ping_status":"","sticky":false,"template":"","format":"standard","meta":{"footnotes":""},"categories":[91],"tags":[90853,146,147,25,24,77805,61025,90852,492,23],"class_list":["post-428229","post","type-post","status-publish","format-standard","has-post-thumbnail","category-entretenimiento","tag-casa-encendida","tag-entertainment","tag-entretenimiento","tag-es","tag-espana","tag-ginebras","tag-radio-3","tag-radio-encendida","tag-sociedad","tag-spain"],"share_on_mastodon":{"url":"https:\/\/pubeurope.com\/@es\/116170292587283550","error":""},"_links":{"self":[{"href":"https:\/\/www.europesays.com\/es\/wp-json\/wp\/v2\/posts\/428229","targetHints":{"allow":["GET"]}}],"collection":[{"href":"https:\/\/www.europesays.com\/es\/wp-json\/wp\/v2\/posts"}],"about":[{"href":"https:\/\/www.europesays.com\/es\/wp-json\/wp\/v2\/types\/post"}],"author":[{"embeddable":true,"href":"https:\/\/www.europesays.com\/es\/wp-json\/wp\/v2\/users\/2"}],"replies":[{"embeddable":true,"href":"https:\/\/www.europesays.com\/es\/wp-json\/wp\/v2\/comments?post=428229"}],"version-history":[{"count":0,"href":"https:\/\/www.europesays.com\/es\/wp-json\/wp\/v2\/posts\/428229\/revisions"}],"wp:featuredmedia":[{"embeddable":true,"href":"https:\/\/www.europesays.com\/es\/wp-json\/wp\/v2\/media\/398252"}],"wp:attachment":[{"href":"https:\/\/www.europesays.com\/es\/wp-json\/wp\/v2\/media?parent=428229"}],"wp:term":[{"taxonomy":"category","embeddable":true,"href":"https:\/\/www.europesays.com\/es\/wp-json\/wp\/v2\/categories?post=428229"},{"taxonomy":"post_tag","embeddable":true,"href":"https:\/\/www.europesays.com\/es\/wp-json\/wp\/v2\/tags?post=428229"}],"curies":[{"name":"wp","href":"https:\/\/api.w.org\/{rel}","templated":true}]}}