{"id":428378,"date":"2026-03-04T11:41:15","date_gmt":"2026-03-04T11:41:15","guid":{"rendered":"https:\/\/www.europesays.com\/es\/428378\/"},"modified":"2026-03-04T11:41:15","modified_gmt":"2026-03-04T11:41:15","slug":"el-nuevo-cambio-de-horario-de-la-revuelta","status":"publish","type":"post","link":"https:\/\/www.europesays.com\/es\/428378\/","title":{"rendered":"El nuevo cambio de horario de &#8216;La Revuelta&#8217;"},"content":{"rendered":"<p>\n        <a href=\"https:\/\/www.noticiasdenavarra.com\/tags\/la-revuelta\/\" title=\"\u2018La Revuelta\u2019\" rel=\"nofollow noopener\" target=\"_blank\" class=\"link copy\"><strong>\u2018La Revuelta\u2019<\/strong><\/a><strong> <\/strong>es uno de los formatos televisivos m\u00e1s destacados de la franja del<strong> \u2018prime time<\/strong>\u2019 a lo largo de la semana. A pesar de ello, hay ocasiones en las que el espacio que presenta <strong>David Broncano <\/strong>se ausenta por motivos concretos que hacen que<strong> cambie por completo la programaci\u00f3n de la cadena p\u00fablica<\/strong>.\u00a0\n<\/p>\n<p class=\"article-body__text \">\n        As\u00ed ha vuelto a pasar esta noche, pues <a href=\"https:\/\/www.noticiasdenavarra.com\/tags\/tve\/\" title=\"TVE\" rel=\"nofollow noopener\" target=\"_blank\" class=\"link copy\"><strong>TVE <\/strong><\/a>ha emitido<strong> el partido de vuelta de las semifinales de Copa del Rey entre el FC Barcelona y el Atl\u00e9tico de Madrid<\/strong>, a las 21:00 horas de la noche.\u00a0\n<\/p>\n<p>  Un cambio de estrategia\u00a0<\/p>\n<p class=\"article-body__text \">\n        Este martes,<strong> La 1 ha emitido \u2018La Revuelta\u2019 alrededor de las 23:00 horas<\/strong>, despu\u00e9s de que se disputaba el encuentro de copa entre los mencionados equipos. Una estrategia que buscaba enganchar a la mayor\u00eda de espectadores que ya estaban viendo el f\u00fatbol.\u00a0\n<\/p>\n<p class=\"article-body__text \">\n        Sin embargo, para este mi\u00e9rcoles, la cadena p\u00fablica, que vivir\u00e1 en directo el derbi entre la <strong>Real Sociedad<\/strong> y el <strong>Athletic, apostar\u00e1 por otro formato de corte gastron\u00f3mico: <\/strong>\u2018<strong>Top Chef: Dulces y Famosos\u2019<\/strong>, dirigido por <strong>Paula V\u00e1zquez.<\/strong>\n<\/p>\n<p class=\"article-body__text \">\n        As\u00ed las cosas, <strong>TVE ha decidido cambiar el rumbo de su programaci\u00f3n al no incluir el programa de David Broncano en su parrilla televisiva para despu\u00e9s del partido de <\/strong><a href=\"https:\/\/www.noticiasdenavarra.com\/tags\/copa-del-rey\/\" title=\"Copa del Rey\" rel=\"nofollow noopener\" target=\"_blank\" class=\"link copy\"><strong>Copa del Rey<\/strong><\/a><strong>,<\/strong> en un intento de alternar sus contenidos y probar a enganchar a la audiencia .\u00a0\n<\/p>\n<p>            <a href=\"https:\/\/www.noticiasdenavarra.com\/television\/2026\/03\/04\/la-revuelta-sorprende-emitiendo-una-de-las-entregas-secretas-programa-david-broncano-10777149.html\" title=\"&#039;La Revuelta&#039; sorprende emitiendo una de las entregas secretas del programa de David Broncano: &quot;\u00bfEl p\u00fablico sabe...?&quot;\" class=\"new__media\" rel=\"nofollow noopener\" target=\"_blank\"><\/p>\n<p>                <img alt=\"'La Revuelta' sorprende emitiendo una de las entregas secretas del programa de David Broncano: &quot;\u00bfEl p\u00fablico sabe...?&quot;\" data-src=\"https:\/\/www.europesays.com\/es\/wp-content\/uploads\/2026\/03\/a8cc92ab-1c5a-4129-b05a-928c0f4040df_16-9-aspect-ratio_default_0_x792y205.jpg\" class=\"lozad\"\/><\/p>\n<p>        <\/a><\/p>\n<p>        <a href=\"https:\/\/www.noticiasdenavarra.com\/television\/2026\/03\/04\/la-revuelta-sorprende-emitiendo-una-de-las-entregas-secretas-programa-david-broncano-10777149.html\" title=\"&#039;La Revuelta&#039; sorprende emitiendo una de las entregas secretas del programa de David Broncano: &quot;\u00bfEl p\u00fablico sabe...?&quot;\" class=\"new__headline\" rel=\"nofollow noopener\" target=\"_blank\"><br \/>\n            &#8216;La Revuelta&#8217; sorprende emitiendo una de las entregas secretas del programa de David Broncano: \u00ab\u00bfEl p\u00fablico sabe&#8230;?\u00bb<br \/>\n        <\/a><\/p>\n<p>  El horario, factor clave<\/p>\n<p class=\"article-body__text \">\n        No obstante, cabe a\u00f1adir que podr\u00eda haber algunos cambios en <a href=\"https:\/\/www.noticiasdenavarra.com\/tags\/la-1\/\" title=\"La 1\" rel=\"nofollow noopener\" target=\"_blank\" class=\"link copy\"><strong>La 1<\/strong><\/a>. <strong>Si bien el espacio culinario tiene previsto empezar a las 23:00 horas, todo depender\u00e1 del transcurso del partido<\/strong>. Es decir, si se resuelve mediante pr\u00f3rroga o tanda de penaltis, algo que retrasar\u00eda su emisi\u00f3n.\u00a0\n<\/p>\n<p class=\"article-body__text \">\n        Un hecho que podr\u00eda perjudicar a <strong>\u2018Top Chef: Dulces y Famosos\u2019, pues se podr\u00eda alargarse durante dos horas y media<\/strong> y terminar hasta bien entrada la madrugada. A diferencia de \u2018La Revuelta\u2019, no tiene un ritmo tan din\u00e1mico.\n<\/p>\n<p class=\"article-body__text \">\n        Eso s\u00ed, de cara a ma\u00f1ana, jueves 5 de marzo, <strong>parece ser que el espacio de David Broncano volver\u00e1 a emitirse en su horario habitual, a las 21:45 horas<\/strong>, para despu\u00e9s seguir con \u2018Al margen de todo\u2019 a las 23:00 horas, presentado por Dani Rovira.\u00a0\n<\/p>\n<p class=\"article-photo__footer\">\n            Las redes dictan sentencia al estreno de &#8216;Top Chef: Dulces y Famosos&#8217;            X        <\/p>\n<p>  Un formato con \u00e9xito a nivel mundial\u00a0<\/p>\n<p class=\"article-body__text \">\n        <a href=\"https:\/\/www.noticiasdenavarra.com\/television\/2026\/02\/16\/redes-dictan-sentencia-estreno-top-chef-dulces-famosos-10705784.html\" title=\"\u2018Top Chef: dulces y famosos\u2019\" rel=\"nofollow noopener\" target=\"_blank\" class=\"link copy\"><strong>\u2018Top Chef: dulces y famosos\u2019<\/strong><\/a><strong> <\/strong>es la versi\u00f3n de TVE del programa culinario de \u00e9xito internacional <strong>\u2018Top Chef VIP Just Desserts\u2019. <\/strong>Seg\u00fan se\u00f1alan desde TVE, es producida por <strong>Magical Elves Productions y fue estrenada en el canal Bravo en 2006,<\/strong> y ha llegado a ganar dos premios Emmy. A estas alturas, acumula m\u00e1s de 20 temporadas con m\u00e1s de 100 chefs de prestigio y ha sido copiado en pa\u00edses de todo el mundo.\u00a0\n<\/p>\n<p class=\"article-body__text \">\n        Adem\u00e1s, este programa es licenciado por <strong>NBC Universal Formats<\/strong>, una divisi\u00f3n de <strong>Universal Studio Group,<\/strong> y su \u00e9xito le ha llevado a emitir 30 adaptaciones internacionales hasta la fecha y muchos spin-offs: <strong>\u2018Top Chef VIP\u2019<\/strong>, con tres temporadas en Chile y cuatro de su versi\u00f3n en espa\u00f1ol en Telemundo;<strong> \u2018Top Chef Junior\u2019 en Panam\u00e1; y ahora \u2018Top Chef VIP: Just Desserts\u2019 como \u2018Top Chef, Dulces y famosos\u2019.<\/strong><\/p>\n","protected":false},"excerpt":{"rendered":"\u2018La Revuelta\u2019 es uno de los formatos televisivos m\u00e1s destacados de la franja del \u2018prime time\u2019 a lo&hellip;\n","protected":false},"author":2,"featured_media":389406,"comment_status":"","ping_status":"","sticky":false,"template":"","format":"standard","meta":{"footnotes":""},"categories":[171],"tags":[7556,1941,146,147,25,24,319,9037,1783,8485,528,23,214,3156],"class_list":["post-428378","post","type-post","status-publish","format-standard","has-post-thumbnail","category-tv","tag-cambio","tag-copa-del-rey","tag-entertainment","tag-entretenimiento","tag-es","tag-espana","tag-horario","tag-inesperado","tag-la","tag-programacion","tag-revuelta","tag-spain","tag-tv","tag-tve"],"share_on_mastodon":{"url":"https:\/\/pubeurope.com\/@es\/116170725026472632","error":""},"_links":{"self":[{"href":"https:\/\/www.europesays.com\/es\/wp-json\/wp\/v2\/posts\/428378","targetHints":{"allow":["GET"]}}],"collection":[{"href":"https:\/\/www.europesays.com\/es\/wp-json\/wp\/v2\/posts"}],"about":[{"href":"https:\/\/www.europesays.com\/es\/wp-json\/wp\/v2\/types\/post"}],"author":[{"embeddable":true,"href":"https:\/\/www.europesays.com\/es\/wp-json\/wp\/v2\/users\/2"}],"replies":[{"embeddable":true,"href":"https:\/\/www.europesays.com\/es\/wp-json\/wp\/v2\/comments?post=428378"}],"version-history":[{"count":0,"href":"https:\/\/www.europesays.com\/es\/wp-json\/wp\/v2\/posts\/428378\/revisions"}],"wp:featuredmedia":[{"embeddable":true,"href":"https:\/\/www.europesays.com\/es\/wp-json\/wp\/v2\/media\/389406"}],"wp:attachment":[{"href":"https:\/\/www.europesays.com\/es\/wp-json\/wp\/v2\/media?parent=428378"}],"wp:term":[{"taxonomy":"category","embeddable":true,"href":"https:\/\/www.europesays.com\/es\/wp-json\/wp\/v2\/categories?post=428378"},{"taxonomy":"post_tag","embeddable":true,"href":"https:\/\/www.europesays.com\/es\/wp-json\/wp\/v2\/tags?post=428378"}],"curies":[{"name":"wp","href":"https:\/\/api.w.org\/{rel}","templated":true}]}}