{"id":428899,"date":"2026-03-04T17:50:11","date_gmt":"2026-03-04T17:50:11","guid":{"rendered":"https:\/\/www.europesays.com\/es\/428899\/"},"modified":"2026-03-04T17:50:11","modified_gmt":"2026-03-04T17:50:11","slug":"el-celta-busca-desesperadamente-la-camiseta-que-la-reina-del-pop-vistio-en-balaidos-en-1990","status":"publish","type":"post","link":"https:\/\/www.europesays.com\/es\/428899\/","title":{"rendered":"el Celta busca desesperadamente la camiseta que la reina del pop visti\u00f3 en Bala\u00eddos en 1990"},"content":{"rendered":"<p class=\"article-text\">\n        El 29 de julio de 1990 Galicia se parti\u00f3 en dos como pocas veces ha sucedido. Aquella noche actuaban, al mismo tiempo, Prince en el Estadio de Riazor de A Coru\u00f1a y Madonna en Vigo, en el de Bala\u00eddos, en uno de los \u00faltimos conciertos de su gira Blond Ambition. La cita dej\u00f3 una imagen que sigue siendo ic\u00f3nica casi cuatro d\u00e9cadas despues: la de la reina del pop vistiendo la camiseta celeste con el n\u00famero 5 a la espalda, el que portaba el fallecido Jos\u00e9 Manuel Espinosa. Una camiseta que forma parte de la historia del Celta y que, desde entonces, permanece en \u201cparadero desconocido\u201d. El club vigu\u00e9s ha puesto en marcha una campa\u00f1a para recuperarla en la quieren involucrar, incluso, a la propia cantante.\n    <\/p>\n<p>    <a href=\"https:\/\/www.eldiario.es\/galicia\/c-tangana-abraza-tradicion-panderetas-esperado-himno-celta_1_10358541.html\" data-mrf-recirculation=\"saber-mas\" data-dl-event=\"saber-mas\" rel=\"nofollow noopener\" target=\"_blank\"><\/p>\n<p class=\"know-more__title\">C. Tangana se abraza a la tradici\u00f3n y las panderetas en su esperado himno para el centenario del Celta<\/p>\n<p>            <img decoding=\"async\" class=\"lazy\" loading=\"lazy\" data-src=\"https:\/\/static.eldiario.es\/clip\/7d5da372-e72b-4bb0-a7e2-9e58fc3ec781_16-9-aspect-ratio_default_0_x2414y1580.jpg\" src=\"data:image\/svg+xml,%3Csvg xmlns=\" http:=\"\" viewbox=\"0 0 880 495\" alt=\"C. Tangana se abraza a la tradici\u00f3n y las panderetas en su esperado himno para el centenario del Celta\"\/><\/p>\n<p>                        <\/a><\/p>\n<p class=\"article-text\">\n        Cinco a\u00f1os antes de aquel concierto, en su primer gran momento de fama, Madonna hab\u00eda coprotagonizado Buscando a Susan desesperadamente, y as\u00ed parece estar siendo tambi\u00e9n el rastreo de la prenda, que el club llev\u00f3 a cabo en silencio durante a\u00f1os antes de hacerlo p\u00fablico. Tanto que \u2013tras habilitar <a href=\"https:\/\/rccelta.typeform.com\/camiseta1990?typeform-source=rccelta.es\" data-mrf-recirculation=\"links-noticia\" class=\"link\" target=\"_blank\" rel=\"nofollow noopener\">un enlace<\/a> donde recoger cualquier informaci\u00f3n relacionada con la camiseta\u2013 y con el objetivo de \u201cagotar todas las v\u00edas de investigaci\u00f3n\u201d, la presidenta del Celta ha enviado una carta abierta a la artista que suena casi como una plegaria (Like a prayer, vamos):\n    <\/p>\n<p class=\"article-text\">\n        \u201cBenquerida Madonna\u201d, comienza una misiva escrita en gallego en la que Mari\u00e1n Mouri\u00f1o le pide ayuda. \u201cTu imagen con nuestra camiseta se convirti\u00f3 en un mito y forma parte de esa historia del Celta que tambi\u00e9n se escribe fuera del terreno de juego\u201d. Para Mouri\u00f1o no fue una simple an\u00e9cdota, sino una estampa que \u201ccomenz\u00f3 a brillar de otra manera con el paso de los a\u00f1os\u201d.\n    <\/p>\n<blockquote class=\"twitter-tweet\" data-lang=\"es\"><p><a href=\"https:\/\/twitter.com\/X\/status\/2029138907023958397?ref_src=twsrc%5Etfw\" rel=\"nofollow noopener\" target=\"_blank\"><\/p><\/blockquote>\n<p class=\"article-text\">\n        \u201cEntendemos mejor lo que defend\u00edas entonces: cuestionar lo establecido y hacer frente a quien pretende decirte lo que puedes o no puedes hacer. En el club que preside nos reconocemos en esa manera de estar en el mundo\u201d y por eso tienen la \u201cilusi\u00f3n\u201d de encontrar la camiseta. \u201cEsta b\u00fasqueda no es un capricho; es un acto de memoria, es patrimonio emocional de nuestro club\u201d.\n    <\/p>\n<p class=\"article-text\">\n        La presidenta del Celta le adelanta adem\u00e1s el \u201cgesto\u201d que le dedicar\u00e1n desde Bala\u00eddos este viernes 6 de marzo, en uno de esos momentos que se est\u00e1n volviendo m\u00e1gicos en Bala\u00eddos: la previa de cada partido, donde uno puede encontrarse la actuaci\u00f3n de artistas como Mondra o Fillas de Cassandra o una exaltaci\u00f3n del entroido (carnaval) gallego.\n    <\/p>\n<p>    <a href=\"https:\/\/www.eldiario.es\/galicia\/borja-iglesias-jugador-pelea-dientes-futbol-motor-cambio-social_1_12918380.html\" data-mrf-recirculation=\"saber-mas-abajo\" data-dl-event=\"saber-mas-abajo\" rel=\"nofollow noopener\" target=\"_blank\"><\/p>\n<p class=\"know-more__title\">Borja Iglesias, el jugador que pelea con u\u00f1as y dientes para hacer del f\u00fatbol un motor de cambio social<\/p>\n<p>            <img decoding=\"async\" class=\"lazy\" loading=\"lazy\" data-src=\"https:\/\/static.eldiario.es\/clip\/09c0abf0-eab2-4d68-8ae2-1ff2bdf52757_16-9-aspect-ratio_default_0.jpg\" src=\"data:image\/svg+xml,%3Csvg xmlns=\" http:=\"\" viewbox=\"0 0 880 495\" alt=\"Borja Iglesias, el jugador que pelea con u\u00f1as y dientes para hacer del f\u00fatbol un motor de cambio social\"\/><\/p>\n<p>                        <\/a><\/p>\n<p class=\"article-text\">\n        Esta vez, no espera un rival cualquiera, sino todo un Real Madrid. Justo antes de ese choque, a Madonna le preguntar\u00e1n \u201ccon cari\u00f1o\u201d desde el estadio: \u201cTela ti?\u201d (\u201c\u00bfLa tienes t\u00fa?\u201d). Antes de despedirse \u201ccon admiraci\u00f3n\u201d, Mouri\u00f1o lanza una \u00faltima petici\u00f3n en su carta abierta: \u201cSi sabes d\u00f3nde puede estar o quieres ayudarnos, por favor, contacta por mensaje privado\u201d. \u00bfHabr\u00e1 respuesta? S\u00f3lo quedan dos d\u00edas para el acontecimiento pero, ya se sabe: Time goes by so slowly&#8230;\n    <\/p>\n<p>                                        <script async src=\"https:\/\/platform.twitter.com\/widgets.js\" charset=\"utf-8\"><\/script><\/p>\n","protected":false},"excerpt":{"rendered":"El 29 de julio de 1990 Galicia se parti\u00f3 en dos como pocas veces ha sucedido. Aquella noche&hellip;\n","protected":false},"author":2,"featured_media":428900,"comment_status":"","ping_status":"","sticky":false,"template":"","format":"standard","meta":{"footnotes":""},"categories":[170],"tags":[517,1705,146,147,25,24,816,7386,7318,184,185,10,1925,7387,1146,23],"class_list":["post-428899","post","type-post","status-publish","format-standard","has-post-thumbnail","category-musica","tag-actualidad","tag-analisis","tag-entertainment","tag-entretenimiento","tag-es","tag-espana","tag-galicia","tag-la-coruna","tag-lugo","tag-music","tag-musica","tag-noticias","tag-opinion","tag-orense","tag-pontevedra","tag-spain"],"share_on_mastodon":{"url":"https:\/\/pubeurope.com\/@es\/116172175880136117","error":""},"_links":{"self":[{"href":"https:\/\/www.europesays.com\/es\/wp-json\/wp\/v2\/posts\/428899","targetHints":{"allow":["GET"]}}],"collection":[{"href":"https:\/\/www.europesays.com\/es\/wp-json\/wp\/v2\/posts"}],"about":[{"href":"https:\/\/www.europesays.com\/es\/wp-json\/wp\/v2\/types\/post"}],"author":[{"embeddable":true,"href":"https:\/\/www.europesays.com\/es\/wp-json\/wp\/v2\/users\/2"}],"replies":[{"embeddable":true,"href":"https:\/\/www.europesays.com\/es\/wp-json\/wp\/v2\/comments?post=428899"}],"version-history":[{"count":0,"href":"https:\/\/www.europesays.com\/es\/wp-json\/wp\/v2\/posts\/428899\/revisions"}],"wp:featuredmedia":[{"embeddable":true,"href":"https:\/\/www.europesays.com\/es\/wp-json\/wp\/v2\/media\/428900"}],"wp:attachment":[{"href":"https:\/\/www.europesays.com\/es\/wp-json\/wp\/v2\/media?parent=428899"}],"wp:term":[{"taxonomy":"category","embeddable":true,"href":"https:\/\/www.europesays.com\/es\/wp-json\/wp\/v2\/categories?post=428899"},{"taxonomy":"post_tag","embeddable":true,"href":"https:\/\/www.europesays.com\/es\/wp-json\/wp\/v2\/tags?post=428899"}],"curies":[{"name":"wp","href":"https:\/\/api.w.org\/{rel}","templated":true}]}}