{"id":428997,"date":"2026-03-04T19:00:11","date_gmt":"2026-03-04T19:00:11","guid":{"rendered":"https:\/\/www.europesays.com\/es\/428997\/"},"modified":"2026-03-04T19:00:11","modified_gmt":"2026-03-04T19:00:11","slug":"hay-que-ver-mas-los-brits","status":"publish","type":"post","link":"https:\/\/www.europesays.com\/es\/428997\/","title":{"rendered":"Hay que ver m\u00e1s los Brits"},"content":{"rendered":"<p>Este fin de semana nos ha sorprendido <a href=\"https:\/\/jenesaispop.com\/2026\/03\/01\/517932\/rosalia-bjork-berghain-brits\/\" rel=\"nofollow noopener\" target=\"_blank\">c\u00f3mo los Brits han acaparado la conversaci\u00f3n social en Espa\u00f1a<\/a>, incluso por encima de los Goya y <a href=\"https:\/\/jenesaispop.com\/2026\/03\/02\/518021\/sanremo-italia-2026\/\" rel=\"nofollow noopener\" target=\"_blank\">de Sanremo<\/a>, que muchos eurofans de nuestro pa\u00eds sol\u00edan seguir a trav\u00e9s de las redes. A los Goya dedicamos unos minutos al principio del cap\u00edtulo de este podcast, pero quiz\u00e1 est\u00e9 claro por qu\u00e9 San Remo ha podido perder popularidad este a\u00f1o en nuestro pa\u00eds (en Italia s\u00ed es obviamente un acontecimiento): Eurovisi\u00f3n definitivamente s\u00ed que ya no va a interesar a nadie.<\/p>\n<p>En nuestro pa\u00eds la primera presentaci\u00f3n en vivo de \u2018Berghain\u2019, que incluy\u00f3 el inesperado retorno de Bj\u00f6rk a la ceremonia, contin\u00faa hoy mi\u00e9rcoles siendo lo m\u00e1s visto de Youtube, con 5 millones de visualizaciones. El doble que la actuaci\u00f3n de Harry Styles en todo el mundo.<\/p>\n<p>Dedicamos el nuevo cap\u00edtulo del podcast REVELACI\u00d3N O TIMO a analizar la actuaci\u00f3n de Rosal\u00eda, tambi\u00e9n su premio como mejor artista internacional superando a Bad Bunny o Taylor Swift; o la no tan rotunda campa\u00f1a del nuevo disco de Harry Styles, as\u00ed como otros momentos de la ceremonia memorables. De Mark Ronson a Wolf Alice.<\/p>\n<p>Pero tambi\u00e9n dedicamos esta hora de charla a destacar otros momentos hist\u00f3ricos que ha dejado esta gala de los Brits que empez\u00f3 en 1977 para celebrar los 25 A\u00f1os de Jubileo de la Reina de Inglaterra, y que no se regulariz\u00f3 hasta 1982.<\/p>\n<p>Hablar de los Brits es hablar del paso que por ella tuvieron los Reyes del Pop, Kylie Minogue en diferentes galas, o matrimonios tan improbables como el de Bj\u00f6rk con PJ Harvey, o Rihanna con Klaxons. \u00a1Esperamos vuestras impresiones!<\/p>\n","protected":false},"excerpt":{"rendered":"Este fin de semana nos ha sorprendido c\u00f3mo los Brits han acaparado la conversaci\u00f3n social en Espa\u00f1a, incluso&hellip;\n","protected":false},"author":2,"featured_media":428998,"comment_status":"","ping_status":"","sticky":false,"template":"","format":"standard","meta":{"footnotes":""},"categories":[170],"tags":[48806,90365,146,147,25,24,91004,15547,186,184,185,60480,41744,4147,23],"class_list":["post-428997","post","type-post","status-publish","format-standard","has-post-thumbnail","category-musica","tag-bjork","tag-brits","tag-entertainment","tag-entretenimiento","tag-es","tag-espana","tag-klaxons","tag-madonna","tag-michael-jackson","tag-music","tag-musica","tag-pet-shop-boys","tag-rihanna","tag-rosalia","tag-spain"],"share_on_mastodon":{"url":"https:\/\/pubeurope.com\/@es\/116172451226817642","error":""},"_links":{"self":[{"href":"https:\/\/www.europesays.com\/es\/wp-json\/wp\/v2\/posts\/428997","targetHints":{"allow":["GET"]}}],"collection":[{"href":"https:\/\/www.europesays.com\/es\/wp-json\/wp\/v2\/posts"}],"about":[{"href":"https:\/\/www.europesays.com\/es\/wp-json\/wp\/v2\/types\/post"}],"author":[{"embeddable":true,"href":"https:\/\/www.europesays.com\/es\/wp-json\/wp\/v2\/users\/2"}],"replies":[{"embeddable":true,"href":"https:\/\/www.europesays.com\/es\/wp-json\/wp\/v2\/comments?post=428997"}],"version-history":[{"count":0,"href":"https:\/\/www.europesays.com\/es\/wp-json\/wp\/v2\/posts\/428997\/revisions"}],"wp:featuredmedia":[{"embeddable":true,"href":"https:\/\/www.europesays.com\/es\/wp-json\/wp\/v2\/media\/428998"}],"wp:attachment":[{"href":"https:\/\/www.europesays.com\/es\/wp-json\/wp\/v2\/media?parent=428997"}],"wp:term":[{"taxonomy":"category","embeddable":true,"href":"https:\/\/www.europesays.com\/es\/wp-json\/wp\/v2\/categories?post=428997"},{"taxonomy":"post_tag","embeddable":true,"href":"https:\/\/www.europesays.com\/es\/wp-json\/wp\/v2\/tags?post=428997"}],"curies":[{"name":"wp","href":"https:\/\/api.w.org\/{rel}","templated":true}]}}