{"id":429311,"date":"2026-03-04T22:47:14","date_gmt":"2026-03-04T22:47:14","guid":{"rendered":"https:\/\/www.europesays.com\/es\/429311\/"},"modified":"2026-03-04T22:47:14","modified_gmt":"2026-03-04T22:47:14","slug":"pablopablo-abrira-este-mes-art-music-en-el-guggenheim-bilbao","status":"publish","type":"post","link":"https:\/\/www.europesays.com\/es\/429311\/","title":{"rendered":"pablopablo abrir\u00e1 este mes Art &#038; Music en el Guggenheim Bilbao"},"content":{"rendered":"<p>\n        <strong>pablopablo<\/strong> abrir\u00e1 el pr\u00f3ximo\u00a0<strong>s\u00e1bado 14 de marzo<\/strong>\u00a0la nueva edici\u00f3n primaveral de\u00a0<strong>Art &amp; Music del\u00a0Museo <\/strong><a href=\"https:\/\/www.deia.eus\/cultura\/2025\/12\/04\/naturaleza-toma-guggenheim-bilbao-10434485.html\" title=\"Guggenheim\" class=\"link copy\" rel=\"nofollow noopener\" target=\"_blank\"><strong>Guggenheim<\/strong><\/a><strong> <\/strong><a href=\"https:\/\/www.deia.eus\/tags\/bilbao\/\" title=\"Bilbao\" class=\"link copy\" rel=\"nofollow noopener\" target=\"_blank\"><strong>Bilbao<\/strong><\/a><strong> que combina m\u00fasica en directo, arquitectura y arte contempor\u00e1neo<\/strong> en un formato exclusivo en el Atrio del museo.<strong>\u00a0El artista\u00a0madrile\u00f1o se ha consolidado como una de las voces m\u00e1s personales del nuevo pop espa\u00f1ol, <\/strong>gracias a su propuesta elegante y emocional. Con el patrocinio de Kutxabank y la programaci\u00f3n musical de Last Tour, el ciclo reafirma su vocaci\u00f3n de conectar disciplinas y emociones a trav\u00e9s de experiencias irrepetibles.\u00a0\n<\/p>\n<p class=\"article-body__text \">\n         <strong>Este continuar\u00e1 con\u00a0la leyenda viva del <\/strong><strong>desert blues<\/strong><strong> Tinariwen, el s\u00e1bado 11 de abril, y se cerrar\u00e1\u00a0el s\u00e1bado 9 de mayo de la mano de\u00a0Lewis OfMan, referente del pop electr\u00f3nico franc\u00e9s<\/strong>, con un sonido hedonista y melanc\u00f3lico que lo ha convertido en uno de los nombres m\u00e1s destacados de su generaci\u00f3n.\n<\/p>\n<p class=\"article-body__text \">\n         El programa Art &amp; Music permite a los asistentes a los conciertos visitar las exposiciones <strong>desde las 20.30 horas, antes de que comiencen las actuaciones a las 22.00h, y hacer uso del servicio de bar que el Museo habilita en el mismo Atrio con bebidas y pintxos<\/strong> (consumiciones no incluidas en el precio de la entrada).\n<\/p>\n<p class=\"article-body__text \">\n        <strong> En el caso de pablopablo el precio de la entrada es de 27\u20ac para los Amigos del Museo y de 30\u20ac <\/strong>para el p\u00fablico general, mientras que para los conciertos de<strong> Tinariwen y de Lewis OfMan el precio es de 31,5\u20ac<\/strong> para los Amigos del Museo y de 35\u20ac para el p\u00fablico general. Las entradas se reservan en el apartado de actividades de la web del Museo y est\u00e1n ya a la venta:<\/p>\n","protected":false},"excerpt":{"rendered":"pablopablo abrir\u00e1 el pr\u00f3ximo\u00a0s\u00e1bado 14 de marzo\u00a0la nueva edici\u00f3n primaveral de\u00a0Art &amp; Music del\u00a0Museo Guggenheim Bilbao que combina&hellip;\n","protected":false},"author":2,"featured_media":429312,"comment_status":"","ping_status":"","sticky":false,"template":"","format":"standard","meta":{"footnotes":""},"categories":[173],"tags":[12624,15073,229,233,231,230,232,234,146,147,25,24,1970,184,91059,23],"class_list":["post-429311","post","type-post","status-publish","format-standard","has-post-thumbnail","category-arte-y-diseno","tag-abrira","tag-art","tag-arte","tag-arte-y-diseno","tag-arts","tag-arts-and-design","tag-design","tag-diseno","tag-entertainment","tag-entretenimiento","tag-es","tag-espana","tag-mes","tag-music","tag-pablopablo","tag-spain"],"share_on_mastodon":{"url":"https:\/\/pubeurope.com\/@es\/116173343476593946","error":""},"_links":{"self":[{"href":"https:\/\/www.europesays.com\/es\/wp-json\/wp\/v2\/posts\/429311","targetHints":{"allow":["GET"]}}],"collection":[{"href":"https:\/\/www.europesays.com\/es\/wp-json\/wp\/v2\/posts"}],"about":[{"href":"https:\/\/www.europesays.com\/es\/wp-json\/wp\/v2\/types\/post"}],"author":[{"embeddable":true,"href":"https:\/\/www.europesays.com\/es\/wp-json\/wp\/v2\/users\/2"}],"replies":[{"embeddable":true,"href":"https:\/\/www.europesays.com\/es\/wp-json\/wp\/v2\/comments?post=429311"}],"version-history":[{"count":0,"href":"https:\/\/www.europesays.com\/es\/wp-json\/wp\/v2\/posts\/429311\/revisions"}],"wp:featuredmedia":[{"embeddable":true,"href":"https:\/\/www.europesays.com\/es\/wp-json\/wp\/v2\/media\/429312"}],"wp:attachment":[{"href":"https:\/\/www.europesays.com\/es\/wp-json\/wp\/v2\/media?parent=429311"}],"wp:term":[{"taxonomy":"category","embeddable":true,"href":"https:\/\/www.europesays.com\/es\/wp-json\/wp\/v2\/categories?post=429311"},{"taxonomy":"post_tag","embeddable":true,"href":"https:\/\/www.europesays.com\/es\/wp-json\/wp\/v2\/tags?post=429311"}],"curies":[{"name":"wp","href":"https:\/\/api.w.org\/{rel}","templated":true}]}}