{"id":429736,"date":"2026-03-05T04:49:10","date_gmt":"2026-03-05T04:49:10","guid":{"rendered":"https:\/\/www.europesays.com\/es\/429736\/"},"modified":"2026-03-05T04:49:10","modified_gmt":"2026-03-05T04:49:10","slug":"espero-que-rahm-este-a-nuestra-disposicion-dice-luke-donald-reelegido-capitan-de-la-ryder-para-irlanda-2027","status":"publish","type":"post","link":"https:\/\/www.europesays.com\/es\/429736\/","title":{"rendered":"\u00abEspero que Rahm est\u00e9 a nuestra disposici\u00f3n\u00bb, dice Luke Donald, reelegido capit\u00e1n de la Ryder para Irlanda 2027"},"content":{"rendered":"<p>Los \u00e9xitos en Roma 2023 y Nueva York 2025 han llevado al equipo europeo de la Ryder a repetir la f\u00f3rmula y confiar al ingl\u00e9s  &#8230; Luke Donald la capitan\u00eda para Irlanda 2027, la edici\u00f3n del centenario que se celebrar\u00e1 en el espectacular complejo de Adare Manor, en la localidad de Limerick. De esta forma, el brit\u00e1nico buscar\u00e1 lo que no ha conseguido nadie en la historia de la competici\u00f3n \u2013tanto Europa como Estados Unidos\u2013: ganar como capit\u00e1n tres veces seguidas. La decisi\u00f3n, esperada por ambas partes, se ha hecho oficial este mi\u00e9rcoles.<\/p>\n<p class=\"v-p\">\u00abHe disfrutado much\u00edsimo la experiencia de ser capit\u00e1n. Tener la oportunidad de hacerlo por tercera vez era algo a lo que no pod\u00eda decir que no. Esto es un nuevo reto: nueva estrategia, nuevo campo, y seguramente habr\u00e1 jugadores nuevos. Cada Ryder Cup ofrece estrategias y formas diferentes de afrontarla\u00bb, expres\u00f3 Donald en una comparecencia ante los medios de comunicaci\u00f3n. El de Hertfordshire confes\u00f3 que sus jugadores quer\u00edan que repitirera en el cargo. \u00abEstaban d\u00e1ndome la lata la semana despu\u00e9s de Nueva York. Est\u00e1bamos celebr\u00e1ndolo con unas copas de vino y ya estaban insistiendo, y yo intentaba apartarlo y disfrutar el momento\u00bb.<\/p>\n<p>Rahm, \u00abplan y esperanza\u00bb<\/p>\n<p class=\"v-p\">Uno de los grandes temas en la rueda de prensa fue la situaci\u00f3n de Jon Rahm. \u00abTodav\u00eda no he hablado con Jon, pero obviamente lo har\u00e9 para saber lo que piensa. Tenemos una gran relaci\u00f3n y ha sido un compa\u00f1ero y un jugador extraordinario para m\u00ed en las dos \u00faltimas Ryder Cups. S\u00e9 que tiene sus propias razones, pero tengo ganas de ponerme al d\u00eda con \u00e9l y espero de verdad que est\u00e9 a nuestra disposici\u00f3n. Queda tiempo de sobra. Mi plan y mi esperanza es que pueda contar con Jon para el equipo\u00bb, desliz\u00f3 Donald sobre el vizca\u00edno, clave en las \u00faltimas conquistas de la Ryder.<\/p>\n<blockquote class=\"twitter-tweet\">\n<p lang=\"en\" dir=\"ltr\">Truly a privilege to go again. With Adare Manor hosting and the 100th Anniversary of the Ryder Cup, it is going to be a very special week<br \/>Let\u2019s go! \ud83c\uddea\ud83c\uddfa\ud83c\uddee\ud83c\uddea <a href=\"https:\/\/t.co\/k0cRVf2bgc\" rel=\"nofollow\">pic.twitter.com\/k0cRVf2bgc<\/a><\/p>\n<p>\u2014 Luke Donald (@LukeDonald) <a href=\"https:\/\/twitter.com\/LukeDonald\/status\/2029180109291237847?ref_src=twsrc%5Etfw\" rel=\"nofollow noopener\" target=\"_blank\">March 4, 2026<\/a><\/p><\/blockquote>\n<p class=\"v-p\">El de Barrika no tiene garantizada su plaza en la edici\u00f3n de 2027. Deber\u00e1 primero solucionar sus diferencias con el circuito europeo. Se espera que en el pr\u00f3ximo mes la Justicia dictamine en qu\u00e9 situaci\u00f3n queda Rahm, que debe afrontar una multa de tres millones de euros para seguir como miembro del DP World Tour y as\u00ed poder ser elegible para la Ryder. Hasta ahora el vizca\u00edno ha pedido una cautelar para poder seguir siendo miembro. No tiene intenci\u00f3n de pagar porque considera injusta la medida.<\/p>\n<p><script async src=\"https:\/\/platform.twitter.com\/widgets.js\" charset=\"utf-8\"><\/script><\/p>\n","protected":false},"excerpt":{"rendered":"Los \u00e9xitos en Roma 2023 y Nueva York 2025 han llevado al equipo europeo de la Ryder a&hellip;\n","protected":false},"author":2,"featured_media":429737,"comment_status":"","ping_status":"","sticky":false,"template":"","format":"standard","meta":{"footnotes":""},"categories":[275],"tags":[15609,8898,168,6727,43694,12069,25,24,12694,329,2908,35952,330,91138,2229,23,167],"class_list":["post-429736","post","type-post","status-publish","format-standard","has-post-thumbnail","category-golf","tag-15609","tag-capitan","tag-deportes","tag-dice","tag-disposicion","tag-donald","tag-es","tag-espana","tag-espero","tag-golf","tag-irlanda","tag-luke","tag-rahm","tag-reelegido","tag-ryder","tag-spain","tag-sports"],"share_on_mastodon":{"url":"https:\/\/pubeurope.com\/@es\/116174767031289263","error":""},"_links":{"self":[{"href":"https:\/\/www.europesays.com\/es\/wp-json\/wp\/v2\/posts\/429736","targetHints":{"allow":["GET"]}}],"collection":[{"href":"https:\/\/www.europesays.com\/es\/wp-json\/wp\/v2\/posts"}],"about":[{"href":"https:\/\/www.europesays.com\/es\/wp-json\/wp\/v2\/types\/post"}],"author":[{"embeddable":true,"href":"https:\/\/www.europesays.com\/es\/wp-json\/wp\/v2\/users\/2"}],"replies":[{"embeddable":true,"href":"https:\/\/www.europesays.com\/es\/wp-json\/wp\/v2\/comments?post=429736"}],"version-history":[{"count":0,"href":"https:\/\/www.europesays.com\/es\/wp-json\/wp\/v2\/posts\/429736\/revisions"}],"wp:featuredmedia":[{"embeddable":true,"href":"https:\/\/www.europesays.com\/es\/wp-json\/wp\/v2\/media\/429737"}],"wp:attachment":[{"href":"https:\/\/www.europesays.com\/es\/wp-json\/wp\/v2\/media?parent=429736"}],"wp:term":[{"taxonomy":"category","embeddable":true,"href":"https:\/\/www.europesays.com\/es\/wp-json\/wp\/v2\/categories?post=429736"},{"taxonomy":"post_tag","embeddable":true,"href":"https:\/\/www.europesays.com\/es\/wp-json\/wp\/v2\/tags?post=429736"}],"curies":[{"name":"wp","href":"https:\/\/api.w.org\/{rel}","templated":true}]}}