{"id":429787,"date":"2026-03-05T05:35:09","date_gmt":"2026-03-05T05:35:09","guid":{"rendered":"https:\/\/www.europesays.com\/es\/429787\/"},"modified":"2026-03-05T05:35:09","modified_gmt":"2026-03-05T05:35:09","slug":"jon-rahm-fleta-un-avion-y-rescata-a-los-jugadores-del-liv","status":"publish","type":"post","link":"https:\/\/www.europesays.com\/es\/429787\/","title":{"rendered":"Jon Rahm fleta un avi\u00f3n y rescata a los jugadores del LIV"},"content":{"rendered":"<p>Jon Rahm pag\u00f3 un jet privado para trasladar a varios golfistas del LIV Golf para que llegaran a tiempo a Hong Kong tras el caos a\u00e9reo<img fetchpriority=\"high\" decoding=\"async\" class=\"size-full wp-image-326047\" src=\"https:\/\/www.europesays.com\/es\/wp-content\/uploads\/2026\/03\/LIV-Golf-League-PGA-Tour-Jon-Rahm.jpg\" alt=\"Jon Rahm, LIV Golf Hong Kong, Lee Westwood, Thomas Detry, Anirban Lahiri, Adrian Meronk, Caleb Surratt, Tom McKibbin, Sam Horsfield, \" width=\"1500\" height=\"1000\"  \/>El gesto de Jon Rahm ha sido interpretado como una muestra de liderazgo y compa\u00f1erismo en el circuito<\/p>\n<p style=\"text-align: justify;\">En medio de la tensi\u00f3n geopol\u00edtica que afect\u00f3 al espacio a\u00e9reo del <strong>Golfo P\u00e9rsico<\/strong>, <strong>Jon Rahm<\/strong> protagoniz\u00f3 un gesto que ha dado la vuelta al mundo del golf; flet\u00f3 un <strong>avi\u00f3n privado<\/strong> para trasladar a varios compa\u00f1eros del <strong>LIV Golf<\/strong> que <a style=\"color: #008000;\" href=\"https:\/\/opengolf.es\/actualidad\/hasta-ocho-jugadores-se-encuentran-atrapados-en-dubai-y-ponen-en-riesgo-su-participacion-en-el-liv\/\" rel=\"nofollow noopener\" target=\"_blank\"><strong>hab\u00edan quedado atrapados en Dub\u00e1i<\/strong><\/a> y no pod\u00edan volar hacia Asia.<\/p>\n<p style=\"text-align: justify;\">Las restricciones a\u00e9reas derivadas del conflicto en la regi\u00f3n provocaron la cancelaci\u00f3n de numerosos vuelos comerciales, dejando a varios jugadores sin conexi\u00f3n para disputar el torneo de <strong>LIV Golf Hong Kong<\/strong>. Ante la urgencia del calendario y el riesgo de no llegar a tiempo; Rahm decidi\u00f3 asumir la <strong>iniciativa<\/strong> y costear un <strong>jet privado<\/strong> para facilitar el traslado.<\/p>\n<p style=\"text-align: justify;\">Entre los golfistas que pudieron viajar gracias a esta operaci\u00f3n estuvieron <strong>Tom McKibbin<\/strong> y <strong>Caleb Surratt<\/strong> -ambos de <strong>Legi\u00f3n XIII<\/strong>; equipo capitaneado por el propio <strong>Jon Rahm<\/strong>-. <strong>Lee Westwood<\/strong>, <strong>Thomas Detry<\/strong>, <strong>Anirban Lahiri<\/strong>, <strong>Adrian Meronk<\/strong> y <strong>Sam Horsfield<\/strong>, adem\u00e1s del caddie de Horsfield, <strong>Terry Mundy<\/strong>.<\/p>\n<p style=\"text-align: justify;\">La log\u00edstica no fue sencilla. Los jugadores se desplazaron por carretera desde <strong>Dub\u00e1i hasta la frontera con Om\u00e1n<\/strong>; donde tuvieron que abandonar el veh\u00edculo y caminar algo m\u00e1s de kil\u00f3metro y medio <strong>cargando con sus bolsas y palos<\/strong> hasta un nuevo punto de recogida. Desde all\u00ed fueron trasladados hasta la pista de aterrizaje; donde el avi\u00f3n privado les esperaba para despegar rumbo a <strong>Hong Kong<\/strong>. La operaci\u00f3n permiti\u00f3 que todos llegaran a tiempo para competir este jueves; y evitar una alteraci\u00f3n mayor en el cuadro del torneo.<\/p>\n<p style=\"text-align: justify;\">M\u00e1s all\u00e1 del resultado deportivo, el gesto ha sido interpretado como una muestra de liderazgo y compa\u00f1erismo en el circuito. En un deporte eminentemente individual, Rahm demostr\u00f3 que, cuando la situaci\u00f3n lo exige; el esp\u00edritu de equipo tambi\u00e9n puede despegar a 10.000 metros de altura.<\/p>\n<p style=\"text-align: justify;\"><strong>Puede seguir a OpenGolf en <\/strong><a style=\"color: #008000;\" href=\"https:\/\/www.facebook.com\/opengolfes.es\/\" rel=\"nofollow noopener\" target=\"_blank\"><strong>Facebook<\/strong><\/a><strong>; <\/strong><a style=\"color: #008000;\" href=\"https:\/\/twitter.com\/opengolf_news\" rel=\"nofollow noopener\" target=\"_blank\"><strong>Twitter<\/strong><\/a><strong>; <\/strong><a style=\"color: #008000;\" href=\"https:\/\/www.linkedin.com\/in\/fernando-molina-b1455a14\/\" rel=\"nofollow noopener\" target=\"_blank\"><strong>LinkedIn<\/strong><\/a><strong> y suscribi\u00e9ndose a trav\u00e9s de este enlace a nuestra <\/strong><a style=\"color: #008000;\" href=\"https:\/\/opengolf.es\/newsletters.php\" rel=\"nofollow noopener\" target=\"_blank\"><strong>Newsletter Semanal<\/strong><\/a><\/p>\n<p><script async src=\"https:\/\/platform.twitter.com\/widgets.js\" charset=\"utf-8\"><\/script><\/p>\n","protected":false},"excerpt":{"rendered":"Jon Rahm pag\u00f3 un jet privado para trasladar a varios golfistas del LIV Golf para que llegaran a&hellip;\n","protected":false},"author":2,"featured_media":429788,"comment_status":"","ping_status":"","sticky":false,"template":"","format":"standard","meta":{"footnotes":""},"categories":[275],"tags":[17721,86989,7244,168,25,24,329,390,17674,17600,91142,23,167,75679,7245],"class_list":["post-429787","post","type-post","status-publish","format-standard","has-post-thumbnail","category-golf","tag-adrian-meronk","tag-anirban-lahiri","tag-caleb-surratt","tag-deportes","tag-es","tag-espana","tag-golf","tag-jon-rahm","tag-lee-westwood","tag-liv-golf-hong-kong","tag-sam-horsfield","tag-spain","tag-sports","tag-thomas-detry","tag-tom-mckibbin"],"share_on_mastodon":{"url":"https:\/\/pubeurope.com\/@es\/116174947949752422","error":""},"_links":{"self":[{"href":"https:\/\/www.europesays.com\/es\/wp-json\/wp\/v2\/posts\/429787","targetHints":{"allow":["GET"]}}],"collection":[{"href":"https:\/\/www.europesays.com\/es\/wp-json\/wp\/v2\/posts"}],"about":[{"href":"https:\/\/www.europesays.com\/es\/wp-json\/wp\/v2\/types\/post"}],"author":[{"embeddable":true,"href":"https:\/\/www.europesays.com\/es\/wp-json\/wp\/v2\/users\/2"}],"replies":[{"embeddable":true,"href":"https:\/\/www.europesays.com\/es\/wp-json\/wp\/v2\/comments?post=429787"}],"version-history":[{"count":0,"href":"https:\/\/www.europesays.com\/es\/wp-json\/wp\/v2\/posts\/429787\/revisions"}],"wp:featuredmedia":[{"embeddable":true,"href":"https:\/\/www.europesays.com\/es\/wp-json\/wp\/v2\/media\/429788"}],"wp:attachment":[{"href":"https:\/\/www.europesays.com\/es\/wp-json\/wp\/v2\/media?parent=429787"}],"wp:term":[{"taxonomy":"category","embeddable":true,"href":"https:\/\/www.europesays.com\/es\/wp-json\/wp\/v2\/categories?post=429787"},{"taxonomy":"post_tag","embeddable":true,"href":"https:\/\/www.europesays.com\/es\/wp-json\/wp\/v2\/tags?post=429787"}],"curies":[{"name":"wp","href":"https:\/\/api.w.org\/{rel}","templated":true}]}}