{"id":430443,"date":"2026-03-05T13:56:12","date_gmt":"2026-03-05T13:56:12","guid":{"rendered":"https:\/\/www.europesays.com\/es\/430443\/"},"modified":"2026-03-05T13:56:12","modified_gmt":"2026-03-05T13:56:12","slug":"estas-si-son-las-enfermedades-por-las-que-la-dgt-no-te-renovara-el-carnet-de-conducir","status":"publish","type":"post","link":"https:\/\/www.europesays.com\/es\/430443\/","title":{"rendered":"estas s\u00ed son las enfermedades por las que la DGT no te renovar\u00e1 el carnet de conducir"},"content":{"rendered":"<p>El listado de\u00a0<strong>enfermedades\u00a0<\/strong>con las que la\u00a0Direcci\u00f3n General de Tr\u00e1fico<strong> (DGT) supuestamente prohibir\u00e1 renovar el carnet,\u00a0<\/strong>incluidas algunas tan comunes como la celiaqu\u00eda o la ansiedad, <strong>no existe <\/strong>ni tiene fundamento. <\/p>\n<p>A pesar de las repetidas informaciones que se replican en las <strong>redes sociales<\/strong>,\u00a0<strong>no hay ning\u00fan cambio<\/strong> previsto para este <strong>2026.<\/strong><\/p>\n<p>Si soy celiaco o diab\u00e9tico, \u00bfpuedo conducir?<\/p>\n<p>Seg\u00fan este bulo, ya muy extendido,\u00a0<strong>el organismo ha elaborado un listado de 35 enfermedades\u00a0<\/strong>que <strong>te\u00f3ricamente impedir\u00edan <\/strong>a la persona que sufra alguna de ellas conseguir el\u00a0<a href=\"https:\/\/motor.elpais.com\/conducir\/se-puede-renovar-el-carnet-de-conducir-antes-de-que-caduque\/\" target=\"_blank\" rel=\"noreferrer noopener nofollow\">permiso de conducci\u00f3n<\/a>\u00a0o mantenerlo en vigor en Espa\u00f1a. De hecho, en <strong>redes sociales abundan v\u00eddeos desinformando,<\/strong> como los de este tipo.<\/p>\n<p>En la citada lista se incluyen\u00a0<strong>afecciones digestivas como la celiaqu\u00eda\u00a0<\/strong>o la enfermedad de Crohn, problemas endocrinos como la\u00a0<strong>diabetes\u00a0<\/strong>o la paratiroides, adem\u00e1s de la ansiedad o el c\u00e1ncer, seg\u00fan recoge la agencia EFE en una nota. Pero<strong>\u00a0este listado no procede de Tr\u00e1fico<\/strong>\u00a0ni tiene base sobre la que sostenerse: las\u00a0<strong>aptitudes psicof\u00edsicas<\/strong>\u00a0requeridas para obtener o renovar el carnet de conducir\u00a0<strong>no han cambiado desde 1997,<\/strong>\u00a0seg\u00fan la\u00a0<a href=\"https:\/\/motor.elpais.com\/conducir\/ojo-con-el-codo-en-la-ventanilla-multa-la-dgt-por-esta-costumbre-veraniega\/\" target=\"_blank\" rel=\"noreferrer noopener nofollow\">DGT<\/a>.<\/p>\n<p>La verdadera lista de la DGT<\/p>\n<p>La <a href=\"https:\/\/motor.elpais.com\/conducir\/renovar-el-carnet-de-conducir-a-los-65-anos-la-dgt-hace-un-reconocimiento-medico-especifico-o-mas-exhaustivo\/\" target=\"_blank\" rel=\"noreferrer noopener nofollow\">DGT<\/a> en su af\u00e1n de minimizar los <strong>accidentes de circulaci\u00f3n <\/strong>y llegar al objetivo marcado por el proyecto internacional <strong>\u2018Visi\u00f3n Cero\u2019<\/strong> que quiere\u00a0lograr un sistema de tr\u00e1nsito <strong>sin muertes o lesiones graves<\/strong> y\u00a0alcanzar en el a\u00f1o 2050 la cifra de\u00a0cero muertes en la carretera,\u00a0ha dado a conocer, entre otras medidas, la <strong>lista <\/strong>con las <strong>afecciones <\/strong>que impiden <a href=\"https:\/\/motor.elpais.com\/conducir\/hasta-que-edad-es-legal-conducir-en-espana\/\" target=\"_blank\" rel=\"noreferrer noopener nofollow\">conducir<\/a>.<\/p>\n<p>La <a href=\"https:\/\/motor.elpais.com\/conducir\/la-dgt-aclara-las-nuevas-obligaciones-para-millones-de-usuarios-de-patinetes-electricos-con-multas-de-hasta-1-000-euros\/\" target=\"_blank\" rel=\"noreferrer noopener nofollow\"><strong>DGT<\/strong><\/a> incide en que este listado, que se divide en <strong>nueve categor\u00edas<\/strong>, est\u00e1 apoyado en <strong>estudios cient\u00edficos<\/strong> que demuestran que cuando los conductores <strong>sufren<\/strong> alguna de estas enfermedades, tienen <strong>mayor riesgo<\/strong> de <a href=\"https:\/\/motor.elpais.com\/actualidad\/vehiculo-con-mas-riesgo-sufrir-accidente\/\" target=\"_blank\" rel=\"noreferrer noopener nofollow\">sufrir un accidente<\/a> que <strong>impiden conducir <\/strong>o <a href=\"https:\/\/motor.elpais.com\/conducir\/se-puede-renovar-el-carnet-de-conducir-antes-de-que-caduque\/\" target=\"_blank\" rel=\"noreferrer noopener nofollow\">renovar el carnet<\/a>. As\u00ed las recoge el club de automovilistas RACE.<\/p>\n<p>1. Enfermedades vasculares<\/p>\n<ul class=\"wp-block-list\">\n<li><strong>Disecci\u00f3n:<\/strong> tras un plazo de seis meses desde la operaci\u00f3n, se podr\u00e1 renovar de 1 a 2 a\u00f1os.<\/li>\n<li><strong>Aneurisma de grandes vasos:<\/strong> en caso de que no exista peligro de rotura de vasos sangu\u00edneos se podr\u00e1 hacer una renovaci\u00f3n de 1 a 10 a\u00f1os.<\/li>\n<\/ul>\n<p>2. Enfermedades cardiacas<\/p>\n<ul class=\"wp-block-list\">\n<li><strong>Arritmias<\/strong>.<\/li>\n<li><strong>Infarto agudo de miocardio:<\/strong> deben haber pasado como m\u00ednimo 6 meses desde que sucedi\u00f3.<\/li>\n<li><strong>Portadores de pr\u00f3tesis valvulares:<\/strong> el mismo caso que con el infarto de miocardio.<\/li>\n<li><strong>Portadores de marcapasos:<\/strong> tres a\u00f1os de vigencia una vez que haya pasado un mes desde la colocaci\u00f3n.<\/li>\n<li><strong>Portadores de desfibrilador autom\u00e1tico:<\/strong> igual que el caso del marcapasos.<\/li>\n<\/ul>\n<p>3. Enfermedades psiqui\u00e1tricas<\/p>\n<p>Si el trastorno es <strong>leve<\/strong> y el paciente cuenta con un <strong>informe m\u00e9dico <\/strong>que as\u00ed lo avale, en el resto de los casos, se estar\u00e1 <strong>incapacitado<\/strong> para conducir si se padece:<\/p>\n<ul class=\"wp-block-list\">\n<li><strong>Demencia y trastorno de ansiedad<\/strong>.<\/li>\n<li><strong>Trastorno de la personalidad<\/strong>.<\/li>\n<li><strong>Depresi\u00f3n<\/strong>.<\/li>\n<li><strong>Trastorno del sue\u00f1o<\/strong>.<\/li>\n<li><strong>Trastorno obsesivo compulsivo<\/strong>.<\/li>\n<li><strong>Trastorno del desarrollo intelectual<\/strong>.<\/li>\n<li><strong>TDH<\/strong>.<\/li>\n<li><strong>Dependencia del alcohol y\/o drogas<\/strong>.<\/li>\n<\/ul>\n<p><img decoding=\"async\" loading=\"lazy\" width=\"2000\" height=\"1100\" src=\"https:\/\/www.europesays.com\/es\/wp-content\/uploads\/2026\/03\/medicamentos-coche-calor.jpg\" alt=\"medicamentos\" class=\"wp-image-318304\"  \/><\/p>\n<p>4. Enfermedades neurol\u00f3gicas<\/p>\n<ul class=\"wp-block-list\">\n<li><strong>Crisis o p\u00e9rdida de conciencia:<\/strong> si ha ocurrido durante el \u00faltimo a\u00f1o, es imposible que se renueve.<\/li>\n<li><strong>Epilepsia:<\/strong> vigencia de 1 a 10 a\u00f1os.<\/li>\n<li><strong>Accidente isqu\u00e9mico transitorio:<\/strong> hasta un a\u00f1o de ampliaci\u00f3n con un informe favorable.<\/li>\n<\/ul>\n<p>5. Enfermedades endocrinas<\/p>\n<ul class=\"wp-block-list\">\n<li><strong>Hipotiroidismo y paratiroides:<\/strong> podr\u00e1 renovarse entre 1 y 10 a\u00f1os.<\/li>\n<li><strong>Diabetes mellitus insulinodependiente:<\/strong> renovaci\u00f3n entre 1 y 5 a\u00f1os.<\/li>\n<\/ul>\n<p>6. Enfermedades digestivas<\/p>\n<ul class=\"wp-block-list\">\n<li><strong>Trasplante renal:<\/strong> deben haber pasado como m\u00ednimo seis meses desde la operaci\u00f3n.<\/li>\n<li><strong>Nefropat\u00eda con di\u00e1lisis:<\/strong> posibilidad de sacar o renovar el permiso de 1 a 10 a\u00f1os.<\/li>\n<\/ul>\n<p>7. Enfermedades respiratorias<\/p>\n<ul class=\"wp-block-list\">\n<li><strong>Apnea del sue\u00f1o:<\/strong> con un informe positivo del m\u00e9dico, ser\u00e1 posible su renovaci\u00f3n durante un per\u00edodo de tres a\u00f1os.<\/li>\n<li><strong>Disnea permanente en reposo o de esfuerzo leve:<\/strong> la prohibici\u00f3n de renovar ser\u00e1 permanente.<\/li>\n<\/ul>\n<p>8. Enfermedades oncol\u00f3gicas<\/p>\n<ul class=\"wp-block-list\">\n<li><strong>Trastornos oncohem\u00e1ticos:<\/strong> no debe haber alteraciones graves. Entonces, se podr\u00e1 renovar durante un a\u00f1o.<\/li>\n<li><strong>Dolencias oncol\u00f3gicas:<\/strong> el individuo debe estar sin ninguna dolencia ni tratamiento para poder renovar el permiso. En dicho caso lograr\u00e1 una renovaci\u00f3n de entre 1 y 5 a\u00f1os.<\/li>\n<\/ul>\n<p>9. Enfermedades cr\u00f3nicas y degenerativas<\/p>\n<p>Todas las siguientes enfermedades <strong>son incompatibles<\/strong> con la conducci\u00f3n.<\/p>\n<ul class=\"wp-block-list\">\n<li><strong>Alzheimer<\/strong>.<\/li>\n<li><strong>Esclerosis lateral amiotr\u00f3fica<\/strong>.<\/li>\n<li><strong>Temblor esencial<\/strong>.<\/li>\n<li><strong>Enfermedad pulmonar obstructiva cr\u00f3nica<\/strong>.<\/li>\n<li><strong>Distrofia muscular<\/strong>.<\/li>\n<li><strong>Osteoporosis<\/strong>.<\/li>\n<li><strong>Parkinson<\/strong>.<\/li>\n<li><strong>Artritis reumatoide<\/strong>.<\/li>\n<\/ul>\n<p><img decoding=\"async\" loading=\"lazy\" width=\"2000\" height=\"1102\" src=\"https:\/\/www.europesays.com\/es\/wp-content\/uploads\/2026\/03\/medicamentos.jpg\" alt=\"medicamentos\" class=\"wp-image-112414\"  \/>Los psicof\u00e1rmacos estuvieron presentes en 50.000 accidentes con v\u00edctimas de 2010 a 2019.<\/p>\n","protected":false},"excerpt":{"rendered":"El listado de\u00a0enfermedades\u00a0con las que la\u00a0Direcci\u00f3n General de Tr\u00e1fico (DGT) supuestamente prohibir\u00e1 renovar el carnet,\u00a0incluidas algunas tan comunes&hellip;\n","protected":false},"author":2,"featured_media":430444,"comment_status":"","ping_status":"","sticky":false,"template":"","format":"standard","meta":{"footnotes":""},"categories":[92],"tags":[23659,47239,814,1293,25,24,165,166,23],"class_list":["post-430443","post","type-post","status-publish","format-standard","has-post-thumbnail","category-salud","tag-bulos","tag-conducir","tag-dgt","tag-enfermedades","tag-es","tag-espana","tag-health","tag-salud","tag-spain"],"share_on_mastodon":{"url":"https:\/\/pubeurope.com\/@es\/116176918003037874","error":""},"_links":{"self":[{"href":"https:\/\/www.europesays.com\/es\/wp-json\/wp\/v2\/posts\/430443","targetHints":{"allow":["GET"]}}],"collection":[{"href":"https:\/\/www.europesays.com\/es\/wp-json\/wp\/v2\/posts"}],"about":[{"href":"https:\/\/www.europesays.com\/es\/wp-json\/wp\/v2\/types\/post"}],"author":[{"embeddable":true,"href":"https:\/\/www.europesays.com\/es\/wp-json\/wp\/v2\/users\/2"}],"replies":[{"embeddable":true,"href":"https:\/\/www.europesays.com\/es\/wp-json\/wp\/v2\/comments?post=430443"}],"version-history":[{"count":0,"href":"https:\/\/www.europesays.com\/es\/wp-json\/wp\/v2\/posts\/430443\/revisions"}],"wp:featuredmedia":[{"embeddable":true,"href":"https:\/\/www.europesays.com\/es\/wp-json\/wp\/v2\/media\/430444"}],"wp:attachment":[{"href":"https:\/\/www.europesays.com\/es\/wp-json\/wp\/v2\/media?parent=430443"}],"wp:term":[{"taxonomy":"category","embeddable":true,"href":"https:\/\/www.europesays.com\/es\/wp-json\/wp\/v2\/categories?post=430443"},{"taxonomy":"post_tag","embeddable":true,"href":"https:\/\/www.europesays.com\/es\/wp-json\/wp\/v2\/tags?post=430443"}],"curies":[{"name":"wp","href":"https:\/\/api.w.org\/{rel}","templated":true}]}}