{"id":43085,"date":"2025-08-12T18:35:14","date_gmt":"2025-08-12T18:35:14","guid":{"rendered":"https:\/\/www.europesays.com\/es\/43085\/"},"modified":"2025-08-12T18:35:14","modified_gmt":"2025-08-12T18:35:14","slug":"los-mejores-libros-de-true-crime","status":"publish","type":"post","link":"https:\/\/www.europesays.com\/es\/43085\/","title":{"rendered":"Los mejores libros de true crime"},"content":{"rendered":"<p>Cuando ocurre un crimen muy sonado, la sociedad se queda en shock. Y es que hay determinados hechos que la mente humana no es capaz de entender ni tampoco las razones que han llevado al asesino a hacer algo tan terrible. Por este motivo, el true crime es un g\u00e9nero literario (y tambi\u00e9n audiovisual) que cada vez tiene m\u00e1s \u00e9xito. Y es que trata de analizar de forma rigurosa y documentada los cr\u00edmenes reales que ocurren en el mundo mediante la narraci\u00f3n e investigaci\u00f3n de los hechos y los motivos (o no) de los asesinos para hacerlo. Si te fascina todo lo que tenga que ver con el true crime, estos libros te interesan.<\/p>\n<p><strong>Inocentes. Incre\u00edbles casos de true crime y condenas injustas<\/strong><\/p>\n<p>Muchas personas pasan a\u00f1os en la c\u00e1rcel sin haber cometido ning\u00fan crimen. Esta injusticia, que sirve de premisa a tantas novelas, se hace real en este libro en el que John Grisham, el maestro del <a href=\"https:\/\/www.educaciontrespuntocero.com\/libros\/mejores-libros-de-thrillers\/\" rel=\"nofollow noopener\" target=\"_blank\">thriller <\/a>legal, ha decidido contar diez casos de inocentes que fueron obligados a sacrificar amigos, familias, parejas y d\u00e9cadas de sus vidas en prisi\u00f3n mientras los culpables segu\u00edan libres. En cada una de estas dram\u00e1ticas historias, Grisham y Jim McCloskey, fundador de la organizaci\u00f3n Centurion Ministries, dedicada a luchar contra estos errores del sistema judicial, relatan con destreza y rigor las investigaciones policiales que condujeron a las condenas y las duras batallas legales que lograron la exculpaci\u00f3n.\u00a0<\/p>\n<p><img loading=\"lazy\" data-perfmatters-preload=\"\" decoding=\"async\" width=\"300\" height=\"458\" src=\"https:\/\/www.europesays.com\/es\/wp-content\/uploads\/2025\/08\/Inocentes.-Increibles-casos-de-true-crime-y-condenas-injustas-1.jpg\" alt=\"Inocentes. Increibles casos de true crime y condenas injustas 1\"   class=\"no-lazy\"\/><\/p>\n<p><a data-aawp-product-asin=\"840103647X\" data-aawp-product-id=\"84667\" data-aawp-tracking-id=\"educacion-21\" data-aawp-product-title=\"Inocentes  Incre\u00edbles casos de true crime y condenas injustas  Obras diversas\" class=\"aawp-button aawp-button--buy aawp-button aawp-button--yellow shadow aawp-button--icon aawp-button--icon-amazon-black\" href=\"https:\/\/www.amazon.es\/dp\/840103647X?tag=educacion-21&amp;linkCode=ogi&amp;th=1&amp;psc=1\" title=\"Ver en Amazon\" target=\"_blank\" rel=\"nofollow noopener sponsored\">Ver en Amazon<\/a><\/p>\n<p><strong>Uno de los nuestros<\/strong><\/p>\n<p>El 22 de julio de 2011, una furgoneta aparcada frente a la entrada de la oficina del primer ministro noruego explot\u00f3 causando la muerte de ocho personas. Tras detonar esa bomba, Anders Behring Breivik se present\u00f3 en la isla de Ut\u00f8ya disfrazado de polic\u00eda con la intenci\u00f3n de matar a los j\u00f3venes que asist\u00edan al campamento del Partido Laborista Noruego. Sesenta y nueve personas m\u00e1s fallecieron ese d\u00eda. Nadie pod\u00eda imaginar que el autor de la peor masacre perpetrada en Noruega desde la Segunda Guerra Mundial no hubiera sido un fundamentalista isl\u00e1mico. Nadie pod\u00eda pensar que hubiera sido \u2018uno de los nuestros\u2019. La periodista \u00c5sne Seierstad se adentra en la vida de Breivik para entender c\u00f3mo un ni\u00f1o superdotado y sensible se convierte en uno de los terroristas m\u00e1s mort\u00edferos de Europa.\u00a0<\/p>\n<p><img loading=\"lazy\" decoding=\"async\" width=\"300\" height=\"467\" alt=\"Uno de los nuestros - libros de true crime\" class=\"perfmatters-lazy\" src=\"https:\/\/www.europesays.com\/es\/wp-content\/uploads\/2025\/08\/Uno-de-los-nuestros.jpg\"  data-\/><\/p>\n<ul class=\"wp-block-list\">\n<li><strong>Autora: <\/strong>\u00c5sne Seierstad<\/li>\n<li><strong>Editorial:<\/strong> Pen\u00ednsula<\/li>\n<\/ul>\n<p><a data-aawp-product-asin=\"8411000826\" data-aawp-product-id=\"84670\" data-aawp-tracking-id=\"educacion-21\" data-aawp-product-title=\"Uno de los nuestros  La historia de Anders Breivik y de la masacre de Ut\u00f8ya  NO FICCI\u00d3N NARRATIVA\" class=\"aawp-button aawp-button--buy aawp-button aawp-button--yellow shadow aawp-button--icon aawp-button--icon-amazon-black\" href=\"https:\/\/www.amazon.es\/dp\/8411000826?tag=educacion-21&amp;linkCode=ogi&amp;th=1&amp;psc=1\" title=\"Ver en Amazon\" target=\"_blank\" rel=\"nofollow noopener sponsored\">Ver en Amazon<\/a><\/p>\n<p><strong>Cr\u00edmenes. La hora de la verdad<\/strong><\/p>\n<p>El \u00faltimo libro del escritor y periodista Carles Porta, el presentador del famoso programa \u2018Cr\u00edmenes\u2019 de TV3, narra siete casos de muy diferente \u00edndole. En el relato \u2018Alta traici\u00f3n\u2019 la hora de la verdad estalla como una bomba, sobre todo para los miembros de una familia en la que nada es lo que parece. En \u2018El crimen del pol\u00edgono Entrevies\u2019 tendr\u00e1n que pasar dos d\u00e9cadas para que se esclarezca finalmente qui\u00e9n debe pagar por la muerte de un trabajador durante un violento asalto a su empresa. El caso de \u2018Las gemelas\u2019 es un ejemplo de c\u00f3mo la hora de la verdad puede llegarle a la v\u00edctima cuando menos se lo espera o en \u2018La confesi\u00f3n de O Chuc\u00e1n\u2019 los giros de fortuna m\u00e1s inesperados se producen durante y despu\u00e9s del juicio por el asesinato de una mujer en la Ribeira Sacra, en Galicia.\u00a0<\/p>\n<p><img loading=\"lazy\" decoding=\"async\" width=\"300\" height=\"456\" alt=\"Cr\u00edmenes. La hora de la verdad\" class=\"perfmatters-lazy\" src=\"https:\/\/www.europesays.com\/es\/wp-content\/uploads\/2025\/08\/Crimenes.-La-hora-de-la-verdad.jpg\"  data-\/><\/p>\n<ul class=\"wp-block-list\">\n<li><strong>Autor: <\/strong>Carles Porta<\/li>\n<li><strong>Editorial:<\/strong> Reservoir Books<\/li>\n<\/ul>\n<p><a data-aawp-product-asin=\"8410352826\" data-aawp-product-id=\"84671\" data-aawp-tracking-id=\"educacion-21\" data-aawp-product-title=\"Cr\u00edmenes 4 - La hora de la verdad  La hora de la verdad  Reservoir Narrativa\" class=\"aawp-button aawp-button--buy aawp-button aawp-button--yellow shadow aawp-button--icon aawp-button--icon-amazon-black\" href=\"https:\/\/www.amazon.es\/dp\/8410352826?tag=educacion-21&amp;linkCode=ogi&amp;th=1&amp;psc=1\" title=\"Ver en Amazon\" target=\"_blank\" rel=\"nofollow noopener sponsored\">Ver en Amazon<\/a><\/p>\n<p><strong>El \u00e1ngel de la muerte<\/strong><\/p>\n<p>Nueva Jersey, 1987. Charles Cullen, un t\u00edmido y discreto enfermero, cuida a los pacientes de la unidad de quemados. Nadie imagina que en ese pabell\u00f3n actuaba un asesino en serie que hab\u00eda puesto en pr\u00e1ctica un macabro m\u00e9todo para acabar con la vida de los que depend\u00edan de sus cuidados. Tras su detenci\u00f3n en 2003, Cullen fue enseguida apodado por los medios como \u2018El \u00e1ngel de la muerte\u2019. Sin embargo, no era en apariencia un monstruo, sino un marido y padre querido, respetado por sus compa\u00f1eros del hospital. Implicado en la muerte de m\u00e1s de 400 pacientes, fue tambi\u00e9n quiz\u00e1s el asesino en serie m\u00e1s peligroso de la historia de Estados Unidos.\u00a0<\/p>\n<p><img loading=\"lazy\" decoding=\"async\" width=\"300\" height=\"466\" alt=\"El \u00e1ngel de la muerte\" class=\"perfmatters-lazy\" src=\"https:\/\/www.europesays.com\/es\/wp-content\/uploads\/2025\/08\/El-angel-de-la-muerte.jpg\"  data-\/><\/p>\n<ul class=\"wp-block-list\">\n<li><strong>Autor: <\/strong>Charles Graeber<\/li>\n<li><strong>Editorial:<\/strong> Pen\u00ednsula<\/li>\n<\/ul>\n<p><a data-aawp-product-asin=\"8411000982\" data-aawp-product-id=\"84668\" data-aawp-tracking-id=\"educacion-21\" data-aawp-product-title=\"El \u00e1ngel de la muerte  El asesino en serie m\u00e1s prol\u00edfico de la historia de Estados Unidos  NO FICCI\u00d3N NARRATIVA\" class=\"aawp-button aawp-button--buy aawp-button aawp-button--yellow shadow aawp-button--icon aawp-button--icon-amazon-black\" href=\"https:\/\/www.amazon.es\/dp\/8411000982?tag=educacion-21&amp;linkCode=ogi&amp;th=1&amp;psc=1\" title=\"Ver en Amazon\" target=\"_blank\" rel=\"nofollow noopener sponsored\">Ver en Amazon<\/a><\/p>\n<p><strong>Tres cr\u00edmenes reales sin resolver<\/strong><\/p>\n<p>Martha Caballero es una analista de cr\u00edmenes muy conocida en las redes. Cuenta con un canal de YouTube y un podcast con numerosos seguidores, sobre todo de la generaci\u00f3n Z. En este libro cuenta tres cr\u00edmenes reales ocurridos en Espa\u00f1a: los asesinatos de Miguel \u00c1ngel y Mar\u00eda Dom\u00ednguez; el de la viuda del presidente de la Caja de Ahorros del Mediterr\u00e1neo (CAM), y el de Helena Jubany, todas ellas v\u00edctimas asesinadas por criminales que a\u00fan andan sueltos.<\/p>\n<p><img loading=\"lazy\" decoding=\"async\" width=\"300\" height=\"460\" alt=\"Tres cr\u00edmenes reales sin resolver\" class=\"perfmatters-lazy\" src=\"https:\/\/www.europesays.com\/es\/wp-content\/uploads\/2025\/08\/Tres-crimenes-reales-sin-resolver.jpg\"  data-\/><\/p>\n<ul class=\"wp-block-list\">\n<li><strong>Autora: <\/strong>Martha Caballero<\/li>\n<li><strong>Editorial:<\/strong> Alfaguara<\/li>\n<\/ul>\n<p><a data-aawp-product-asin=\"8419982032\" data-aawp-product-id=\"84669\" data-aawp-tracking-id=\"educacion-21\" data-aawp-product-title=\"Tres cr\u00edmenes reales sin resolver  Sin l\u00edmites\" class=\"aawp-button aawp-button--buy aawp-button aawp-button--yellow shadow aawp-button--icon aawp-button--icon-amazon-black\" href=\"https:\/\/www.amazon.es\/dp\/8419982032?tag=educacion-21&amp;linkCode=ogi&amp;th=1&amp;psc=1\" title=\"Ver en Amazon\" target=\"_blank\" rel=\"nofollow noopener sponsored\">Ver en Amazon<\/a><\/p>\n","protected":false},"excerpt":{"rendered":"Cuando ocurre un crimen muy sonado, la sociedad se queda en shock. Y es que hay determinados hechos&hellip;\n","protected":false},"author":2,"featured_media":43086,"comment_status":"","ping_status":"","sticky":false,"template":"","format":"standard","meta":{"footnotes":""},"categories":[172],"tags":[1154,224,3718,146,147,25,24,225,20344,23,20343],"class_list":{"0":"post-43085","1":"post","2":"type-post","3":"status-publish","4":"format-standard","5":"has-post-thumbnail","7":"category-libros","8":"tag-asesinatos","9":"tag-books","10":"tag-crimen","11":"tag-entertainment","12":"tag-entretenimiento","13":"tag-es","14":"tag-espana","15":"tag-libros","16":"tag-libros-de-true-crime","17":"tag-spain","18":"tag-true-crime"},"share_on_mastodon":{"url":"","error":""},"_links":{"self":[{"href":"https:\/\/www.europesays.com\/es\/wp-json\/wp\/v2\/posts\/43085","targetHints":{"allow":["GET"]}}],"collection":[{"href":"https:\/\/www.europesays.com\/es\/wp-json\/wp\/v2\/posts"}],"about":[{"href":"https:\/\/www.europesays.com\/es\/wp-json\/wp\/v2\/types\/post"}],"author":[{"embeddable":true,"href":"https:\/\/www.europesays.com\/es\/wp-json\/wp\/v2\/users\/2"}],"replies":[{"embeddable":true,"href":"https:\/\/www.europesays.com\/es\/wp-json\/wp\/v2\/comments?post=43085"}],"version-history":[{"count":0,"href":"https:\/\/www.europesays.com\/es\/wp-json\/wp\/v2\/posts\/43085\/revisions"}],"wp:featuredmedia":[{"embeddable":true,"href":"https:\/\/www.europesays.com\/es\/wp-json\/wp\/v2\/media\/43086"}],"wp:attachment":[{"href":"https:\/\/www.europesays.com\/es\/wp-json\/wp\/v2\/media?parent=43085"}],"wp:term":[{"taxonomy":"category","embeddable":true,"href":"https:\/\/www.europesays.com\/es\/wp-json\/wp\/v2\/categories?post=43085"},{"taxonomy":"post_tag","embeddable":true,"href":"https:\/\/www.europesays.com\/es\/wp-json\/wp\/v2\/tags?post=43085"}],"curies":[{"name":"wp","href":"https:\/\/api.w.org\/{rel}","templated":true}]}}