{"id":430952,"date":"2026-03-05T20:37:09","date_gmt":"2026-03-05T20:37:09","guid":{"rendered":"https:\/\/www.europesays.com\/es\/430952\/"},"modified":"2026-03-05T20:37:09","modified_gmt":"2026-03-05T20:37:09","slug":"el-misterio-del-campeon-olimpico-jordan-diaz-deportes","status":"publish","type":"post","link":"https:\/\/www.europesays.com\/es\/430952\/","title":{"rendered":"El misterio del campe\u00f3n ol\u00edmpico Jordan D\u00edaz | Deportes"},"content":{"rendered":"<p class=\"\"><a href=\"https:\/\/elpais.com\/eps\/2024-07-12\/jordan-diaz-el-premio-es-la-gloria-la-emocion-que-sienten-los-campeones.html\" target=\"_self\" rel=\"nofollow noopener\" title=\"https:\/\/elpais.com\/eps\/2024-07-12\/jordan-diaz-el-premio-es-la-gloria-la-emocion-que-sienten-los-campeones.html\">Jordan D\u00edaz ya era un misterio en s\u00ed mismo antes de enredar su vida en otro m\u00e1s. <\/a>Su clase \u00fanica, su talento innato de saltador de triple, su perezosa carest\u00eda competitiva, su llegada desde La Habana a Guadalajara hace cuatro a\u00f1os, su nacionalizaci\u00f3n expr\u00e9s, <a href=\"https:\/\/elpais.com\/deportes\/juegos-olimpicos\/2024-08-03\/ivan-pedroso-jordan-hace-que-todo-parezca-facil-es-el-saltador-natural.html\" target=\"_self\" rel=\"nofollow noopener\" title=\"https:\/\/elpais.com\/deportes\/juegos-olimpicos\/2024-08-03\/ivan-pedroso-jordan-hace-que-todo-parezca-facil-es-el-saltador-natural.html\">su fascinaci\u00f3n por su entrenador, Iv\u00e1n Pedroso, <\/a>su melancol\u00eda del Malec\u00f3n, sus c\u00f3mics manga y sus videojuegos, su rodilla resentida, hac\u00edan del campe\u00f3n ol\u00edmpico de Par\u00eds un personaje inabarcable, una nebulosa. La \u00faltima noticia a \u00e9l ligada \u2014el diario Marca informa, guard\u00e1ndose sus fuentes, de que D\u00edaz abandona a Pedroso y a Guadalajara para irse a entrenar a Estados Unidos, nada menos\u2014convierte la bruma que le rodea en niebla espesa y confusa, imposible de traspasar. <\/p>\n<p class=\"\">Nadie confirma la exclusiva, que precisa que el espa\u00f1ol nacido en La Habana se integrar\u00e1 en el grupo de elite del t\u00e9cnico Travis Geopfert, entrenador jefe de atletismo en la universidad Kansas State, proveniente de la Arkansas en la que germin\u00f3 el mito Mike Conley, campe\u00f3n ol\u00edmpico en Barcelona 92, y <a href=\"https:\/\/elpais.com\/deportes\/juegos-olimpicos\/2024-08-07\/viaje-al-universo-de-hibby-uno-de-los-grandes-rivales-de-jordan-diaz-en-los-juegos-olimpicos.html\" target=\"_self\" rel=\"nofollow noopener\" title=\"https:\/\/elpais.com\/deportes\/juegos-olimpicos\/2024-08-07\/viaje-al-universo-de-hibby-uno-de-los-grandes-rivales-de-jordan-diaz-en-los-juegos-olimpicos.html\">creci\u00f3 el wonder kid jamaicano Jaydon Hibbert,<\/a> y t\u00e9cnico personal de la campeona ol\u00edmpica de longitud Tara Davis. <\/p>\n<p class=\"\">Nadie la desmiente, ni el propio atleta, que se\u00f1ala que \u00e9l no ha dicho nada a nadie y que no hablar\u00e1 hasta el s\u00e1bado a las 20 horas, y lo har\u00e1 por su canal de Twitch. Nadie aventura una raz\u00f3n posible para una decisi\u00f3n que no parece il\u00f3gica dados los duros que han resultado los \u00faltimos 18 meses desde el oro de Par\u00eds: una lesi\u00f3n recurrente de rodilla le oblig\u00f3 a retirarse despu\u00e9s del primer salto, nulo, en la calificaci\u00f3n del Mundial de Tokio en un 2025 en el que solo realiz\u00f3 un salto v\u00e1lido: los 17,16m para ganar el campeonato de Espa\u00f1a. Una huida nacida de las dudas y el paso veloz del tiempo sin que deje de dolerle la rodilla, y no se acerca su sue\u00f1o de batir el r\u00e9cord del mundo, y discusiones con el grupo sobre la responsabilidad de la lesi\u00f3n. D\u00edaz lleva d\u00edas sin entrenar.<\/p>\n<p class=\"\">En la federaci\u00f3n espa\u00f1ola de atletismo no tienen noticias oficiales de los deseos del atleta espa\u00f1ol m\u00e1s laureado \u2014<a href=\"https:\/\/elpais.com\/deportes\/2024-06-11\/jordan-diaz-logra-la-medalla-de-oro-en-triple-salto-en-el-europeo-de-atletismo-y-bate-el-record-de-espana-con-un-salto-de-1818m.html\" target=\"_self\" rel=\"nofollow noopener\" title=\"https:\/\/elpais.com\/deportes\/2024-06-11\/jordan-diaz-logra-la-medalla-de-oro-en-triple-salto-en-el-europeo-de-atletismo-y-bate-el-record-de-espana-con-un-salto-de-1818m.html\">campe\u00f3n ol\u00edmpico y de Europa y una mejor marca de 18,18m, <\/a>la tercera mejor de la historia, a solo 11 cent\u00edmetros del r\u00e9cord mundial\u2014, que respetar\u00e1n lo que haga con su vida y su carrera, y que no ser\u00eda el primero que se fuera al extranjero a entrenar, un viaje ya emprendido hace a\u00f1os por Yago Lamela en un lapso de siete meses, <a href=\"https:\/\/elpais.com\/deportes\/juegos-olimpicos\/2024-07-21\/desde-sankt-moritz-se-ve-paris-asi-se-entrenan-marta-garcia-y-moha-attaoui-en-las-montanas-suizas.html\" target=\"_self\" rel=\"nofollow noopener\" title=\"https:\/\/elpais.com\/deportes\/juegos-olimpicos\/2024-07-21\/desde-sankt-moritz-se-ve-paris-asi-se-entrenan-marta-garcia-y-moha-attaoui-en-las-montanas-suizas.html\">y actualmente por Moha Attaoui, Mario Garc\u00eda Romo o Marta Garc\u00eda.<\/a> Ni a su m\u00e1nager ni a su entrenador les ha comunicado tampoco sus intenciones, ni siquiera su deseo de romper con ellos. <\/p>\n<p class=\"\">Tampoco aquellos con los que Jordan D\u00edaz ha intimado m\u00e1s sus intenciones dejan de ver los m\u00faltiples problemas que puede encontrar para adaptarse a la vida estadounidense una persona con escaso conocimiento del ingl\u00e9s, sin capacidad para enrolarse en una universidad, y para superar las dificultades de asumir nuevas formas de entrenamiento, la falta de seguimiento m\u00e9dico gratuito que actualmente le presta la federaci\u00f3n, y sus servicios de fisioterapia. \u201cNo est\u00e1 nada atado, quedan muchos flecos\u201d, explican personas que han hablado con el atleta. Y el menor no es el visado para emigrar a Estados Unidos y la consecuci\u00f3n de una tarjeta de residente en la situaci\u00f3n actual del mundo y del pa\u00eds por las pol\u00edticas de Donald Trump.<\/p>\n<p class=\"\">El cambio de pol\u00edtica de patrocinio de Puma tras la entrada en el accionariado del grupo chino Anta le supuso la p\u00e9rdida del patrocinio a D\u00edaz, que mantiene a Omega y Red Bull como esp\u00f3nsores personales.<\/p>\n<p class=\"\">Si Jordan se fuera de Guadalajara, el grupo entrenado por Pedroso tendr\u00eda como principales figuras a la plusmarquista mundial venezolana Yulimar Rojas, a la campeona espa\u00f1ola F\u00e1tima Diame y al saltador cubano Juan Miguel Echevarr\u00eda. Hace dos a\u00f1os Ana Peleteiro se fue a Galicia.<\/p>\n","protected":false},"excerpt":{"rendered":"Jordan D\u00edaz ya era un misterio en s\u00ed mismo antes de enredar su vida en otro m\u00e1s. Su&hellip;\n","protected":false},"author":2,"featured_media":430953,"comment_status":"","ping_status":"","sticky":false,"template":"","format":"standard","meta":{"footnotes":""},"categories":[93],"tags":[928,11485,168,927,25,24,91324,91322,23,167,91323],"class_list":["post-430952","post","type-post","status-publish","format-standard","has-post-thumbnail","category-deportes","tag-atletas","tag-atletismo","tag-deportes","tag-deportistas","tag-es","tag-espana","tag-ivan-pedroso","tag-jordan-diaz","tag-spain","tag-sports","tag-triple-salto"],"share_on_mastodon":{"url":"https:\/\/pubeurope.com\/@es\/116178494890749956","error":""},"_links":{"self":[{"href":"https:\/\/www.europesays.com\/es\/wp-json\/wp\/v2\/posts\/430952","targetHints":{"allow":["GET"]}}],"collection":[{"href":"https:\/\/www.europesays.com\/es\/wp-json\/wp\/v2\/posts"}],"about":[{"href":"https:\/\/www.europesays.com\/es\/wp-json\/wp\/v2\/types\/post"}],"author":[{"embeddable":true,"href":"https:\/\/www.europesays.com\/es\/wp-json\/wp\/v2\/users\/2"}],"replies":[{"embeddable":true,"href":"https:\/\/www.europesays.com\/es\/wp-json\/wp\/v2\/comments?post=430952"}],"version-history":[{"count":0,"href":"https:\/\/www.europesays.com\/es\/wp-json\/wp\/v2\/posts\/430952\/revisions"}],"wp:featuredmedia":[{"embeddable":true,"href":"https:\/\/www.europesays.com\/es\/wp-json\/wp\/v2\/media\/430953"}],"wp:attachment":[{"href":"https:\/\/www.europesays.com\/es\/wp-json\/wp\/v2\/media?parent=430952"}],"wp:term":[{"taxonomy":"category","embeddable":true,"href":"https:\/\/www.europesays.com\/es\/wp-json\/wp\/v2\/categories?post=430952"},{"taxonomy":"post_tag","embeddable":true,"href":"https:\/\/www.europesays.com\/es\/wp-json\/wp\/v2\/tags?post=430952"}],"curies":[{"name":"wp","href":"https:\/\/api.w.org\/{rel}","templated":true}]}}