{"id":43120,"date":"2025-08-12T18:55:10","date_gmt":"2025-08-12T18:55:10","guid":{"rendered":"https:\/\/www.europesays.com\/es\/43120\/"},"modified":"2025-08-12T18:55:10","modified_gmt":"2025-08-12T18:55:10","slug":"el-nastic-anuncia-y-se-echa-atras-en-el-fichaje-del-exbetico-calderon-por-sus-insultos-a-los-catalanes","status":"publish","type":"post","link":"https:\/\/www.europesays.com\/es\/43120\/","title":{"rendered":"El N\u00e1stic anuncia y se echa atr\u00e1s en el fichaje del exb\u00e9tico Calder\u00f3n por sus insultos a los catalanes"},"content":{"rendered":"<p>El lateral zurdo, que debut\u00f3 con Pellegrini en la 2021-22, hab\u00eda firmado por una temporada con el equipo de Tarragona, que ha cancelado el fichaje por las reacciones en redes sociales\n<\/p>\n<p><img fetchpriority=\"high\" class=\"voc-img\" src=\"https:\/\/www.europesays.com\/es\/wp-content\/uploads\/2025\/08\/calderon-nastic-RjIVHaSnvgPx4djYTsyaRJN-1200x840@diario_abc.jpg\" loading=\"eager\" decoding=\"async\" alt=\"El anuncio del N\u00e1stic de Tarragona del fichaje de Calder\u00f3n\" width=\"1200\" height=\"840\"\/><\/p>\n<p>El anuncio del N\u00e1stic de Tarragona del fichaje de Calder\u00f3n      <\/p>\n<p><img decoding=\"async\" class=\"voc-author__img\" src=\"https:\/\/www.europesays.com\/es\/wp-content\/uploads\/2025\/08\/autor-3756-foto-1.png\" alt=\"Al Final de la Palmera\"\/><\/p>\n<p>12\/08\/2025<br \/>\n<br \/><strong><br \/>\nActualizado a las 19:13h.<br \/>\n<\/strong><\/p>\n<p class=\"voc-p\" style=\"\">El <strong>N\u00e1stic de Tarragona<\/strong> ha cancelado el fichaje de <strong>Jos\u00e9 Manuel Calder\u00f3n<\/strong>, exjugador del <strong>Real Betis<\/strong>, despu\u00e9s de comprobar a trav\u00e9s de las reacciones de los aficionados en redes sociales que el jugador hab\u00eda insultado a los catalanes en un v\u00eddeo grabado durante su etapa en el C\u00f3rdoba en 2023. Calder\u00f3n, nacido en Paradas, se form\u00f3 en los escalafones inferiores verdiblancos y debut\u00f3 en el primer equipo en la primera jornada de LaLiga 2021-22 ante el Mallorca. Semanas despu\u00e9s fue rescindido por problemas extradeportivos.<\/p>\n<p class=\"voc-p\" style=\"\">Luego firm\u00f3 por el <strong>C\u00f3rdoba<\/strong>, donde ha militado hasta que ha quedado como agente libre y acord\u00f3 su incorporaci\u00f3n al N\u00e1stic por una temporada con otra opcional. As\u00ed lo anunci\u00f3 el club catal\u00e1n este mediod\u00eda. Sin embargo, la reacci\u00f3n de los aficionados locales a esta contrataci\u00f3n no se hizo esperar y pronto recordaron un v\u00eddeo que se grab\u00f3 el propio Calder\u00f3n despu\u00e9s del triunfo del C\u00f3rdoba ante el filial del Barcelona por el ascenso a Segunda en el que dec\u00eda la siguiente frase: <strong>\u00abMe cago en los muertos de todos los catalanes\u00bb<\/strong>.<\/p>\n<p class=\"voc-p\" style=\"\">El N\u00e1stic ha se\u00f1alado en un comunicado publicado durante la tarde de este martes que \u00abdespu\u00e9s de las valoraciones realizadas en las \u00faltimas horas ha decidido <strong>no formalizar el fichaje anunciado<\/strong> de Jos\u00e9 Manuel Calder\u00f3n. El club, que representa una ciudad y una afici\u00f3n orgullosa de su historia, de su identitad y de sus valores, considera que cualquier incorporaci\u00f3n ha de estar alineada con el respeto, la uni\u00f3n y la responsabilidad social que nos caracterizan. Lamentamos las molestias que esta situaci\u00f3n haya podido causar a nuestros socios, accionistas y aficionados y reafirmamos nuestro compromiso de continuar trabajando para confeccionar la mejor plantilla posible. El N\u00e1stic da por cerrado este asunto\u00ab.<\/p>\n<p class=\"voc-p\" style=\"\">Ahora Calder\u00f3n, de 25 a\u00f1os, se queda sin equipo y buscando una soluci\u00f3n para su carrera despu\u00e9s de haber disputado la pasada campa\u00f1a 32 partidos en Segunda con el C\u00f3rdoba.<\/p>\n<p>Reportar un error<\/p>\n","protected":false},"excerpt":{"rendered":"El lateral zurdo, que debut\u00f3 con Pellegrini en la 2021-22, hab\u00eda firmado por una temporada con el equipo&hellip;\n","protected":false},"author":2,"featured_media":43121,"comment_status":"","ping_status":"","sticky":false,"template":"","format":"standard","meta":{"footnotes":""},"categories":[268],"tags":[4187,20346,13513,20349,168,5217,25,24,20347,557,280,282,20348,20331,281,23,167],"class_list":{"0":"post-43120","1":"post","2":"type-post","3":"status-publish","4":"format-standard","5":"has-post-thumbnail","7":"category-futbol","8":"tag-anuncia","9":"tag-atras","10":"tag-calderon","11":"tag-catalanes","12":"tag-deportes","13":"tag-echa","14":"tag-es","15":"tag-espana","16":"tag-exbetico","17":"tag-fichaje","18":"tag-football","19":"tag-futbol","20":"tag-insultos","21":"tag-nastic","22":"tag-soccer","23":"tag-spain","24":"tag-sports"},"share_on_mastodon":{"url":"","error":""},"_links":{"self":[{"href":"https:\/\/www.europesays.com\/es\/wp-json\/wp\/v2\/posts\/43120","targetHints":{"allow":["GET"]}}],"collection":[{"href":"https:\/\/www.europesays.com\/es\/wp-json\/wp\/v2\/posts"}],"about":[{"href":"https:\/\/www.europesays.com\/es\/wp-json\/wp\/v2\/types\/post"}],"author":[{"embeddable":true,"href":"https:\/\/www.europesays.com\/es\/wp-json\/wp\/v2\/users\/2"}],"replies":[{"embeddable":true,"href":"https:\/\/www.europesays.com\/es\/wp-json\/wp\/v2\/comments?post=43120"}],"version-history":[{"count":0,"href":"https:\/\/www.europesays.com\/es\/wp-json\/wp\/v2\/posts\/43120\/revisions"}],"wp:featuredmedia":[{"embeddable":true,"href":"https:\/\/www.europesays.com\/es\/wp-json\/wp\/v2\/media\/43121"}],"wp:attachment":[{"href":"https:\/\/www.europesays.com\/es\/wp-json\/wp\/v2\/media?parent=43120"}],"wp:term":[{"taxonomy":"category","embeddable":true,"href":"https:\/\/www.europesays.com\/es\/wp-json\/wp\/v2\/categories?post=43120"},{"taxonomy":"post_tag","embeddable":true,"href":"https:\/\/www.europesays.com\/es\/wp-json\/wp\/v2\/tags?post=43120"}],"curies":[{"name":"wp","href":"https:\/\/api.w.org\/{rel}","templated":true}]}}