{"id":431453,"date":"2026-03-06T02:59:23","date_gmt":"2026-03-06T02:59:23","guid":{"rendered":"https:\/\/www.europesays.com\/es\/431453\/"},"modified":"2026-03-06T02:59:23","modified_gmt":"2026-03-06T02:59:23","slug":"el-gran-despertar-de-dani-merida-la-otra-promesa-del-tenis-espanol","status":"publish","type":"post","link":"https:\/\/www.europesays.com\/es\/431453\/","title":{"rendered":"El gran despertar de Dani Merida, la otra promesa del tenis espa\u00f1ol"},"content":{"rendered":"<p class=\"ft-text\">Los a\u00f1os de trabajo silencioso y sin atajos de <strong>Daniel M\u00e9rida<\/strong> encontraron este martes su recompensa m\u00e1s importante hasta el momento en <strong>Indian Wells<\/strong>. El madrile\u00f1o de <strong>21 a\u00f1os<\/strong> logr\u00f3 por primera vez superar una fase previa del <strong>ATP Tour<\/strong> y disputar\u00e1 el cuadro principal de un torneo ATP, nada menos que en<strong> Indian Wells<\/strong>, el primer <strong>Masters 1000<\/strong> de la temporada y uno de los escenarios m\u00e1s prestigiosos del circuito.<\/p>\n<p class=\"ft-text\">El actual <strong>n\u00famero 139 del mundo<\/strong> tuvo que volver a sufrir para sellar su clasificaci\u00f3n tras imponerse al australiano <strong>Dane Sweeny<\/strong> por <strong>6-3, 4-6 y 6-3<\/strong> en un partido exigente que super\u00f3 la <strong>hora y cincuenta minutos<\/strong>. Un triunfo que lleg\u00f3 apenas un d\u00eda despu\u00e9s de otra dura batalla en la primera ronda de la previa, donde remont\u00f3 al estadounidense <strong>Patrick Kypson<\/strong> por <strong>3-6, 6-3 y 7-6(4)<\/strong>.<\/p>\n<p class=\"ft-text\">La victoria tiene un significado especial para <strong>M\u00e9rida<\/strong>. Hasta ahora hab\u00eda disputado <strong>seis fases previas del ATP Tour<\/strong> \u2014incluidas dos de <strong>Grand Slam<\/strong>\u2014 sin conseguir dar el paso definitivo. <strong>Madrid<\/strong> y <strong>Gij\u00f3n<\/strong> en <strong>2022<\/strong>, adem\u00e1s de <strong>Doha<\/strong>, el <strong>US Open<\/strong> y <strong>Bruselas<\/strong> en <strong>2025<\/strong> y el <strong>Open de Australia<\/strong> en <strong>2026<\/strong>, hab\u00edan terminado con el mismo desenlace. Esta vez, en <strong>California<\/strong>, lleg\u00f3 por fin la recompensa.<\/p>\n<p class=\"ft-text\">El triunfo permite adem\u00e1s al espa\u00f1ol escalar <strong>cinco posiciones<\/strong> en el <strong>ranking en vivo<\/strong>, hasta el <strong>puesto 134<\/strong>, muy cerca del mejor registro de su carrera. Un paso m\u00e1s en la progresi\u00f3n de un jugador que ya hab\u00eda dado se\u00f1ales importantes en el circuito <strong>Challenger<\/strong> con los t\u00edtulos conquistados en <strong>Pozoblanco 2025<\/strong> y <strong>Tenerife 1 2026<\/strong>.<\/p>\n<p><img decoding=\"async\" src=\"https:\/\/www.europesays.com\/es\/wp-content\/uploads\/2026\/03\/7619423c-299d-4a02-8520-230b55add868_alta-libre-aspect-ratio_default_0_x600y225.jpg\" width=\"1200\" height=\"675\" alt=\"Daniel merida en indian Wells\" class=\"ft-helper-img-rd\" loading=\"lazy\"\/><\/p>\n<p class=\"ft-helper-fontColor-quaternary ft-helper-fontSize-body-S ft-helper-spacer-t-xxs\">Daniel merida en indian Wells  \/ EFE<\/p>\n<p class=\"ft-text\">Ante <strong>Sweeny<\/strong>, <strong>M\u00e9rida<\/strong> volvi\u00f3 a mostrar car\u00e1cter en los momentos clave. El madrile\u00f1o firm\u00f3 <strong>ocho aces<\/strong> y salv\u00f3 <strong>siete de las diez bolas de break<\/strong> que concedi\u00f3, adem\u00e1s de romper el servicio de su rival en <strong>cuatro ocasiones<\/strong> para terminar sellando una victoria que le abre las puertas del <strong>cuadro principal<\/strong>.<\/p>\n<p>SU PRIMER GRAN RETO <\/p>\n<p class=\"ft-text\">El debut de <strong>M\u00e9rida<\/strong> en el <strong>cuadro principal<\/strong> de un torneo del <strong>ATP Tour<\/strong> llegar\u00e1 este <strong>jueves<\/strong> en <strong>Indian Wells<\/strong> ante el estadounidense <strong>Alex Michelsen<\/strong>, actual <strong>n\u00famero 44 del ranking mundial<\/strong>. Ser\u00e1 adem\u00e1s el <strong>primer enfrentamiento<\/strong> del espa\u00f1ol ante un jugador situado dentro del <strong>Top 45<\/strong> del circuito.<\/p>\n<p class=\"ft-text\">En caso de superar ese estreno, el madrile\u00f1o se medir\u00eda en <strong>segunda ronda<\/strong> con el franc\u00e9s <strong>Ugo Humbert<\/strong>, <strong>cabeza de serie n\u00famero 32<\/strong> del torneo.<\/p>\n<p class=\"ft-text\">Con su clasificaci\u00f3n, <strong>M\u00e9rida<\/strong> se convierte en el <strong>quinto espa\u00f1ol<\/strong> presente en el cuadro masculino del torneo californiano junto a <strong>Carlos Alcaraz<\/strong>, <strong>Alejandro Davidovich<\/strong>, <strong>Roberto Bautista<\/strong> y <strong>Rafa J\u00f3dar<\/strong>.<\/p>\n<p class=\"ft-text\">No tuvo la misma suerte <strong>Mart\u00edn Landaluce<\/strong>. El madrile\u00f1o de <strong>20 a\u00f1os<\/strong> se qued\u00f3 a un paso del <strong>cuadro principal<\/strong> tras caer en la \u00faltima ronda de la previa ante el japon\u00e9s <strong>Sho Shimabukuro<\/strong> por <strong>6-2, 6-7(3) y 7-5<\/strong> despu\u00e9s de casi <strong>tres horas de partido<\/strong>.<\/p>\n","protected":false},"excerpt":{"rendered":"Los a\u00f1os de trabajo silencioso y sin atajos de Daniel M\u00e9rida encontraron este martes su recompensa m\u00e1s importante&hellip;\n","protected":false},"author":2,"featured_media":431454,"comment_status":"","ping_status":"","sticky":false,"template":"","format":"standard","meta":{"footnotes":""},"categories":[274],"tags":[91403,168,25,24,23,167,327,326],"class_list":["post-431453","post","type-post","status-publish","format-standard","has-post-thumbnail","category-tenis","tag-daniel-merida","tag-deportes","tag-es","tag-espana","tag-spain","tag-sports","tag-tenis","tag-tennis"],"share_on_mastodon":{"url":"https:\/\/pubeurope.com\/@es\/116179996825817071","error":""},"_links":{"self":[{"href":"https:\/\/www.europesays.com\/es\/wp-json\/wp\/v2\/posts\/431453","targetHints":{"allow":["GET"]}}],"collection":[{"href":"https:\/\/www.europesays.com\/es\/wp-json\/wp\/v2\/posts"}],"about":[{"href":"https:\/\/www.europesays.com\/es\/wp-json\/wp\/v2\/types\/post"}],"author":[{"embeddable":true,"href":"https:\/\/www.europesays.com\/es\/wp-json\/wp\/v2\/users\/2"}],"replies":[{"embeddable":true,"href":"https:\/\/www.europesays.com\/es\/wp-json\/wp\/v2\/comments?post=431453"}],"version-history":[{"count":0,"href":"https:\/\/www.europesays.com\/es\/wp-json\/wp\/v2\/posts\/431453\/revisions"}],"wp:featuredmedia":[{"embeddable":true,"href":"https:\/\/www.europesays.com\/es\/wp-json\/wp\/v2\/media\/431454"}],"wp:attachment":[{"href":"https:\/\/www.europesays.com\/es\/wp-json\/wp\/v2\/media?parent=431453"}],"wp:term":[{"taxonomy":"category","embeddable":true,"href":"https:\/\/www.europesays.com\/es\/wp-json\/wp\/v2\/categories?post=431453"},{"taxonomy":"post_tag","embeddable":true,"href":"https:\/\/www.europesays.com\/es\/wp-json\/wp\/v2\/tags?post=431453"}],"curies":[{"name":"wp","href":"https:\/\/api.w.org\/{rel}","templated":true}]}}