{"id":431501,"date":"2026-03-06T03:37:14","date_gmt":"2026-03-06T03:37:14","guid":{"rendered":"https:\/\/www.europesays.com\/es\/431501\/"},"modified":"2026-03-06T03:37:14","modified_gmt":"2026-03-06T03:37:14","slug":"el-gas-se-situa-en-niveles-a-los-que-se-aplicaba-la-excepcion-iberica-para-bajar-la-luz","status":"publish","type":"post","link":"https:\/\/www.europesays.com\/es\/431501\/","title":{"rendered":"El gas se sit\u00faa en niveles a los que se aplicaba la excepci\u00f3n Ib\u00e9rica para bajar la luz"},"content":{"rendered":"<p style=\"\">El pasado fin de semana <strong>Donald Trump<\/strong>, junto al ej\u00e9rcito de Israel, activ\u00f3 el bot\u00f3n militar e inici\u00f3 una serie de hostilidades contra Ir\u00e1n. Acto seguido hubo respuesta armada, se inici\u00f3 el bloqueo del estrecho de Ormuz, y la siguiente imagen en esta secuencia \u2013 &#8230; como suele ser habitual\u2013 es el consumidor pagando m\u00e1s en sus facturas energ\u00e9ticas. Por el momento no hay paraca\u00eddas como s\u00ed hubo en la crisis provocada por la guerra de Ucrania. De hecho, ante los precios actuales ya se activ\u00f3 en su momento la &#8216;excepci\u00f3n ib\u00e9rica&#8217;.<\/p>\n<p class=\"v-d-p\" style=\"\">Desde el \u00e1mbito pol\u00edtico y el sector energ\u00e9tico, por el momento, tienen una respuesta unificada: ahora no estamos en el escenario de los d\u00edas posteriores a Ucrania. Pero eso no ha sido impedimento para que el precio del gas del \u00edndice TTF haya pasado de los 32 \u20ac\/MWh a superar los 50 euros en menos de cinco d\u00edas. Y esto se ha trasladado de manera directa sobre el mercado mayorista de la electricidad.<\/p>\n<p class=\"v-d-p\" style=\"\">El pasado 1 de marzo el precio del \u2018pool\u2019 era de 15 \u20ac\/ MWh, apenas cinco d\u00edas despu\u00e9s se ha situado en los 90 euros. Incluso, ayer, que baj\u00f3 a los 63 \u20ac\/MWh, duplica el precio del d\u00eda con mayor coste de febrero cuando el gas natural estaba por debajo de los 30 euros. Es decir, vuelve a quedar demostrado la incidencia del gas en el mercado el\u00e9ctrico. Una situaci\u00f3n que lleva coleando cuatro a\u00f1os y que nadie ha sabido resolver.<\/p>\n<ul class=\"v-cmp-rld__u\">\n<li class=\"v-cmp-rld__l\">\n<p><a class=\"v-a-lnk\" href=\"http:\/\/www.abc.es\/economia\/ormuz-colapso-cierre-prolongado-elevaria-factura-energetica-20260304041013-nt.html#vtm_modulosEngag=noticiasrelacionadas-cmp-uno:economia:noticia:1\" title=\"El cierre largo de Ormuz elevar\u00eda la luz y la inflaci\u00f3n\" data-voc-vtm-id=\"in-text-traffic\" rel=\"nofollow noopener\" target=\"_blank\"><br \/>\n<img decoding=\"async\" loading=\"lazy\" src=\"https:\/\/www.europesays.com\/es\/wp-content\/uploads\/2026\/03\/000000AFP__20260301__99GA3KE__v1__HighRes__OmanIranUsIsraelConflict-U71454880052Iil-366x256@diario_a.jpeg\" class=\"v-a-img\" width=\"258\" height=\"180\" alt=\"El cierre largo de Ormuz elevar\u00eda la luz y la inflaci\u00f3n\"\/><br \/>\n<\/a><\/p>\n<\/li>\n<\/ul>\n<p class=\"v-d-p\" style=\"\">Esto supone un problema, y marca un indicador de precio. La &#8216;excepci\u00f3n ib\u00e9rica&#8217;, en sus primeros compases en 2022, fijaba en <strong>40 \u20ac\/MWh<\/strong> el gas el momento en que se limitaba el tope que marcaba el precio del \u2018pool\u2019 cuando entraba en acci\u00f3n esta tecnolog\u00eda. Por el momento, el Ministerio para la Transici\u00f3n Ecol\u00f3gica est\u00e1 monitorizando la situaci\u00f3n, pero sin tomar ninguna decisi\u00f3n al respecto. Por su parte en el sector el\u00e9ctrico, las comercializadoras aguardan la evoluci\u00f3n de precios y c\u00f3mo puede impactar a sus clientes. <\/p>\n<p><img decoding=\"async\" id=\"g-precios-electricidad-y-gas-marzo-size-S-img\" class=\"g-precios-electricidad-y-gas-marzo-size-S-img g-aiImg\" alt=\"\" src=\"https:\/\/www.europesays.com\/es\/wp-content\/uploads\/2026\/03\/precios-electricidad-y-gas-marzo-size-S.png\"\/><\/p>\n<p class=\"g-pstyle0\">Precios de la electricidad<\/p>\n<p class=\"g-pstyle0\">y del gas en marzo<\/p>\n<p class=\"g-pstyle2\">Precio mayorista del mercado <\/p>\n<p class=\"g-pstyle2\">el\u00e9ctrico en Espa\u00f1a<\/p>\n<p class=\"g-pstyle3\">Precio del gas en el \u00edndice TTF<\/p>\n<p class=\"g-pstyle9\">Fuente: Investing y OMIE \/ ABC<\/p>\n<p><img decoding=\"async\" id=\"g-precios-electricidad-y-gas-marzo-size-M-img\" class=\"g-precios-electricidad-y-gas-marzo-size-M-img g-aiImg\" alt=\"\" src=\"https:\/\/www.europesays.com\/es\/wp-content\/uploads\/2026\/03\/precios-electricidad-y-gas-marzo-size-M.png\"\/><\/p>\n<p class=\"g-pstyle0\">Precios de la electricidad y del gas en marzo<\/p>\n<p class=\"g-pstyle2\">Precio mayorista del mercado el\u00e9ctrico en Espa\u00f1a<\/p>\n<p class=\"g-pstyle3\">Precio del gas en el \u00edndice TTF<\/p>\n<p class=\"g-pstyle10\">Fuente: Investing y OMIE \/ ABC<\/p>\n<p class=\"v-d-p\" style=\"\">La pregunta que surge en mitad de esta crisis es por qu\u00e9 no se han puesto medidas concretas para que el mercado el\u00e9ctrico, sumiso del modelo marginalista, no dependa tanto del gas. La pelea ha sido intensa, y cada cual defiende sus intereses \u2013con sus argumentos\u2013.<\/p>\n<p>\nBruselas contra las empresas\n<\/p>\n<p class=\"v-d-p\" style=\"\">El debate sobre el mercado el\u00e9ctrico, el impacto del gas y los potenciales cambios han pillado en mitad del conflicto b\u00e9lico de Oriente Pr\u00f3ximo, y con una crisis energ\u00e9tica en ciernes.<\/p>\n<p class=\"v-d-p\" style=\"\">La presidenta de la Comisi\u00f3n Europea, <strong>Ursula von der Leyen<\/strong>, ha manifestado que est\u00e1n abiertos a revisar el sistema marginalista y provocar que el gas tenga menos impacto a la hora de generar el \u2018pool\u2019 el\u00e9ctrico. Pero esto ha recibido una enmienda por parte de las empresas.<\/p>\n<p class=\"v-d-p\" style=\"\">Eurelectric, la asociaci\u00f3n que agrupa a la industria el\u00e9ctrica europea, ha reclamado a la Uni\u00f3n Europea que proteja el actual dise\u00f1o del sistema de precios marginales en el mercado el\u00e9ctrico comunitario y que preserve un marco regulatorio estable.<\/p>\n<p class=\"v-d-p\" style=\"\">En una carta remitida a los jefes de Estado y de Gobierno de la UE, la presidencia de Eurelectric alerta de que reabrir la reforma del mercado aprobada recientemente \u00abpondr\u00eda en riesgo las inversiones masivas necesarias para ofrecer electricidad asequible, segura y descarbonizada\u00bb.<\/p>\n<p class=\"v-a-t\">\nLas empresas estiman que no es necesario cambiar el actual sistema marginalista\n<\/p>\n<p class=\"v-d-p\" style=\"\">El debate se ha calentado porque esta situaci\u00f3n se iba a tratar en el pr\u00f3ximo <strong>Consejo Europeo de los d\u00edas 19 y 20 de marzo<\/strong>. Ahora, con el precio del gas disparado, y sin saber c\u00f3mo de largo ser\u00e1 el conflicto militar, y las implicaciones que puede tener, las discrepancias se acent\u00faan. As\u00ed, la organizaci\u00f3n sectorial europea, en la que est\u00e1 integrada la espa\u00f1ola Aelec \u2013que agrupa a compa\u00f1\u00edas como Iberdrola, Endesa o EDP\u2013, recuerda que, en un escenario en el que se prev\u00e9 que el sector el\u00e9ctrico movilice m\u00e1s de 5,6 billones de euros hasta 2050 en nueva capacidad de generaci\u00f3n y redes, \u00abreabrir un debate recientemente cerrado desincentivar\u00eda las inversiones necesarias para garantizar electricidad limpia, segura y asequible\u00bb.<\/p>\n<p class=\"v-d-p\" style=\"\">En este marco, la presidencia de Eurelectric insiste en que los precios marginales contin\u00faan siendo \u00abel mecanismo m\u00e1s eficiente y s\u00f3lido para garantizar un despacho rentable, se\u00f1ales de precios transparentes e incentivos eficaces a la inversi\u00f3n\u00bb.<\/p>\n<p>\nQu\u00e9 est\u00e1 pasando con el gas\n<\/p>\n<p class=\"v-d-p\" style=\"\">El problema del gas, seg\u00fan explica el gestor de Multi Asset &amp; Overlay en Edmond de Rothschild AM, Nabil Milali, es que esta materia primera sube mucho m\u00e1s que el precio del petr\u00f3leo estos d\u00edas con el ataque a Ir\u00e1n. Esto se debe principalmente, explica, a la decisi\u00f3n de QatarEnergy de detener su producci\u00f3n de GNL despu\u00e9s de haber sufrido varios ataques de Ir\u00e1n en los \u00faltimos d\u00edas. <\/p>\n<p class=\"v-d-p\" style=\"\">Qatar es el segundo mayor productor mundial, solo por detr\u00e1s de Estados Unidos, y representa casi el 20% de la oferta global. La decisi\u00f3n llega en un momento en el que los <strong>almacenes europeos<\/strong> de gas est\u00e1n en niveles relativamente bajos. La medida de Qatar es, sin duda, un intento de Doha de hacer comprender al mundo la magnitud del riesgo que supone el conflicto actual y de presionar a sus socios europeos y asi\u00e1ticos para que obliguen a Donald Trump a poner fin al conflicto r\u00e1pidamente, aclara el experto. Por otro lado, los precios del petr\u00f3leo tambi\u00e9n han subido de forma significativa, pero sin alcanzar niveles insostenibles. El mercado no anticipa un cierre prolongado del estrecho de Ormuz, y adem\u00e1s sigue bien abastecido gracias al petr\u00f3leo de esquisto estadounidense y a la producci\u00f3n de pa\u00edses fuera de la OPEP.<\/p>\n<p class=\"v-a-t\">\nLa duraci\u00f3n del conflicto b\u00e9lico marcar\u00e1 la clave de las subidas de las materias primas\n<\/p>\n<p class=\"v-d-p\" style=\"\">Las <strong>reservas de gas<\/strong> se sit\u00faan actualmente en torno al 30% de media en Europa, un nivel muy bajo en comparaci\u00f3n con los \u00faltimos a\u00f1os. Esto se debe a la decisi\u00f3n de la Comisi\u00f3n Europea de dejar de exigir a los pa\u00edses que llenen sus reservas hasta su capacidad m\u00e1xima antes del inicio del invierno. Adem\u00e1s, el invierno ha sido relativamente m\u00e1s fr\u00edo que la media hist\u00f3rica, lo que ha obligado a Europa a recurrir m\u00e1s intensamente a sus reservas. El riesgo ahora es que el conflicto se prolongue durante los pr\u00f3ximos meses, incluido el verano, cuando Europa necesitar\u00e1 reponer sus reservas y podr\u00eda encontrarse compitiendo ferozmente con los compradores asi\u00e1ticos.<\/p>\n<p class=\"v-d-p\" style=\"\">Un cierre prolongado del estrecho de Ormuz ser\u00eda \u00abcatastr\u00f3fico\u00bb para el suministro de GNL, dada la importancia de Qatar en la oferta global. \u2018De facto\u2019, el estrecho ya est\u00e1 pr\u00e1cticamente cerrado, no tanto por los ataques militares en s\u00ed, sino por el fuerte aumento de las primas de seguros e incluso por la negativa de algunas aseguradoras a cubrir cualquier buque que navegue por la zona.<\/p>\n<p class=\"v-d-p\" style=\"\">Lo bueno, estima el experto, es que \u00abno creemos que estemos encamin\u00e1ndonos hacia una crisis tan grave como la que sigui\u00f3 a la guerra de Ucrania, ya que el mercado est\u00e1 ahora mejor abastecido\u00bb.<\/p>\n","protected":false},"excerpt":{"rendered":"El pasado fin de semana Donald Trump, junto al ej\u00e9rcito de Israel, activ\u00f3 el bot\u00f3n militar e inici\u00f3&hellip;\n","protected":false},"author":2,"featured_media":431502,"comment_status":"","ping_status":"","sticky":false,"template":"","format":"standard","meta":{"footnotes":""},"categories":[80],"tags":[91407,18347,82,95,94,25,24,10044,4180,15867,1875,23521,3587,23],"class_list":["post-431501","post","type-post","status-publish","format-standard","has-post-thumbnail","category-economia","tag-aplicaba","tag-bajar","tag-business","tag-economia","tag-economy","tag-es","tag-espana","tag-excepcion","tag-gas","tag-iberica","tag-luz","tag-niveles","tag-situa","tag-spain"],"share_on_mastodon":{"url":"https:\/\/pubeurope.com\/@es\/116180146553854257","error":""},"_links":{"self":[{"href":"https:\/\/www.europesays.com\/es\/wp-json\/wp\/v2\/posts\/431501","targetHints":{"allow":["GET"]}}],"collection":[{"href":"https:\/\/www.europesays.com\/es\/wp-json\/wp\/v2\/posts"}],"about":[{"href":"https:\/\/www.europesays.com\/es\/wp-json\/wp\/v2\/types\/post"}],"author":[{"embeddable":true,"href":"https:\/\/www.europesays.com\/es\/wp-json\/wp\/v2\/users\/2"}],"replies":[{"embeddable":true,"href":"https:\/\/www.europesays.com\/es\/wp-json\/wp\/v2\/comments?post=431501"}],"version-history":[{"count":0,"href":"https:\/\/www.europesays.com\/es\/wp-json\/wp\/v2\/posts\/431501\/revisions"}],"wp:featuredmedia":[{"embeddable":true,"href":"https:\/\/www.europesays.com\/es\/wp-json\/wp\/v2\/media\/431502"}],"wp:attachment":[{"href":"https:\/\/www.europesays.com\/es\/wp-json\/wp\/v2\/media?parent=431501"}],"wp:term":[{"taxonomy":"category","embeddable":true,"href":"https:\/\/www.europesays.com\/es\/wp-json\/wp\/v2\/categories?post=431501"},{"taxonomy":"post_tag","embeddable":true,"href":"https:\/\/www.europesays.com\/es\/wp-json\/wp\/v2\/tags?post=431501"}],"curies":[{"name":"wp","href":"https:\/\/api.w.org\/{rel}","templated":true}]}}