{"id":43211,"date":"2025-08-12T19:45:11","date_gmt":"2025-08-12T19:45:11","guid":{"rendered":"https:\/\/www.europesays.com\/es\/43211\/"},"modified":"2025-08-12T19:45:11","modified_gmt":"2025-08-12T19:45:11","slug":"victoria-federica-y-bertin-osborne-entre-los-invitados-al-nuevo-programa-presentado-por-joaquin-sanchez-y-susana-saborido","status":"publish","type":"post","link":"https:\/\/www.europesays.com\/es\/43211\/","title":{"rendered":"Victoria Federica y Bert\u00edn Osborne, entre los invitados al nuevo programa presentado por Joaqu\u00edn S\u00e1nchez y Susana Saborido"},"content":{"rendered":"<p class=\"c-paragraph\"><a href=\"https:\/\/www.20minutos.es\/tags\/instituciones-empresas\/antena-3.html\" title=\"Antena 3\" rel=\"nofollow noopener\" target=\"_blank\">Antena 3<\/a> ya est\u00e1 promocionando las apuestas de su pr\u00f3xima temporada, que dar\u00e1 comienzo dentro de poco m\u00e1s de un mes. Entre ellas, se encuentra <b>Emparejados, el programa presentado por <a href=\"https:\/\/www.20minutos.es\/tags\/deportes\/joaquin-sanchez.html\" title=\"Joaqu\u00edn S\u00e1nchez\" rel=\"nofollow noopener\" target=\"_blank\">Joaqu\u00edn S\u00e1nchez<\/a> y <a href=\"https:\/\/www.20minutos.es\/tags\/personas\/susana-saborido.html\" title=\"Susana Saborido\" rel=\"nofollow noopener\" target=\"_blank\">Susana Saborido<\/a><\/b> que llegar\u00e1 a la peque\u00f1a pantalla \u00abmuy pronto\u00bb.<\/p>\n<p class=\"c-paragraph\">En los breves anuncios que se han podido ver en la televisi\u00f3n, se han desvelado<b> algunos de los invitados que se someter\u00e1n a las preguntas de la pareja<\/b>.<a href=\"https:\/\/www.20minutos.es\/tags\/personas\/loles-leon.html\" title=\"Loles Le\u00f3n\" rel=\"nofollow noopener\" target=\"_blank\"> Loles Le\u00f3n<\/a>, <a href=\"https:\/\/www.20minutos.es\/tags\/personas\/bibiana-fernandez.html\" title=\"Bibiana Fern\u00e1ndez\" rel=\"nofollow noopener\" target=\"_blank\">Bibiana Fern\u00e1ndez<\/a>, Carmen Morales, <a href=\"https:\/\/www.20minutos.es\/tags\/personas\/shaila-durcal.html\" title=\"Shaila D\u00farcal\" rel=\"nofollow noopener\" target=\"_blank\">Shaila D\u00farcal<\/a>, Jos\u00e9 Corbacho, <a href=\"https:\/\/www.20minutos.es\/tags\/personas\/paz-padilla.html\" title=\"Paz Padilla\" rel=\"nofollow noopener\" target=\"_blank\">Paz Padilla<\/a>, <a href=\"https:\/\/www.20minutos.es\/tags\/personas\/manuel-diaz-el-cordobes.html\" title=\"Manuel D\u00edaz &#039;El Cordob\u00e9s&#039;\" rel=\"nofollow noopener\" target=\"_blank\">Manuel D\u00edaz &#8216;El Cordob\u00e9s&#8217;<\/a>, Virginia Troconis&#8230; son solo algunos de los que estar\u00e1n en este nuevo programa.<\/p>\n<p class=\"c-paragraph\">Pero los que m\u00e1s han llamado la atenci\u00f3n son <a href=\"https:\/\/www.20minutos.es\/tags\/personas\/victoria-federica.html\" title=\"Victoria Federica\" rel=\"nofollow noopener\" target=\"_blank\">Victoria Federica<\/a> de Marichalar, que <b>visitar\u00e1 al matrimonio junto a su amiga<\/b>, la influencer Rocio Laff\u00f3n, y <a href=\"https:\/\/www.20minutos.es\/tags\/personas\/bertin-osborne.html\" title=\"Bert\u00edn Osborne\" rel=\"nofollow noopener\" target=\"_blank\">Bert\u00edn Osborne<\/a>, que acudir\u00e1 al programa con su hija, Alejandra Ortiz.<\/p>\n<p class=\"c-paragraph\">Laff\u00f3n ha revolucionado las redes sociales <b>al asegurar que \u00abarde Troya\u00bb si revela qui\u00e9n es la persona m\u00e1s famosa que ha intentado ligar con ella<\/b>, y la hija de Osborne ha dejado sin palabras a su padre al revelar que se ha sentido atra\u00edda del padre de alguna amiga.<\/p>\n<p class=\"c-paragraph\">Adem\u00e1s, el presentador de Mi casa es la tuya y Ortiz<b> han protagonizado un momento muy emotivo<\/b> en Emparejados\u00a0que la cadena ha utilizado para cebar el programa.<\/p>\n","protected":false},"excerpt":{"rendered":"Antena 3 ya est\u00e1 promocionando las apuestas de su pr\u00f3xima temporada, que dar\u00e1 comienzo dentro de poco m\u00e1s&hellip;\n","protected":false},"author":2,"featured_media":43212,"comment_status":"","ping_status":"","sticky":false,"template":"","format":"standard","meta":{"footnotes":""},"categories":[171],"tags":[146,147,25,24,256,3551,1875,2145,19791,23,214],"class_list":{"0":"post-43211","1":"post","2":"type-post","3":"status-publish","4":"format-standard","5":"has-post-thumbnail","7":"category-tv","8":"tag-entertainment","9":"tag-entretenimiento","10":"tag-es","11":"tag-espana","12":"tag-famosos","13":"tag-invitados","14":"tag-luz","15":"tag-programa","16":"tag-salen","17":"tag-spain","18":"tag-tv"},"share_on_mastodon":{"url":"","error":""},"_links":{"self":[{"href":"https:\/\/www.europesays.com\/es\/wp-json\/wp\/v2\/posts\/43211","targetHints":{"allow":["GET"]}}],"collection":[{"href":"https:\/\/www.europesays.com\/es\/wp-json\/wp\/v2\/posts"}],"about":[{"href":"https:\/\/www.europesays.com\/es\/wp-json\/wp\/v2\/types\/post"}],"author":[{"embeddable":true,"href":"https:\/\/www.europesays.com\/es\/wp-json\/wp\/v2\/users\/2"}],"replies":[{"embeddable":true,"href":"https:\/\/www.europesays.com\/es\/wp-json\/wp\/v2\/comments?post=43211"}],"version-history":[{"count":0,"href":"https:\/\/www.europesays.com\/es\/wp-json\/wp\/v2\/posts\/43211\/revisions"}],"wp:featuredmedia":[{"embeddable":true,"href":"https:\/\/www.europesays.com\/es\/wp-json\/wp\/v2\/media\/43212"}],"wp:attachment":[{"href":"https:\/\/www.europesays.com\/es\/wp-json\/wp\/v2\/media?parent=43211"}],"wp:term":[{"taxonomy":"category","embeddable":true,"href":"https:\/\/www.europesays.com\/es\/wp-json\/wp\/v2\/categories?post=43211"},{"taxonomy":"post_tag","embeddable":true,"href":"https:\/\/www.europesays.com\/es\/wp-json\/wp\/v2\/tags?post=43211"}],"curies":[{"name":"wp","href":"https:\/\/api.w.org\/{rel}","templated":true}]}}