{"id":43213,"date":"2025-08-12T19:46:12","date_gmt":"2025-08-12T19:46:12","guid":{"rendered":"https:\/\/www.europesays.com\/es\/43213\/"},"modified":"2025-08-12T19:46:12","modified_gmt":"2025-08-12T19:46:12","slug":"el-sotano-la-otra-cara-del-verano","status":"publish","type":"post","link":"https:\/\/www.europesays.com\/es\/43213\/","title":{"rendered":"El s\u00f3tano &#8211; La otra cara del verano"},"content":{"rendered":"<p>Observamos el verano desde varios \u00e1ngulos distintos al habitual. Una selecci\u00f3n refrescante y ecl\u00e9ctica para se\u00f1alar otras perspectivas vitales y sonoras.<\/p>\n<p>Playlist;<\/p>\n<p>THE STRANGLERS \u201cSummer in the city\u201d<\/p>\n<p>THE NEATBEATS \u201cTurning up\u201d<\/p>\n<p>CONCHITA VELASCO \u201cCalor\u201d<\/p>\n<p>SLY and THE FAMILY STONE \u201cHot fun in the summertime\u201d<\/p>\n<p>ELVIS COSTELLO \u201cThe other side of summer\u201d<\/p>\n<p>HELEN LOVE \u201cSummer pop radio\u201d<\/p>\n<p>SHONEN KNIFE \u201cSummertime boogie\u201d<\/p>\n<p>LAS KASETTES \u201cVerano en la azotea\u201d<\/p>\n<p>LOS BICHOS \u201cVerano muerto\u201d<\/p>\n<p>SILVIO y LUZBEL \u201cLa playa\u201d<\/p>\n<p>KIM FOWLEY \u201cSummertime frog\u201d<\/p>\n<p>PETER PERRETT \u201cHow the West was won\u201d<\/p>\n<p>THE BROTHERS FOUR \u201cThe green leaves of summer\u201d<\/p>\n<p>NEW YORK DOLLS \u201cEnd of the summer\u201d<\/p>\n<p>SKATALITES and LAUREL AITKEN \u201cSummertime in the guetto\u201d<\/p>\n<p>PELOMONO \u201cFr\u00edo verano\u201d<\/p>\n<p>BESTIA BEB\u00c9 \u201cLa mentira del verano\u201d<\/p>\n","protected":false},"excerpt":{"rendered":"Observamos el verano desde varios \u00e1ngulos distintos al habitual. Una selecci\u00f3n refrescante y ecl\u00e9ctica para se\u00f1alar otras perspectivas&hellip;\n","protected":false},"author":2,"featured_media":43214,"comment_status":"","ping_status":"","sticky":false,"template":"","format":"standard","meta":{"footnotes":""},"categories":[170],"tags":[10860,146,147,25,24,20377,184,185,133,1448,1986,1987,23],"class_list":{"0":"post-43213","1":"post","2":"type-post","3":"status-publish","4":"format-standard","5":"has-post-thumbnail","7":"category-musica","8":"tag-el-sotano","9":"tag-entertainment","10":"tag-entretenimiento","11":"tag-es","12":"tag-espana","13":"tag-la-otra-cara-del-verano","14":"tag-music","15":"tag-musica","16":"tag-online","17":"tag-radio","18":"tag-rne","19":"tag-rtve-play","20":"tag-spain"},"share_on_mastodon":{"url":"","error":""},"_links":{"self":[{"href":"https:\/\/www.europesays.com\/es\/wp-json\/wp\/v2\/posts\/43213","targetHints":{"allow":["GET"]}}],"collection":[{"href":"https:\/\/www.europesays.com\/es\/wp-json\/wp\/v2\/posts"}],"about":[{"href":"https:\/\/www.europesays.com\/es\/wp-json\/wp\/v2\/types\/post"}],"author":[{"embeddable":true,"href":"https:\/\/www.europesays.com\/es\/wp-json\/wp\/v2\/users\/2"}],"replies":[{"embeddable":true,"href":"https:\/\/www.europesays.com\/es\/wp-json\/wp\/v2\/comments?post=43213"}],"version-history":[{"count":0,"href":"https:\/\/www.europesays.com\/es\/wp-json\/wp\/v2\/posts\/43213\/revisions"}],"wp:featuredmedia":[{"embeddable":true,"href":"https:\/\/www.europesays.com\/es\/wp-json\/wp\/v2\/media\/43214"}],"wp:attachment":[{"href":"https:\/\/www.europesays.com\/es\/wp-json\/wp\/v2\/media?parent=43213"}],"wp:term":[{"taxonomy":"category","embeddable":true,"href":"https:\/\/www.europesays.com\/es\/wp-json\/wp\/v2\/categories?post=43213"},{"taxonomy":"post_tag","embeddable":true,"href":"https:\/\/www.europesays.com\/es\/wp-json\/wp\/v2\/tags?post=43213"}],"curies":[{"name":"wp","href":"https:\/\/api.w.org\/{rel}","templated":true}]}}