{"id":43217,"date":"2025-08-12T19:48:08","date_gmt":"2025-08-12T19:48:08","guid":{"rendered":"https:\/\/www.europesays.com\/es\/43217\/"},"modified":"2025-08-12T19:48:08","modified_gmt":"2025-08-12T19:48:08","slug":"cristiano-se-compromete-con-georgina-dolores-elma-y-katia-las-otras-mujeres-de-la-vida-del-futbolista-el-mundo","status":"publish","type":"post","link":"https:\/\/www.europesays.com\/es\/43217\/","title":{"rendered":"Cristiano se compromete con Georgina: Dolores, Elma y Katia, las otras mujeres de la vida del futbolista &#8211; El Mundo"},"content":{"rendered":"<ol>\n<li><a href=\"https:\/\/news.google.com\/rss\/articles\/CBMigAFBVV95cUxNVS0yNkI4d0gzZzZpTGNYRjgzS3NhM2k0OTgyTkl6cEoyZlJkQzh0UmVSeHpPOEV1d3hERVZKQ0JwbF9paXpPMTRNNXdOb1dCd2pnS0l4amJ4bGNfWmo5SVI3aTFFdmxoTkZldk0yMVg2UnY1QjVjcEdic3FWdW01TtIBgAFBVV95cUxNT3VBbUQ3Wnhra3R0NnkzcVFfZEVLdlhHNkRWN0tVZVNzZlZUQklMd1NWTmpiV1UybnFtNFBKMW5JN0NrdzU3cEVGT3RfbjRYazhzcEFLLXJnbEVETnBDeWdqQi1TNUNJdUlhZThZeGtpOFoxX0doV3g3QjZwUjlBOQ?oc=5\" target=\"_blank\" rel=\"nofollow noopener\">Cristiano se compromete con Georgina: Dolores, Elma y Katia, las otras mujeres de la vida del futbolista<\/a>&nbsp;&nbsp;El Mundo<\/li>\n<li><a href=\"https:\/\/news.google.com\/rss\/articles\/CBMikAJBVV95cUxQb01DUE9xQmw4dVFmZkp1Ylc5eTRlTzFZQnpUa2JjTjUtemM1T1NpYWNkNk5hbC1ramprdUxFX3VQTnRrRzNNN2R1ZFpnX0F0NWZ5UDc1ZGwyODR6X0lLQzk3ZWVCSzhYUFdFNkVLMzRMWktmVUlDLWZob2dnYmVKcHMyejgyX29vVTduc3JXSXliRmE1dXFidm9pbjRJQU14ZlNRcjh6UmE2VFlJZm5LeEUta3dTRFhPTkFfQVVndDBMVVB6bkl4bVI5clM3VTBWTzRPWXhNZHhsUHpxTWVJbG12dUd2eTJkREk4aDd5M21rdnM3cTdPQmEyM0RRMlVwNHFFRWhpN0FBdU1RS2tYdg?oc=5\" target=\"_blank\" rel=\"nofollow noopener\">Dani Nicols, joyero: \u201cEl anillo de compromiso de Georgina Rodr\u00edguez es \u00fanico; un diamante as\u00ed, formado durante millones de a\u00f1os, solo aparece una vez cada medio siglo\u201d<\/a>&nbsp;&nbsp;La Vanguardia<\/li>\n<li><a href=\"https:\/\/news.google.com\/rss\/articles\/CBMi_wFBVV95cUxQdmpMaDBNclFDUGY3T0VNYW00bDZld2U5SEJCSXo2bEd6MnM0ZDFpWnhqWjdiOXBJeDVNNGJ1dkhhdlNzZVpKa2ktemdRR004ODFQWkprcjk1T1N2VXJzVUxycThydkpEdzhWSUR1N2NtSnRuRUNvU0tWclVFVE82RU1Rdk1DeS04LVV5N2E3SU00c1dEblVIS3FmVVJNMDlxU3pTU2lmX1ktVTV1Uy1xb2g0Qkg3bWEzeDFWUmZQSHlPbEdlcm5ZTjBDRlIwVXBiaV9YY25nOUJSUjliWmFKdTlSWUdXZ2hpMVEyMmZzMDJKR0MyaGc4SU1SbUJ1eGM?oc=5\" target=\"_blank\" rel=\"nofollow noopener\">Cristiano Ronaldo y Georgina Rodr\u00edguez anuncian su compromiso despu\u00e9s de nueve a\u00f1os juntos: \u201cS\u00ed quiero. En esta y en todas mis vidas\u201d<\/a>&nbsp;&nbsp;EL PA\u00cdS<\/li>\n<li><a href=\"https:\/\/news.google.com\/rss\/articles\/CBMiwwFBVV95cUxPajRaOS05UkhiOXp2UldrejUtalZVSGhUMmVOdTFsQ3N6UnloLURURWlMYU1oanhTUV9VZVlSNTJWSUhDMmRBY1g1REg1cng0a2hob2VWS2JxWG5hMEJIbTlua2pTOHFpazVtOHZSSmxlcVFfSFBnYUc2LWdVUnZ3NUpMOHZiVEFSQkhJWk01Vm40MXRIR1VVWkRMSkJDRXNYSjI2ckVIREs1T1RfR1hmaUNZbS1rOWItTkROWnJrQmxBdUXSAcgBQVVfeXFMTlMxSE0tYXRNdXRTQm16VWZGczA1dnA5VnM1cHFVR2YzM2ZMN0ZwbEtZX0FxRzNRWktnTU5YaXdCbmlQdzU1d1BtTkNZRWNRNXNDZGxFS0l3a2ZBcFdEREdXRVR3aWsyeVF4c0NBMlNsdllTY3NTUXJ0bnJpZ1dTaVBvWm9oWGwxRjdqd3ZqMjdSazJLbXFreUd4TlA0V3NLSllZUVdKV1c1NzlycWNUTTZ4NktOMm1mNExXSVcwVExYanlMb04zSDY?oc=5\" target=\"_blank\" rel=\"nofollow noopener\">De Georgina Rodr\u00edguez a Grace Kelly: cu\u00e1les son los anillos de compromiso m\u00e1s caros del mundo<\/a>&nbsp;&nbsp;Mujerhoy<\/li>\n<li><a href=\"https:\/\/news.google.com\/rss\/articles\/CBMi1AFBVV95cUxPMzUyR21lZTJHdHZnOHlUbW5QM1J0MVhPLWdvaTRXaFdOMEZ4bE4wUTdtVW9qS1pZODIybzNEVG9MaTFaWTdKNnBGQ1NQTzFpd1pNYWQ3aHIySXRqRDJtSDNXVFN5OHJXVjc2MWQzYmtjWFVSZlNNejh2Mzd3cW80R2lBdHVJbXNGOHlDNnU0UTlhR0xGOGRvRkwyb3JBQkNLcmRhdDVHTWZISWZrby1ZSC1lZFV4ZEIyaHFaempVZ2l3RlZmUE1JVE1ibVpsWC13alpjbQ?oc=5\" target=\"_blank\" rel=\"nofollow noopener\">Georgina Rodr\u00edguez y Cristiano Ronaldo, las fotos con las que \u00a1HOLA! descubri\u00f3 su relaci\u00f3n: en Disneyland Par\u00eds y con peluca<\/a>&nbsp;&nbsp;HOLA<\/li>\n<\/ol>\n","protected":false},"excerpt":{"rendered":"Cristiano se compromete con Georgina: Dolores, Elma y Katia, las otras mujeres de la vida del futbolista&nbsp;&nbsp;El Mundo&hellip;\n","protected":false},"author":2,"featured_media":43218,"comment_status":"","ping_status":"","sticky":false,"template":"","format":"standard","meta":{"footnotes":""},"categories":[93],"tags":[8432,168,25,24,5194,720,23,167],"class_list":{"0":"post-43217","1":"post","2":"type-post","3":"status-publish","4":"format-standard","5":"has-post-thumbnail","7":"category-deportes","8":"tag-cristiano-ronaldo","9":"tag-deportes","10":"tag-es","11":"tag-espana","12":"tag-georgina-rodriguez","13":"tag-loc-famosos","14":"tag-spain","15":"tag-sports"},"share_on_mastodon":{"url":"","error":""},"_links":{"self":[{"href":"https:\/\/www.europesays.com\/es\/wp-json\/wp\/v2\/posts\/43217","targetHints":{"allow":["GET"]}}],"collection":[{"href":"https:\/\/www.europesays.com\/es\/wp-json\/wp\/v2\/posts"}],"about":[{"href":"https:\/\/www.europesays.com\/es\/wp-json\/wp\/v2\/types\/post"}],"author":[{"embeddable":true,"href":"https:\/\/www.europesays.com\/es\/wp-json\/wp\/v2\/users\/2"}],"replies":[{"embeddable":true,"href":"https:\/\/www.europesays.com\/es\/wp-json\/wp\/v2\/comments?post=43217"}],"version-history":[{"count":0,"href":"https:\/\/www.europesays.com\/es\/wp-json\/wp\/v2\/posts\/43217\/revisions"}],"wp:featuredmedia":[{"embeddable":true,"href":"https:\/\/www.europesays.com\/es\/wp-json\/wp\/v2\/media\/43218"}],"wp:attachment":[{"href":"https:\/\/www.europesays.com\/es\/wp-json\/wp\/v2\/media?parent=43217"}],"wp:term":[{"taxonomy":"category","embeddable":true,"href":"https:\/\/www.europesays.com\/es\/wp-json\/wp\/v2\/categories?post=43217"},{"taxonomy":"post_tag","embeddable":true,"href":"https:\/\/www.europesays.com\/es\/wp-json\/wp\/v2\/tags?post=43217"}],"curies":[{"name":"wp","href":"https:\/\/api.w.org\/{rel}","templated":true}]}}